{"id":554,"date":"2017-07-07T08:34:13","date_gmt":"2017-07-07T12:34:13","guid":{"rendered":"http:\/\/sporek.com\/blog\/?p=554"},"modified":"2017-07-07T08:35:34","modified_gmt":"2017-07-07T12:35:34","slug":"donald-trump-przemowienie","status":"publish","type":"post","link":"https:\/\/sporek.com\/blog\/?p=554","title":{"rendered":"Donald Trump &#8211; Przem\u00f3wienie"},"content":{"rendered":"<p><strong style=\"font-weight: normal\"><\/p>\n<p id=\"docs-internal-guid-4a251e94-1d01-776c-acef-fe54ec62d058\" style=\"line-height: 1.38; margin-top: 0pt; margin-bottom: 0pt\" dir=\"ltr\"><span style=\"color: #000000; font-family: Verdana; font-size: 10pt; font-style: normal; font-variant: normal; font-weight: 400; text-decoration: none; vertical-align: baseline; background-color: transparent\">Najkr\u00f3tsz\u0105 recenzj\u0105 przem\u00f3wienia Prezydenta Stan\u00f3w Zjednoczonych w Warszawie, mo\u017ce by\u0107 ta jedna konkluzja: Przyjecha\u0142 do Polski przyw\u00f3dca obcego pa\u0144stwa i w ci\u0105gu kilkunastu minut powiedzia\u0142 to, czego przez osiem lat nie powiedzieli, a wr\u0119cz pr\u00f3bowali zaprzeczy\u0107, \u00a0rz\u0105dz\u0105cy Polsk\u0105 politycy PO i PSL. <!--more-->Donald Trump pokaza\u0142, \u017ce jest politykiem nietuzinkowym, o niezwykle silnej osobowo\u015bci, charyzmatyczny. Skupia w sobie umiej\u0119tno\u015b\u0107 okazania gniewu, z\u0142o\u015bci, a jednocze\u015bnie potrafi by\u0107 mi\u0142y, sympatyczny, wr\u0119cz ciep\u0142y. Dawno, \u017caden obcy polityki nie dotkn\u0105\u0142 tylu spraw zwi\u0105zanych z Polsk\u0105 i Polakami w jednym przem\u00f3wieniu, jak zrobi\u0142 to Trump. I nie czyta z kartki. Zanim rozpocz\u0105\u0142, ostentacyjnie zamkn\u0105\u0142 jaki\u015b skoroszyt, by\u0107 mo\u017ce z zapisanym przem\u00f3wieniem. Ma \u015bwietn\u0105 pami\u0119\u0107 i potrafi z jednej strony \u201cda\u0107 po g\u0119bie\u201d, a z drugiej pola\u0107 mi\u00f3d na serca s\u0142uchaczy. Jest autentyczny, prawdziwy. W kontek\u015bcie jego fantastycznego przem\u00f3wienia trudno jest uwierzy\u0107, jak debilne dyskusje tocz\u0105 si\u0119 w polskim parlamencie, jak idiotyczne przem\u00f3wienia wyg\u0142aszaj\u0105 pos\u0142owie uzurpuj\u0105cy sobie wysokie pozycje mentorskie w polskiej polityce. A tymczasem ich przem\u00f3wienia s\u0105 p\u0142ytkie, jak przydro\u017cny strumyk, za\u015b argumentacje niejednokrotnie, g\u0142upie, jak k\u0142\u00f3tnie przedszkolak\u00f3w.<\/span><\/p>\n<p><\/strong><strong style=\"font-weight: normal\"><\/p>\n<p style=\"line-height: 1.38; margin-top: 0pt; margin-bottom: 0pt\" dir=\"ltr\"><span style=\"color: #000000; font-family: Verdana; font-size: 10pt; font-style: normal; font-variant: normal; font-weight: 400; text-decoration: none; vertical-align: baseline; background-color: transparent\">We\u017amy takiego pos\u0142a Budk\u0119. Ja nie mam poj\u0119cia co mia\u0142 spowodowa\u0107 wyw\u00f3d o zbie\u017cno\u015bci (sic) nazwisk B\u0142aszczykowski i B\u0142aszczak, a ju\u017c zupe\u0142nie nie poj\u0105\u0142em literowania nazwiska ministra spraw wewn\u0119trznych. I to by\u0142 niegdy\u015b minister sprawiedliwo\u015bci. Tu si\u0119 akurat nie dziwi\u0119, bo intelekt pos\u0142\u00f3w platformerskich jest zastraszaj\u0105co ni\u017cszy od tego, jak kreuj\u0105 ich sympatyzuj\u0105ce z PO media. R\u00f3wnie dobrze mo\u017cna przeliterowa\u0107 <\/span><\/p>\n<p style=\"line-height: 1.38; margin-top: 0pt; margin-bottom: 0pt\" dir=\"ltr\"><span style=\"color: #000000; font-family: Verdana; font-size: 10pt; font-style: normal; font-variant: normal; font-weight: 400; text-decoration: none; vertical-align: baseline; background-color: transparent\"><\/span><span style=\"color: #000000; font-family: Verdana; font-size: 10pt; font-style: normal; font-variant: normal; font-weight: 700; text-decoration: none; vertical-align: baseline; background-color: transparent\">B. U. D. K. A.<\/span><span style=\"color: #000000; font-family: Verdana; font-size: 10pt; font-style: normal; font-variant: normal; font-weight: 400; text-decoration: none; vertical-align: baseline; background-color: transparent\"> \u00a0&#8211; <\/span><span style=\"color: #000000; font-family: Verdana; font-size: 10pt; font-style: normal; font-variant: normal; font-weight: 700; text-decoration: none; vertical-align: baseline; background-color: transparent\">B<\/span><span style=\"color: #000000; font-family: Verdana; font-size: 10pt; font-style: normal; font-variant: normal; font-weight: 400; text-decoration: none; vertical-align: baseline; background-color: transparent\">\u0119cwa\u0142 <\/span><span style=\"color: #000000; font-family: Verdana; font-size: 10pt; font-style: normal; font-variant: normal; font-weight: 700; text-decoration: none; vertical-align: baseline; background-color: transparent\">U<\/span><span style=\"color: #000000; font-family: Verdana; font-size: 10pt; font-style: normal; font-variant: normal; font-weight: 400; text-decoration: none; vertical-align: baseline; background-color: transparent\">parcie <\/span><span style=\"color: #000000; font-family: Verdana; font-size: 10pt; font-style: normal; font-variant: normal; font-weight: 700; text-decoration: none; vertical-align: baseline; background-color: transparent\">D<\/span><span style=\"color: #000000; font-family: Verdana; font-size: 10pt; font-style: normal; font-variant: normal; font-weight: 400; text-decoration: none; vertical-align: baseline; background-color: transparent\">estabilizuj\u0105cy<\/span><span style=\"color: #000000; font-family: Verdana; font-size: 10pt; font-style: normal; font-variant: normal; font-weight: 700; text-decoration: none; vertical-align: baseline; background-color: transparent\"> K<\/span><span style=\"color: #000000; font-family: Verdana; font-size: 10pt; font-style: normal; font-variant: normal; font-weight: 400; text-decoration: none; vertical-align: baseline; background-color: transparent\">onstruktywn\u0105 <\/span><span style=\"color: #000000; font-family: Verdana; font-size: 10pt; font-style: normal; font-variant: normal; font-weight: 700; text-decoration: none; vertical-align: baseline; background-color: transparent\">A<\/span><span style=\"color: #000000; font-family: Verdana; font-size: 10pt; font-style: normal; font-variant: normal; font-weight: 400; text-decoration: none; vertical-align: baseline; background-color: transparent\">rgumentacj\u0119.<\/span><\/p>\n<p style=\"line-height: 1.38; margin-top: 0pt; margin-bottom: 0pt\" dir=\"ltr\"><span style=\"color: #000000; font-family: Verdana; font-size: 10pt; font-style: normal; font-variant: normal; font-weight: 400; text-decoration: none; vertical-align: baseline; background-color: transparent\">Natomiast uzasadnienie wniosku o dymisj\u0119 ministra B\u0142aszczaka, to ju\u017c by\u0142 szczyt poselskiego debilizmu.. I ci ludzie bior\u0105 pot\u0119\u017cne kwoty za te swoje wypociny, dostaj\u0105 diety, s\u0105 nietykalni, maj\u0105 hotel sejmowy, darmowe przejazdy i niewiarygodne mo\u017cliwo\u015bci bogacenia si\u0119.<\/span><\/p>\n<p style=\"line-height: 1.38; margin-top: 0pt; margin-bottom: 0pt\" dir=\"ltr\"><span style=\"color: #000000; font-family: Verdana; font-size: 10pt; font-style: normal; font-variant: normal; font-weight: 400; text-decoration: none; vertical-align: baseline; background-color: transparent\">Bogacenie si\u0119, to osobny rozdzia\u0142 w karierach poselskich. Jak to si\u0119 dzieje, \u017ce ludzie m\u0142odzi, ledwo zostaj\u0105cy cz\u0142onkami polskiego parlamentu, po nied\u0142ugim czasie uczestniczenia w \u017cyiu politycznym RP maj\u0105 po kilka mieszka\u0144, dom\u00f3w, konta, \u00a0w kraju i poza nim, wymieniaj\u0105 samochody, jak r\u0119kawiczki. I co, &#8211; wszystko za poselskie 12 tysi\u0119cy, plus kilka tysi\u0119cy na biuro? <\/span><\/p>\n<p style=\"line-height: 1.38; margin-top: 0pt; margin-bottom: 0pt\" dir=\"ltr\"><span style=\"color: #000000; font-family: Verdana; font-size: 10pt; font-style: normal; font-variant: normal; font-weight: 400; text-decoration: none; vertical-align: baseline; background-color: transparent\">Na tle mizernych i, co tu du\u017co m\u00f3wi\u0107 infantylnych wypowiedzi Budki, Schetyny, Brejzy, genialnie wr\u0119cz zabrzmia\u0142o spokojne, ale jak\u017ce konstruktywne przem\u00f3wienie Premier Beaty Szyd\u0142o. Wypunktowa\u0142a Platform\u0119 i jej kacyk\u00f3w ksi\u0105\u017ckowo, wzorcowo. Nie pozostawi\u0142a na nich suchej nitki. Jeszcze raz potwierdzi\u0142o si\u0119, \u017ce, je\u015bli chcemy kogo\u015b krytykowa\u0107, sami powinni\u015bmy by\u0107 bez zarzutu. Argument, \u017ce na posterunku policji zgin\u0105\u0142 jeden cz\u0142owiek dosta\u0142 kontr\u0119 w postaci co najmniej pi\u0119ciu trup\u00f3w za kadencji Schetyny. Siedzia\u0142 te\u017c pose\u0142 Grzegorz, jak dzieciak w pierwszej \u0142awce, \u00a0a powinien siedzie\u0107 w ostatniej. Nie wiedzia\u0142em, czy mu si\u0119 chcia\u0142o sika\u0107, czy ma owsiki, czy, jakie\u015b inne paso\u017cyty. Wszystko, co dzieje si\u0119 w tej chwili w Polsce udowadnia i potwierdza jedn\u0105, niezwykle istotn\u0105 rzecz: dobrze si\u0119 sta\u0142o, \u017ce PO i PSL zosta\u0142y wyrzucone za burt\u0119, bo politycy tych partii nie mieli poj\u0119cia ani o polityce wewn\u0119trznej, ani o polityce zagranicznej. Czy kto\u015b mo\u017ce sobie wyobrazi\u0107 Komorowskiego rozmawiaj\u0105cego w cztery oczy z Trumpem? A co, z pierwszymi damami&#8230;?<\/span><\/p>\n<p style=\"line-height: 1.38; margin-top: 0pt; margin-bottom: 0pt\" dir=\"ltr\"><span style=\"color: #000000; font-family: Verdana; font-size: 10pt; font-style: normal; font-variant: normal; font-weight: 400; text-decoration: none; vertical-align: baseline; background-color: transparent\">No, i jeszcze jedna sprawa: Wa\u0142\u0119sa zosta\u0142 wygwizdany\u2026 Pewnie, \u017ce nie powinno tego by\u0107, ale trudno przewidzie\u0107 reakcj\u0119 grup spo\u0142ecznych, kiedy ryzykuje si\u0119 zaproszenie na tak\u0105 uroczysto\u015b\u0107 cz\u0142owieka, kt\u00f3ry sam (najbardziej sam, z w\u0142asnej winy, pychy \u00a0i g\u0142upoty) doprowadzi\u0142 do kompletnej utraty szacunku, do kompletnego zdezawuowania w\u0142asnej legendy. A mo\u017ce nie by\u0142oby gwizd\u00f3w, gdyby usiad\u0142 sam, a nie w towarzystwie, jakie sobie do tego siedzenia wybra\u0142, czym jeszcze raz udowodni\u0142, \u017ce w\u0142asn\u0105 legend\u0119 ma za nic?<\/span><\/p>\n<p style=\"line-height: 1.38; margin-top: 0pt; margin-bottom: 0pt\" dir=\"ltr\"><span style=\"color: #000000; font-family: Verdana; font-size: 10pt; font-style: normal; font-variant: normal; font-weight: 400; text-decoration: none; vertical-align: baseline; background-color: transparent\">Jaki\u015b \u201canalityk polityczny\u201d wpisa\u0142 pod moim postem, na FB, \u017ce \u201cgwizdali ci, dowiezieni autobusami\u201d. No i mamy autorytet, kt\u00f3ry tam by\u0142, widzia\u0142 te autobusy, widzia\u0142, kto z nich wysiada, widzia\u0142 i s\u0142ysza\u0142, jak gwizdali. Gratuluje umiej\u0119tno\u015bci bycia w dw\u00f3ch r\u00f3\u017cnych miejscach (na Maspeth, w N. Jorku i w Warszawie) jednocze\u015bnie. Tak w\u0142a\u015bnie rodz\u0105 si\u0119 \u201cfakenewsy\u201d &#8211; kolejne durnowato zapo\u017cyczone z angielskiego s\u0142owo, kt\u00f3rym politycy i dziennikarze chc\u0105 zast\u0105pi\u0107 polskie okre\u015blenie \u201cfa\u0142szywe informacje\u201d (podrobione, spreparowane, nieprawdziwe, sztuczne). A, czy\u017c to nasze nie brzmi lepiej, dosadniej? Oczywi\u015bcie, \u017ce tak. Musz\u0119 spr\u00f3bowa\u0107, czy, kt\u00f3ry\u015b z moich znajomych tubylc\u00f3w chcia\u0142by si\u0119 nauczy\u0107 m\u00f3wi\u0107 \u201cfa\u0142szywa informacja\u201d. Oczywi\u015bcie zamiast fake news.<\/span><\/p>\n<p style=\"line-height: 1.38; margin-top: 0pt; margin-bottom: 0pt\" dir=\"ltr\"><span style=\"color: #000000; font-family: Verdana; font-size: 10pt; font-style: normal; font-variant: normal; font-weight: 400; text-decoration: none; vertical-align: baseline; background-color: transparent\">Polakom proponuj\u0119, natomiast, aby zacz\u0119li m\u00f3wi\u0107 fake flowers (sztuczne kwiaty); fake man (fa\u0142szywy cz\u0142owiek). B\u0119dzie \u0142adniej. \u201cUbogacimy\u201d &#8211; c\u00f3\u017c za pi\u0119kne nowoslowie &#8211; j\u0119zyk ojczysty.<\/span><\/p>\n<p><\/strong><\/p>\n","protected":false},"excerpt":{"rendered":"<p>Najkr\u00f3tsz\u0105 recenzj\u0105 przem\u00f3wienia Prezydenta Stan\u00f3w Zjednoczonych w Warszawie, mo\u017ce by\u0107 ta jedna konkluzja: Przyjecha\u0142 do Polski przyw\u00f3dca obcego pa\u0144stwa i w ci\u0105gu kilkunastu minut powiedzia\u0142 to, czego przez osiem lat nie powiedzieli, a wr\u0119cz pr\u00f3bowali zaprzeczy\u0107, \u00a0rz\u0105dz\u0105cy Polsk\u0105 politycy PO i PSL.<\/p>\n","protected":false},"author":2,"featured_media":0,"comment_status":"open","ping_status":"open","sticky":false,"template":"","format":"standard","meta":[],"categories":[4],"tags":[],"_links":{"self":[{"href":"https:\/\/sporek.com\/blog\/index.php?rest_route=\/wp\/v2\/posts\/554"}],"collection":[{"href":"https:\/\/sporek.com\/blog\/index.php?rest_route=\/wp\/v2\/posts"}],"about":[{"href":"https:\/\/sporek.com\/blog\/index.php?rest_route=\/wp\/v2\/types\/post"}],"author":[{"embeddable":true,"href":"https:\/\/sporek.com\/blog\/index.php?rest_route=\/wp\/v2\/users\/2"}],"replies":[{"embeddable":true,"href":"https:\/\/sporek.com\/blog\/index.php?rest_route=%2Fwp%2Fv2%2Fcomments&post=554"}],"version-history":[{"count":0,"href":"https:\/\/sporek.com\/blog\/index.php?rest_route=\/wp\/v2\/posts\/554\/revisions"}],"wp:attachment":[{"href":"https:\/\/sporek.com\/blog\/index.php?rest_route=%2Fwp%2Fv2%2Fmedia&parent=554"}],"wp:term":[{"taxonomy":"category","embeddable":true,"href":"https:\/\/sporek.com\/blog\/index.php?rest_route=%2Fwp%2Fv2%2Fcategories&post=554"},{"taxonomy":"post_tag","embeddable":true,"href":"https:\/\/sporek.com\/blog\/index.php?rest_route=%2Fwp%2Fv2%2Ftags&post=554"}],"curies":[{"name":"wp","href":"https:\/\/api.w.org\/{rel}","templated":true}]}}