{"id":557,"date":"2017-10-02T18:30:25","date_gmt":"2017-10-02T22:30:25","guid":{"rendered":"http:\/\/sporek.com\/blog\/?p=557"},"modified":"2017-10-02T18:46:17","modified_gmt":"2017-10-02T22:46:17","slug":"list-otwarty-do-rady-dyrektorow","status":"publish","type":"post","link":"https:\/\/sporek.com\/blog\/?p=557","title":{"rendered":"LIST OTWARTY DO RADY DYREKTOR\u00d3W"},"content":{"rendered":"<p>LIST OTWARTY DO RADY DYREKTOR\u00d3W<br \/>\nPOLSKO-S\u0141OWIA\u0143SKIEJ FEDERALNEJ UNII KREDYTOWEJ<br \/>\nSzanowna Rado Dyrektor\u00f3w<br \/>\nZwracam si\u0119 z pro\u015bb\u0105 o wyja\u015bnienie zagadnie\u0144, kt\u00f3re streszczam poni\u017cej w kilku pytaniach.<!--more--> Sprawa dotyczy pieni\u0119dzy b\u0119d\u0105cych w\u0142asno\u015bci\u0105 Polonii oraz legalno\u015bci sk\u0142adu RD w \u015bwietle przepis\u00f3w o uniach kredytowych \u201eBy Laws\u201d:<br \/>\n1 \u2013 Czy prawd\u0105 jest, \u017ce zesp\u00f3\u0142 \u201eGolec uOrkiestra\u201d, otrzyma\u0142 siedemset tysi\u0119cy dolar\u00f3w? Pytam, poniewa\u017c wydatki na t\u0119 grup\u0119 nie s\u0105 opublikowane w sprawozdaniu rocznym.<br \/>\n2 \u2013 Ilu cz\u0142onk\u00f3w tego zespo\u0142u zosta\u0142o zaproszonych i, czy byli zaproszeni z rodzinami?<br \/>\n3 \u2013 Jakie by\u0142y koszty przelot\u00f3w z Polski, hoteli i utrzymania oraz transportu do Chicago, na Floryd\u0119 i z powrotem?<br \/>\n4 \u2013 Ile kosztowa\u0142o zdj\u0119cie Golc\u00f3w na platformie Unii Kredytowej podczas Parady Pu\u0142askiego?<br \/>\n5 \u2013 Ile koncert\u00f3w dla Polonii da\u0142 zesp\u00f3\u0142 i jaka ilo\u015b\u0107 widz\u00f3w (cz\u0142onk\u00f3w PSFUK) wzi\u0119\u0142a w tym udzia\u0142?<br \/>\n6 \u2013 Czy decyzja dotycz\u0105ca zaproszenia, koncert\u00f3w, transportu oraz udzia\u0142u Golc\u00f3w w Paradzie zapad\u0142a wi\u0119kszo\u015bci\u0105 g\u0142os\u00f3w i kiedy odby\u0142o si\u0119 g\u0142osowanie Rady na ten temat?<br \/>\n7 \u2013 Co, dok\u0142adnie m\u00f3wi prawo o dozwolonej liczbie dyrektor\u00f3w, kt\u00f3rych cz\u0142onkowie rodziny pracuj\u0105 w Unii Kredytowej? Ile jest takich przypadk\u00f3w w obecnej Radzie Dyrektor\u00f3w?<br \/>\nProsz\u0119 o odpowied\u017a w mediach, lub pisemn\u0105 na adres zwrotny, podany na kopercie.<\/p>\n<p>Janusz Sporek\u00a0\u00a0 \u00a0\u00a0\u00a0 \u00a0\u00a0\u00a0 \u00a0\u00a0\u00a0 \u00a0\u00a0\u00a0 \u00a0\u00a0\u00a0 \u00a0\u00a0\u00a0 \u00a016 czerwca, 2017<br \/>\nJak wida\u0107 list ten datowany jest 16 czerwca, 2017. Tego te\u017c dnia zosta\u0142 wys\u0142any, jako &#8222;certified letter&#8221;. Nigdy nie otrzyma\u0142em na ten list odpowiedzi od butnych, zadufanych w sobie, bezczelnych dyrektorow. Natomiast cz\u0142onek tzw. Komisji Rewizyjnej, zapytany ostatnio w Carnegie Hall, czy i kiedy otrzymam odpowied\u017a na m\u00f3j list, wzruszy\u0142 ramionami, nie odpowiedzia\u0142 i poszed\u0142 sobie. Dlatego napisa\u0142em &#8222;tzw. Komisji Rewizyjnej&#8221;, bo niestety, to jest jedno, wielkie kolesiostwo. Jeszcze w czerwcu opublikowa\u0142a go (jako List Otwarty) Polska Gazeta, natomiast redakcje Nowego Dziennika i Kuriera Plus odm\u00f3wi\u0142y opublikowania go i mo\u017cna si\u0119 \u0142atwo domy\u015ble\u0107, dlaczego. Pytania natomiast rodz\u0105 sie nast\u0119puj\u0105ce: czy polonijnych medi\u00f3w nie interesuj\u0105 pieni\u0105dze Cz\u0142onk\u00f3w Unii Kredytowej? Czy przez pryzmat oglosze\u0144, jakie Unia zamieszcza na \u0142amach tych pism wida\u0107 tylko &#8222;pi\u0119kne twarze i nienaganne dzia\u0142ania&#8221; Rady Dyrektor\u00f3w? Wi\u0119c chc\u0119 poinformowa\u0107 zar\u00f3wno nasze media (niekt\u00f3re w\u0105tpliwej rzetelno\u015bci), jak i Cz\u0142onk\u00f3w Naszej (podkre\u015blam, &#8211; Naszej) Unii, \u017ce Rada Dyrektor\u00f3w niedawno zadecydowa\u0142a i przeg\u0142osowa\u0142a przekazanie -uwaga -150 tysi\u0119cy dolar\u00f3w na Instytut Nauk Politycznych w Waszyngtonie. Czyzby syn, albo c\u00f3reczka, ktorego\u015b z bonz\u00f3w naszego banku studiuje w tym Instytucie? Mo\u017ce warto by\u0142oby sprawdzi\u0107? Ale przede wszystkim, z jakiej racji nasze pieni\u0105dze maj\u0105 finansowa\u0107 tego typu instytucje? Polska m\u0142odzie\u017c, nawet ta najwybitniejsza, dostaje &#8222;centy&#8221; od \u0142askawc\u00f3w-dyrektor\u00f3w, a tu, prosz\u0119 &#8211; ciach; kto &#8222;za&#8221;?\u00a0 &#8211; Wi\u0119kszo\u015b\u0107 dyrektor\u00f3w. I decyzje zapadaj\u0105. A to, \u017ce g\u0142upie, nieuczciwe w stosunku do tych, kt\u00f3rzy ciu\u0142aj\u0105 w Naszej Unii&#8230;? I co z tego? Wa\u017cne, \u017ce my, dyrektorzy raz w miesi\u0105cu spotkamy si\u0119 na pogaduszkach, zjemy fundowany obiadek, zabierzemy do dom\u00f3w, co si\u0119 zje\u015b\u0107 na miejscu nie da i leci kadencja, za kadencj\u0105. Przypomn\u0119, \u017ce Najpierwszemu &#8222;Bonzowi&#8221; Rady Dyrektor\u00f3w leci ju\u017c ponad 20 lat siedzenia w tej radzie. A prywatnie uwa\u017cam, \u017ce sp\u00f3\u0142ka Matyszczyk-Chmielewski, to najgorszy zestaw dla Naszej Unii. Prosze zauwa\u017cy\u0107, \u017ce od czasu, kiedy wr\u00f3cili do w\u0142adzy, w 2012 roku, nie odby\u0142o si\u0119 ani jedno zebranie informacjyjne. Czy trudno si\u0119 domy\u015ble\u0107, gdzie oni maj\u0105 swoich Cz\u0142onk\u00f3w&#8230;?<br \/>\nA media milcz\u0105. No, a jak? Przecie\u017c ostatnia strona, to Unia Kredytowa. Gratuluje spokoju ducha.<\/p>\n","protected":false},"excerpt":{"rendered":"<p>LIST OTWARTY DO RADY DYREKTOR\u00d3W POLSKO-S\u0141OWIA\u0143SKIEJ FEDERALNEJ UNII KREDYTOWEJ Szanowna Rado Dyrektor\u00f3w Zwracam si\u0119 z pro\u015bb\u0105 o wyja\u015bnienie zagadnie\u0144, kt\u00f3re streszczam poni\u017cej w kilku pytaniach.<\/p>\n","protected":false},"author":2,"featured_media":0,"comment_status":"open","ping_status":"open","sticky":false,"template":"","format":"standard","meta":[],"categories":[3],"tags":[],"_links":{"self":[{"href":"https:\/\/sporek.com\/blog\/index.php?rest_route=\/wp\/v2\/posts\/557"}],"collection":[{"href":"https:\/\/sporek.com\/blog\/index.php?rest_route=\/wp\/v2\/posts"}],"about":[{"href":"https:\/\/sporek.com\/blog\/index.php?rest_route=\/wp\/v2\/types\/post"}],"author":[{"embeddable":true,"href":"https:\/\/sporek.com\/blog\/index.php?rest_route=\/wp\/v2\/users\/2"}],"replies":[{"embeddable":true,"href":"https:\/\/sporek.com\/blog\/index.php?rest_route=%2Fwp%2Fv2%2Fcomments&post=557"}],"version-history":[{"count":0,"href":"https:\/\/sporek.com\/blog\/index.php?rest_route=\/wp\/v2\/posts\/557\/revisions"}],"wp:attachment":[{"href":"https:\/\/sporek.com\/blog\/index.php?rest_route=%2Fwp%2Fv2%2Fmedia&parent=557"}],"wp:term":[{"taxonomy":"category","embeddable":true,"href":"https:\/\/sporek.com\/blog\/index.php?rest_route=%2Fwp%2Fv2%2Fcategories&post=557"},{"taxonomy":"post_tag","embeddable":true,"href":"https:\/\/sporek.com\/blog\/index.php?rest_route=%2Fwp%2Fv2%2Ftags&post=557"}],"curies":[{"name":"wp","href":"https:\/\/api.w.org\/{rel}","templated":true}]}}