{"id":558,"date":"2017-10-24T22:41:25","date_gmt":"2017-10-25T02:41:25","guid":{"rendered":"http:\/\/sporek.com\/blog\/?p=558"},"modified":"2017-10-24T23:56:10","modified_gmt":"2017-10-25T03:56:10","slug":"na-zielonej-ukrainie","status":"publish","type":"post","link":"https:\/\/sporek.com\/blog\/?p=558","title":{"rendered":"Na zielonej Ukrainie"},"content":{"rendered":"<p>Ameryka\u0144ska Cz\u0119stochowa, w Doylestown, w stanie Pensylwania, by\u0142a w 2013 roku miejscem zjazdu (chyba drugiego) ameryka\u0144skich Klub\u00f3w Gazety Polskiej. Rozprawiali\u015bmy o polityce, a jak\u017ce, a \u201ekontrol\u0119\u201d nad naszymi wyst\u0105pieniami obj\u0105\u0142 sam Tomasz Sakiewicz, kt\u00f3ry zza sto\u0142u \u201eprezydialnego\u201d ustosunkowywa\u0142 si\u0119 do wypowiedzi zabieraj\u0105cych g\u0142os cz\u0142onk\u00f3w klub\u00f3w, ale te\u017c i skomentowa\u0142 wyst\u0105pienie mecenas Marii Szonert-Binienda. <!--more-->Dzi\u015b w kontek\u015bcie wypowiedzi Janukowycza, w kt\u00f3rej zr\u00f3wna\u0142 warto\u015bci UPA z warto\u015bciami AK, przypomnia\u0142em sobie s\u0142owa guru Klub\u00f3w GP, redaktora naczelnego Gazety Polskiej, Tomasza Sakiewicza. W\u0142a\u015bnie wtedy nasze drogi si\u0119 rozesz\u0142y, cho\u0107 on woli udawa\u0107 i uwa\u017ca\u0107, \u017ce por\u00f3\u017cnili\u015bmy si\u0119 w kwestii Klubu z Filadelfii, w kt\u00f3rego obronie stan\u0105\u0142em wystarczaj\u0105co twardo, \u017ceby podwa\u017cy\u0107 jego racje w niszczeniu tej, znakomicie dzia\u0142aj\u0105cej grupy patriot\u00f3w-spo\u0142ecznik\u00f3w. Niestety, uda\u0142o mu si\u0119 ten klub zniszczy\u0107. W nast\u0119pnej kolejno\u015bci zniszczy\u0142 m\u00f3j, pierwszy, ameryka\u0144ski i chyba najlepiej wtedy dzia\u0142aj\u0105cy KGP w Nowym Jorku. Po co go w og\u00f3le pob\u0142ogos\u0142awi\u0142, w 2010 roku, w chwili powstania&#8230;? Sakiewicz w Cz\u0119stochowie nazwa\u0142 mnie \u201eprzedstawicielem szko\u0142y moskiewskiej\u201d. A ocen\u0119 tak\u0105 wystawi\u0142 mi po tym, jak w moim wyst\u0105pieniu stan\u0105\u0142em delikatnie, ale jednak stanowczo przeciwko jego \u201ez\u0142otej my\u015bli\u201d, \u017ce <em>silna Ukraina, to silna Polska<\/em>.<br \/>\nA ja, w moim kr\u00f3tkim komentarzu, do owej \u201ez\u0142otej my\u015bli\u201d, podkre\u015bla\u0142em bardzo mocno, \u017ce wszelka pomoc Ukrainie, to jedna rzecz, ale pami\u0119\u0107 o Wo\u0142yniu jest spraw\u0105 du\u017co wa\u017cniejsz\u0105, ni\u017c nasze mieszanie si\u0119 do Majdanu i ca\u0142ego procesu wyzwole\u0144czego, z naciskiem na fakt, \u017ce Rewolucja Pomara\u0144czowa przynios\u0142a sporo rozczarowa\u0144, a jej beneficjenci, po prostu zostali ukrai\u0144skimi oligarchami i w najlepsze wytworzyli gangstersk\u0105 korupcj\u0119 na ogromn\u0105 skal\u0119. To by\u0142a ukrai\u0144ska zapowied\u017a p\u00f3\u017aniejszych rz\u0105d\u00f3w PO. Jeszcze wi\u0119kszy nacisk po\u0142o\u017cy\u0142em na to, \u017ce Pami\u0119\u0107 o Wo\u0142yniu, to nasz obowi\u0105zek. Kiedy sko\u0144czy\u0142em i wraca\u0142em na swoje miejsce, tw\u00f3rca KGP stwierdzi\u0142 to, co napisa\u0142em wy\u017cej, m\u00f3wi\u0105c ironicznie: \u201ei to jest w\u0142a\u015bnie przyk\u0142ad szko\u0142y moskiewskiej\u201d.<br \/>\nNawet zebrani klubowicze, nie bardzo zrozumieli, co epitet ten mia\u0142 oznacza\u0107. Natomiast to, co ja zrozumia\u0142em, to to, \u017ce, albo Sakiewicz ma jaki\u015b interes w tworzeniu tych debilnych teorii o silnej Ukrainie, albo jest kompletnie walni\u0119ty. Nied\u0142ugo p\u00f3\u017aniej zosta\u0142 odznaczony przez ukrai\u0144sk\u0105 bezpiek\u0119\u2026<br \/>\nSzalenie jestem ciekaw, jak dzisiaj Tomasz Sakiewicz skomentuje pod\u0142\u0105 i uw\u0142aczaj\u0105c\u0105 nam, Polakom wypowied\u017a cz\u0142owieka, kt\u00f3ry swoj\u0105 pozycj\u0119 po Rewolucji Pomara\u0144czowej zawdzi\u0119cza w\u0142a\u015bnie politykom polskim. A, \u017ce nie potrafi\u0142 by\u0107 skutecznym prezydentem, to ju\u017c nie nasza wina. Dziwi\u0119 si\u0119 tylko polskim politykom, \u017ce tamta rewolucja niczego ich nie nauczy\u0142a. Tamto mieszanie si\u0119 w Majdan. Dzi\u015b mamy odradzanie si\u0119 nacjonalistycznych organizacji, czczenie banderowc\u00f3w i samego ich szefa (dzi\u0119ki Janukowyczowi g\u0142\u00f3wnie, bo wyda\u0142 dekret o bohaterstwie Bandery). A polscy politycy udaj\u0105, \u017ce problemu nie ma. R\u00f3wnie\u017c w ameryka\u0144skiej Cz\u0119stochowie, ale miesi\u0105c temu, (ta Cz\u0119stochowa przynosi pecha przedstawicielom polityki polskiej), zada\u0142em pytanie obecnemu ministrowi spraw zagranicznych, czy polski rz\u0105d planuje co\u015b zrobi\u0107 z przemytem broni z Ukrainy i budowaniu podziemnego pa\u0144stwa ukrai\u0144skiego w Polsce? Minister Waszczykowski odpowiedzia\u0142, \u017ce nic nie wie o przemycie, a je\u015bli ju\u017c, to \u201emy wysy\u0142amy bro\u0144 do Ukrainy, kt\u00f3ra musi si\u0119 broni\u0107 przed zap\u0119dami Putina\u201d. To nie by\u0142 wiecz\u00f3r dyskusyjny, tylko spotkanie typu \u201epytanie\/odpowied\u017a&#8221;, wi\u0119c na moj\u0105 ripost\u0119 czasu, ani mo\u017cliwo\u015bci nie mia\u0142em, ale na ko\u0144cu j\u0119zyka wyl\u0105dowa\u0142o mi stwierdzenie \u2013 nie kryj\u0119, \u017ce jako odpyskowanie &#8211; panie ministrze, to, \u017ce pan nic o tym nie wie, nie znaczy, \u017ce problem nie istnieje. Ale w tym momencie dr Stanis\u0142aw \u015aliwowski z New Jersey zerwa\u0142 si\u0119 by\u0142 z krzes\u0142a i w gor\u0105cych s\u0142owach podzi\u0119kowa\u0142 panu ministrowi, za &#8222;cenny czas, jaki z nami sp\u0119dzi\u0142 w nat\u0142oku swoich zaj\u0119\u0107&#8221;.<\/p>\n<p>Drogi Stasiu, z ca\u0142ym szacunkiem, ale przypomn\u0119 tobie i panu ministrowi, \u017ce spotkania z przedstawicielami polskich w\u0142adz nale\u017c\u0105 nam si\u0119, jak psu ko\u015b\u0107; g\u0142osujemy na nich, wybieramy ich, wspieramy i pomagamy. I niewiele mnie obchodzi, \u017ce pan minister spieszy si\u0119 do Nowego Jorku i \u0142askawie &#8222;wykroi\u0142&#8221; 45 miniut na Msz\u0119 \u015awi\u0119ta i p\u00f3\u0142 godzinki na Poloni\u0119. By\u0142 weekend, a sesja w ONZ zaczyna\u0142a si\u0119 w poniedzia\u0142ek. Mam 70 lat i przejecha\u0142em 110 mil, czyli ponad 160 kilometr\u00f3w nie po to, \u017ceby us\u0142ysze\u0107, \u017ce minister &#8222;nic o tym nie wie&#8221; i jeszcze mu za to dzi\u0119kowa\u0107. Szczytem zar\u00f3wno niegrzeczno\u015bci w stosunku do mnie (jestem starszy od niego o prawie dziesi\u0119\u0107 lat, nie wspominaj\u0105c, \u017ce Sakiewicz, to po prostu smarkacz), jak i dowodem lekcewa\u017cenia Polonii zebranej w, niestety, niewielkiej liczbie oko\u0142o 50 ludzi), by\u0142a konkluzja pana ministra, kt\u00f3ry rzuci\u0142 w moj\u0105 stron\u0119: \u201echyba nie s\u0105dzi pan, \u017ce, jako minister spraw zagranicznych b\u0119d\u0119 siedzia\u0142 na granicy i patrzy\u0142 na r\u0119ce ka\u017cdemu obywatelowi Ukrainy wje\u017cd\u017caj\u0105cemu do Polski\u201d. No, przysi\u0119gam, \u017ce bardziej wyrafinowanej dyplomacji, jako \u017cywo nie s\u0142ysza\u0142em.<br \/>\nMoja konkluzja odno\u015bnie obydwu tych przypadk\u00f3w; &#8211; Sakiewicza i Waszczykowskiego jest nast\u0119puj\u0105ca: Nie zjecha\u0142em do ich poziomu dyskusji. (Bardzo delikatna konkluzja, czy\u017c nie? A mo\u017cna by\u0142o przyp&#8230;&#8230;\u0107) <!--[if gte mso 9]><xml>  <o:OfficeDocumentSettings>   <o:AllowPNG\/>  <\/o:OfficeDocumentSettings> <\/xml><![endif]-->Kiedy\u015b przyprowadzono do Stalina na trybun\u0119 1-szomajow\u0105 ma\u0142ego ch\u0142opczyka. Ludob\u00f3jca pog\u0142aska\u0142 po g\u0142\u00f3wce i da\u0142 cukierka. W tym momencie g\u0142os speakera radiowego: \u201ea m\u00f3g\u0142 zabi\u0107\u2026\u201d (Z dowcip\u00f3w Janka Pietrzaka). A zupe\u0142nie powa\u017cnie: panowie politycy, nie lekcewa\u017ccie fakt\u00f3w, bo ja nie m\u00f3wi\u0142em tego na podstawie rozm\u00f3w na urodzinach u cioci Jadzi, ale na podstawie statystyk i raport\u00f3w CB\u015aP, kt\u00f3re m\u00f3wi\u0105 o przemycie nie tylko broni kr\u00f3tkiej, ale i cz\u0119\u015bci broni armatniej i &#8222;przy\u0142apaniu&#8221; czo\u0142g\u00f3w swobodnie jad\u0105cych przez Polsk\u0119, niby na wystaw\u0119 do Wiednia.<\/p>\n","protected":false},"excerpt":{"rendered":"<p>Ameryka\u0144ska Cz\u0119stochowa, w Doylestown, w stanie Pensylwania, by\u0142a w 2013 roku miejscem zjazdu (chyba drugiego) ameryka\u0144skich Klub\u00f3w Gazety Polskiej. Rozprawiali\u015bmy o polityce, a jak\u017ce, a \u201ekontrol\u0119\u201d nad naszymi wyst\u0105pieniami obj\u0105\u0142 sam Tomasz Sakiewicz, kt\u00f3ry zza sto\u0142u \u201eprezydialnego\u201d ustosunkowywa\u0142 si\u0119 do wypowiedzi zabieraj\u0105cych g\u0142os cz\u0142onk\u00f3w klub\u00f3w, ale te\u017c i skomentowa\u0142 wyst\u0105pienie mecenas Marii Szonert-Binienda.<\/p>\n","protected":false},"author":2,"featured_media":0,"comment_status":"open","ping_status":"open","sticky":false,"template":"","format":"standard","meta":[],"categories":[4],"tags":[],"_links":{"self":[{"href":"https:\/\/sporek.com\/blog\/index.php?rest_route=\/wp\/v2\/posts\/558"}],"collection":[{"href":"https:\/\/sporek.com\/blog\/index.php?rest_route=\/wp\/v2\/posts"}],"about":[{"href":"https:\/\/sporek.com\/blog\/index.php?rest_route=\/wp\/v2\/types\/post"}],"author":[{"embeddable":true,"href":"https:\/\/sporek.com\/blog\/index.php?rest_route=\/wp\/v2\/users\/2"}],"replies":[{"embeddable":true,"href":"https:\/\/sporek.com\/blog\/index.php?rest_route=%2Fwp%2Fv2%2Fcomments&post=558"}],"version-history":[{"count":0,"href":"https:\/\/sporek.com\/blog\/index.php?rest_route=\/wp\/v2\/posts\/558\/revisions"}],"wp:attachment":[{"href":"https:\/\/sporek.com\/blog\/index.php?rest_route=%2Fwp%2Fv2%2Fmedia&parent=558"}],"wp:term":[{"taxonomy":"category","embeddable":true,"href":"https:\/\/sporek.com\/blog\/index.php?rest_route=%2Fwp%2Fv2%2Fcategories&post=558"},{"taxonomy":"post_tag","embeddable":true,"href":"https:\/\/sporek.com\/blog\/index.php?rest_route=%2Fwp%2Fv2%2Ftags&post=558"}],"curies":[{"name":"wp","href":"https:\/\/api.w.org\/{rel}","templated":true}]}}