{"id":56,"date":"2008-03-10T09:32:13","date_gmt":"2008-03-10T13:32:13","guid":{"rendered":"http:\/\/sporek.com\/blog\/?p=56"},"modified":"2008-07-03T14:46:20","modified_gmt":"2008-07-03T18:46:20","slug":"premier-w-usa-wstep","status":"publish","type":"post","link":"https:\/\/sporek.com\/blog\/?p=56","title":{"rendered":"Premier w USA &#8211; wst\u0119p (1)"},"content":{"rendered":"<p><span style=\"font-size: 11pt; font-family: Arial\" lang=\"PL\">Premier Tusk przylecia\u0142 do Nowego Jorku i jak powiedzia\u0142 &#8222;przywitanie mia\u0142 bombowe&#8221;. A by\u0142o to w niedziel\u0119, 9 marca, 2008. Dzi\u015b nie b\u0119d\u0119 jeszcze komentowa\u0142 tego, co by\u0142o w domu przyj\u0119\u0107; musz\u0119 to jeszcze przespa<span style=\"font-size: 11pt; font-family: Arial\" lang=\"PL\">\u0107, bo nie chc\u0119 dopuszcza<span style=\"font-size: 11pt; font-family: Arial\" lang=\"PL\">\u0107 do g\u0142osu emocji i pochopnych os\u0105d\u00f3w. Przyznam jedynie, \u017ce jestem zaskoczony bardzo wieloma okoliczno\u015bciami towarzysz\u0105cymi tej wizycie. P\u00f3ki co ci\u015bnie mi si\u0119 na usta bardzo konkretne pytanie do premiera polskiego rz\u0105du: <!--more-->Kiedy zaprzestanie on populistycznej formy latania samolotami liniowymi, a tym samym zaprzestanie nara\u017cania zwyk\u0142ych obywateli Polski na, nie daj Bo\u017ce, zamach bombowy, a ju\u017c na pewno na wielogodzinne op\u00f3\u017anienia, co w\u0142a\u015bnie mia\u0142o miejsce w drodze do Nowego Jorku. Panie premierze, &#8211; a gdyby alarm nie by\u0142 fa\u0142szywy&#8230;a gdyby bomba wybuch\u0142a&#8230;- to co z tym mieliby wsp\u00f3lnego ci, kt\u00f3rzy chcieli tylko przelecie<span style=\"font-size: 11pt; font-family: Arial\" lang=\"PL\">\u0107 przez ocean, kt\u00f3rzy nigdy nie pchali si\u0119 do w\u0142adzy, kt\u00f3rzy nigdy nie liczyli si\u0119 z tym, \u017ce ich \u017cycie mo\u017ce by<span style=\"font-size: 11pt; font-family: Arial\" lang=\"PL\">\u0107 zagro\u017cone tym, \u017ce VIP chia\u0142 zademonstrowa<span style=\"font-size: 11pt; font-family: Arial\" lang=\"PL\">\u0107, jak bardzo jest inny od swoich poprzednik\u00f3w? Pomijaj\u0105c fakt, \u017ce zamieszanie, jakie mia\u0142o miejsce na lotnisku Kennedy&#8217;ego nie warte by\u0142o tego cyrku, \u017ce ponad dwugodzinne op\u00f3\u017anienie w odprawie &#8222;zwyk\u0142ych&#8221; pasa\u017cer\u00f3w nie zosta\u0142o nawet zrekompensowane s\u0142owem &#8222;przepraszam&#8221;. Nade wszystko jednak nie ma pan prawa nara\u017ca<span style=\"font-size: 11pt; font-family: Arial\" lang=\"PL\">\u0107<\/span>\u00a0obywateli swojego kraju na tak wielkie niebezpiecze\u0144stwo. Pomijam fakt, \u017ce ca\u0142a ta &#8222;afera&#8221; mo\u017ce raczej sta<span style=\"font-size: 11pt; font-family: Arial\" lang=\"PL\">\u0107 si\u0119 asumptem do krytycznej oceny ze strony ameryka\u0144skich instytucji d\/s bezpiecze\u0144stwa. Bezsensownie, w niedzielne popo\u0142udnie\u00a0postawiono w stan pogotowia dziesi\u0105tki pracownik\u00f3w lotniska i s\u0142u\u017cb bezpiecze\u0144stwa, kt\u00f3rym trudno bedzie zrozumie<span style=\"font-size: 11pt; font-family: Arial\" lang=\"PL\">\u0107 \u017ce premier Polski postanowi\u0142 zaoszcz\u0119dzi<span style=\"font-size: 11pt; font-family: Arial\" lang=\"PL\">\u0107 w\u0105tpliwej warto\u015bci kwot\u0119 z\u0142ot\u00f3wek wsiadaj\u0105c do samolotu liniowego. Jeden z policjant\u00f3w pe\u0142ni\u0105cych s\u0142u\u017cb\u0119 przy Greenpoint Avenue zapyta\u0142 mnie w rozmowie, &#8222;<em>czemu wasz premier lata liniowcami<\/em>?&#8221; Odpowiedzia\u0142em to, co wiedzia\u0142em,- \u017ce kiedy\u015b og\u0142osi\u0142, i\u017c nie b\u0119dzie wydawa\u0142 dodatkowych pieni\u0119dzy na latanie rz\u0105dowymi samolotami&#8230; Policjant spojrza\u0142 na mnie z niedowierzaniem, a potem zapyta\u0142: <em>a wiesz ile kosztuje uruchomienie tych wszystkich\u00a0agent\u00f3w i samochod\u00f3w na JFK, &#8211; a co z pasa\u017cerami&#8230;?<\/em> Przyznam, \u017ce nie bardzo wiedzia\u0142em, co mu odpowiedzie<span style=\"font-size: 11pt; font-family: Arial\" lang=\"PL\">\u0107. Zrobi\u0142o mi si\u0119 g\u0142upio, \u017ce jednak racj\u0119 mia\u0142 facet, kt\u00f3ry dla Radia Zet i innych medi\u00f3w przy wej\u015bciu do sali przyj\u0119<span style=\"font-size: 11pt; font-family: Arial\" lang=\"PL\">\u0107 krzycza\u0142: <em>wy\u015bmiali go w Niemczech, wy\u015bmiali go w Moskwie, wy\u015bmiej\u0105 go i w Stanach.<\/em> Niewa\u017cne powody&#8230;zacz\u0119\u0142o si\u0119 od groteskowego oszcz\u0119dzania na kosztach lotu. Szkoda, \u017ce stoi to w tak ra\u017c\u0105cej sprzeczno\u015bci z milczeniem premiera na temat 431 milion\u00f3w z\u0142otych &#8222;podarowanych&#8221; ciep\u0142a r\u0105czk\u0105 V-ce premiera Pawlaka firmie J&amp;S&#8230;<\/span><\/span><\/span><\/span><\/span><\/span><\/span><\/span><\/span><\/span><\/span><\/p>\n<p><span style=\"font-size: 11pt; font-family: Arial\" lang=\"PL\"><span style=\"font-size: 11pt; font-family: Arial\" lang=\"PL\"><span style=\"font-size: 11pt; font-family: Arial\" lang=\"PL\"><span style=\"font-size: 11pt; font-family: Arial\" lang=\"PL\"><span style=\"font-size: 11pt; font-family: Arial\" lang=\"PL\"><span style=\"font-size: 11pt; font-family: Arial\" lang=\"PL\"><span style=\"font-size: 11pt; font-family: Arial\" lang=\"PL\"><span style=\"font-size: 11pt; font-family: Arial\" lang=\"PL\"><span style=\"font-size: 11pt; font-family: Arial\" lang=\"PL\"><span style=\"font-size: 11pt; font-family: Arial\" lang=\"PL\"><span style=\"font-size: 11pt; font-family: Arial\" lang=\"PL\">A jak by\u0142o na spotkaniu&#8230;? O tym,\u00a0kiedy porz\u0105dnie si\u0119 prze\u015bpi\u0119 z tym wszystkim, co chc\u0119 napisa<span style=\"font-size: 11pt; font-family: Arial\" lang=\"PL\">\u0107.<\/span><\/span><\/span><\/span><\/span><\/span><\/span><\/span><\/span><\/span><\/span><\/span><\/p>\n","protected":false},"excerpt":{"rendered":"<p>Premier Tusk przylecia\u0142 do Nowego Jorku i jak powiedzia\u0142 &#8222;przywitanie mia\u0142 bombowe&#8221;. A by\u0142o to w niedziel\u0119, 9 marca, 2008. Dzi\u015b nie b\u0119d\u0119 jeszcze komentowa\u0142 tego, co by\u0142o w domu przyj\u0119\u0107; musz\u0119 to jeszcze przespa\u0107, bo nie chc\u0119 dopuszcza\u0107 do g\u0142osu emocji i pochopnych os\u0105d\u00f3w. Przyznam jedynie, \u017ce jestem zaskoczony bardzo wieloma okoliczno\u015bciami towarzysz\u0105cymi tej [&hellip;]<\/p>\n","protected":false},"author":2,"featured_media":0,"comment_status":"open","ping_status":"open","sticky":false,"template":"","format":"standard","meta":[],"categories":[4],"tags":[],"_links":{"self":[{"href":"https:\/\/sporek.com\/blog\/index.php?rest_route=\/wp\/v2\/posts\/56"}],"collection":[{"href":"https:\/\/sporek.com\/blog\/index.php?rest_route=\/wp\/v2\/posts"}],"about":[{"href":"https:\/\/sporek.com\/blog\/index.php?rest_route=\/wp\/v2\/types\/post"}],"author":[{"embeddable":true,"href":"https:\/\/sporek.com\/blog\/index.php?rest_route=\/wp\/v2\/users\/2"}],"replies":[{"embeddable":true,"href":"https:\/\/sporek.com\/blog\/index.php?rest_route=%2Fwp%2Fv2%2Fcomments&post=56"}],"version-history":[{"count":0,"href":"https:\/\/sporek.com\/blog\/index.php?rest_route=\/wp\/v2\/posts\/56\/revisions"}],"wp:attachment":[{"href":"https:\/\/sporek.com\/blog\/index.php?rest_route=%2Fwp%2Fv2%2Fmedia&parent=56"}],"wp:term":[{"taxonomy":"category","embeddable":true,"href":"https:\/\/sporek.com\/blog\/index.php?rest_route=%2Fwp%2Fv2%2Fcategories&post=56"},{"taxonomy":"post_tag","embeddable":true,"href":"https:\/\/sporek.com\/blog\/index.php?rest_route=%2Fwp%2Fv2%2Ftags&post=56"}],"curies":[{"name":"wp","href":"https:\/\/api.w.org\/{rel}","templated":true}]}}