{"id":562,"date":"2018-01-03T22:30:20","date_gmt":"2018-01-04T02:30:20","guid":{"rendered":"http:\/\/sporek.com\/blog\/?p=562"},"modified":"2018-01-03T22:30:20","modified_gmt":"2018-01-04T02:30:20","slug":"historia-kolem-lamana","status":"publish","type":"post","link":"https:\/\/sporek.com\/blog\/?p=562","title":{"rendered":"Historia ko\u0142em \u0142amana"},"content":{"rendered":"<p>Odczeka\u0142em pewien czas, podczas kt\u00f3rego targa\u0142y mn\u0105 r\u00f3\u017cne rozterki dotycz\u0105ce ostatnich zmian na polskiej scenie politycznej. Kiedy nie jest si\u0119 tam, w samym \u015brodku, trudno cokolwiek wydedukowa\u0107. Beata Szyd\u0142o &#8222;wyros\u0142a&#8221; na mocn\u0105 Pani\u0105 Premier, \u017ceby nie powiedzie\u0107, na \u017belazn\u0105 Dam\u0119. <!--more-->Twarde stanowisko w Unii Europejskiej w wielu kwestiach zjedna\u0142y jej moj\u0105 sympati\u0119 i uznanie w ca\u0142ej pe\u0142ni. Beata Szyd\u0142o, to program 500 Plus, to Mieszkania Plus, to zakaz przyjmowania uchod\u017ac\u00f3w, to obni\u017cony wiek emerytalny, reforma szkolnictwa i inne. A wi\u0119c spe\u0142nianie obietnic. W dwa lata zrobi\u0142a wi\u0119cej, ni\u017c Tusk i PO\/PSL w osiem. Nie bardzo rozumia\u0142em, ba, ja nawet nie wiedzia\u0142em powod\u00f3w, aby co\u015b zmienia\u0107. Ale lepiej uzbroi\u0107 si\u0119 w cierpliwo\u015b\u0107 i odczeka\u0107, ni\u017c wygadywa\u0107 bzdury, co czasem i w wydaniu niekt\u00f3rych dziennikarzy dra\u017cni\u0142o mnie setnie. Oczywi\u015bcie PiS, to nie bogobojna organizacja zakonnik\u00f3w, ale zbi\u00f3r zwyk\u0142ych ludzi. I nawet ci, ze znamionami niezwyk\u0142ych te\u017c maj\u0105 swoje, zwykle przywary; zazdro\u015bci, z\u0142o\u015bci, zawi\u015bci, etc. Ten nie lubi tego, a za to tamten nie lubi jego, a, \u017ce tamten nie lubi mojego kolegi, to ja te\u017c go lubi\u0142 nie b\u0119d\u0119, &#8211; piaskownica, bo przecie\u017c interesem nadrz\u0119dnym ma by\u0107 Polska. I tu wida\u0107, jak niezwyk\u0142\u0105 rol\u0119 pe\u0142ni w tym wszystkim Jaros\u0142aw Kaczy\u0144ski. Nikt nie zaprzeczy, \u017ce PiS, to organizacja, w kt\u00f3rej skupi\u0142o si\u0119 do\u015b\u0107 sporo wybitnych indywidualno\u015bci. I, jak to jest z lud\u017ami wybitnymi, &#8211; zawsze maj\u0105 swoje wizje, s\u0105 uparci, ambitni i \u201ewal\u0105\u201d do przodu.\u00a0 Musi iskrzy\u0107. I iskrzy. Nie czarujmy si\u0119, &#8211; w PiS-ie iskrzy, \u017ce hej. Ale jest Jaros\u0142aw, polityk, kt\u00f3rego historia w\u0142o\u017cy mi\u0119dzy najwi\u0119kszych, najwybitniejszych strateg\u00f3w politycznych. Jedyny cz\u0142owiek we wsp\u00f3\u0142czesnej historii, kt\u00f3ry dokona\u0142 niemo\u017cliwego: dwukrotnie wyznaczy\u0142 prezydenta i dwukrotnie wyznaczy\u0142 premiera. I jestem pewien, \u017ce to on jest g\u0142\u00f3wnym instrumentem graj\u0105cym solo w tym fragmencie koncertu. Zobaczymy, jakie b\u0119d\u0105 owoce i &#8222;po owocach\u201d poznamy warto\u015b\u0107 obecnej zmiany. Nie podoba\u0142o mi si\u0119 stwierdzenie Prezydenta A.\u00a0 Dudy podczas wr\u0119czania nominacji; &#8222;Jest pan moim premierem&#8221;, &#8211; powiedzia\u0142 w stron\u0119 Mateusza Morawieckiego. Panie Prezydencie, ja bym sobie na pana miejscu da\u0142 spok\u00f3j z takimi deklaracjami: chc\u0119 by\u0107 prezydentem wszystkich Polak\u00f3w. Nie do zrobienia. Jest pan prezydentem tych, kt\u00f3rzy pana wybrali i niech pan nie w\u0142azi w ty\u0142ki ca\u0142ej reszty, bo nigdy nie uznaj\u0105 tego za objaw sympatii, a jedynie s\u0142abo\u015bci. A, czy Beata Szyd\u0142o nie by\u0142a pana premierem&#8230;? Ja w tym momencie bardzo wsp\u00f3\u0142czu\u0142em Pani Premier. &#8211; Musia\u0142a si\u0119 poczu\u0107 fatalnie. A Panu, po prostu zabrak\u0142o delikatno\u015bci i taktu.<br \/>\nOd pocz\u0105tku mam wielki szacunek i uznanie dla Mateusza Morawieckiego i, je\u015bli gospodarczo b\u0119dzie mia\u0142 nadal te same wyniki, to Polska ma szanse rzeczywi\u015bcie sta\u0107 si\u0119 pa\u0144stwem wzorcowym. \u017bycz\u0119 Premierowi Morawieckiemu ogromnie du\u017co si\u0142y, dyplomacji i przebieg\u0142o\u015bci w rozmowach z wierchuszk\u0105 Unii Europejskiej. Nie tylko ze wzgl\u0119du na pozycj\u0119 Polski i na to, \u017ceby te \u0107woki z najwy\u017cszych p\u00f3\u0142ek europejskich, r\u00f3\u017cnej ma\u015bci pijaczki, niespe\u0142nieni si\u00f3dmoklasi\u015bci i, oczywi\u015bcie, najgorszy polityk, jaki m\u00f3g\u0142 przytrafi\u0107 si\u0119 Polsce, Donald Tusk wreszcie si\u0119 od Polski odczepi\u0142y, ale g\u0142\u00f3wnie, \u017ceby deprecjonowa\u0107 dzia\u0142alno\u015b\u0107 zdrajc\u00f3w Polski w osobach pos\u0142\u00f3w i europos\u0142\u00f3w totalnej opozycji. Chyba nie jest tak, \u017ce musimy czeka\u0107, a\u017c wsp\u00f3\u0142czesna Targowica osi\u0105gnie efekty swoich protoplast\u00f3w, \u017ce ta historia zatoczy ko\u0142o. Po prostu wyrzu\u0107my ich z polityki. Natomiast, po raz kolejny chc\u0119 &#8222;upomnie\u0107&#8221; rz\u0105dz\u0105cych i parti\u0119 wiod\u0105c\u0105: we\u017acie si\u0119 za rozliczanie przest\u0119pc\u00f3w w ministerialnych garniturach; we\u017acie si\u0119 za Gronkiewicz-Waltz; we\u017acie si\u0119 za Krak\u00f3w, bo tam reprywatyzacja jeszcze bardziej z\u0142odziejska by\u0142a, ni\u017c w W-wie; we\u017acie si\u0119 wreszcie za tych ministr\u00f3w, kt\u00f3rzy chcieli wp\u0119dzi\u0107 Polsk\u0119 pod ruski but, kt\u00f3rzy wykazali drastyczn\u0105 niegospodarno\u015b\u0107, jak Pawlak, a wreszcie, we\u017acie si\u0119 za tych \u201eFarmazon\u00f3w&#8221;, atakuj\u0105cych dziennikarki i dziennikarzy.<br \/>\nJ\u0119zyk nienawi\u015bci \u017cyje w najlepsze. Niedawno wr\u00f3ci\u0142 do Stan\u00f3w jeden z moich znajomych, kt\u00f3ry za \u017cadne skarby nie mo\u017ce si\u0119 oderwa\u0107 od TVN-u. Moi Drodzy, ja dawno nie s\u0142ysza\u0142em takich bluzg\u00f3w na Kaczy\u0144skiego, na PiS, jak teraz, kiedy mia\u0142em jedno, jedyne z nim spotkanie. Zreszt\u0105 po to i z nadziej\u0105, \u017ce us\u0142ysz\u0119 o zmianach, jakie zauwa\u017cy\u0142. Nie zauwa\u017cy\u0142. Nienawi\u015b\u0107 do prawicy zasnu\u0142a jego oczy bielmem i jedyne, co potrafi, to wyzywa\u0107. Oczywi\u015bcie na pytanie, czy dzieje si\u0119 co\u015b dobrego w og\u00f3le w Polsce, odpowied\u017a jest jedna: nic, wszystko jest fatalne i dop\u00f3ki PiS b\u0119dzie przy w\u0142adzy, to ja tam nie pojad\u0119.<br \/>\nNo, c\u00f3\u017c, to sied\u017a sobie w Stanach, a ja b\u0119d\u0119 lata\u0142 tam i z powrotem.<br \/>\nNie trzeba specjalnie wybuja\u0142ej wyobra\u017ani, \u017ceby sobie wyobrazi\u0107 Schetyn\u0119 na miejscu Morawieckiego:<br \/>\nPo pierwsze: uni\u017cone uk\u0142ony w stron\u0119 urz\u0119das\u00f3w Unii Europejskiej.<br \/>\nPo drugie: otwarcie granic i nara\u017cenie Polak\u00f3w na to, co w Niemczech, Francji, Szwecji,<br \/>\nPo trzecie: \u017cadnych reform, a tym bardziej rozwijaj\u0105cych kraj, bo on nie ma takich cel\u00f3w. PO mia\u0142o i ma jeden cel: rozwali\u0107 gospodark\u0119, sprzeda\u0107 maj\u0105tek narodowy, obiecywa\u0107, obiecywa\u0107, obiecywa\u0107.<br \/>\nHistorii z PO i PSL, czy nie daj Bo\u017ce SLD u rz\u0105d\u00f3w polskich nie wolno powt\u00f3rzy\u0107 pod \u017cadnym wzgl\u0119dem. Nawet, gdyby t\u0119 histori\u0119 \u0142amali na kole, ona nie mo\u017ce ju\u017c dopu\u015bci\u0107 tych cwaniak\u00f3w do w\u0142adzy, bo to b\u0119dzie po prostu oznacza\u0107 koniec Polski.<br \/>\nAle, czy kto\u015b zdrowy my\u015blowo \u201cp\u00f3jdzie\u201d sobie teraz wyobrazi\u0107 Kopaczow\u0105, Schetyn\u0119, Budk\u0119, Niesio\u0142owskiego, czy Tuska w roli dyplomat\u00f3w, albo gospodarzy naszej Ojczyzny? Podejrzewam, \u017ce w\u0105tpi\u0119.<\/p>\n","protected":false},"excerpt":{"rendered":"<p>Odczeka\u0142em pewien czas, podczas kt\u00f3rego targa\u0142y mn\u0105 r\u00f3\u017cne rozterki dotycz\u0105ce ostatnich zmian na polskiej scenie politycznej. Kiedy nie jest si\u0119 tam, w samym \u015brodku, trudno cokolwiek wydedukowa\u0107. Beata Szyd\u0142o &#8222;wyros\u0142a&#8221; na mocn\u0105 Pani\u0105 Premier, \u017ceby nie powiedzie\u0107, na \u017belazn\u0105 Dam\u0119.<\/p>\n","protected":false},"author":2,"featured_media":0,"comment_status":"open","ping_status":"open","sticky":false,"template":"","format":"standard","meta":[],"categories":[4],"tags":[],"_links":{"self":[{"href":"https:\/\/sporek.com\/blog\/index.php?rest_route=\/wp\/v2\/posts\/562"}],"collection":[{"href":"https:\/\/sporek.com\/blog\/index.php?rest_route=\/wp\/v2\/posts"}],"about":[{"href":"https:\/\/sporek.com\/blog\/index.php?rest_route=\/wp\/v2\/types\/post"}],"author":[{"embeddable":true,"href":"https:\/\/sporek.com\/blog\/index.php?rest_route=\/wp\/v2\/users\/2"}],"replies":[{"embeddable":true,"href":"https:\/\/sporek.com\/blog\/index.php?rest_route=%2Fwp%2Fv2%2Fcomments&post=562"}],"version-history":[{"count":0,"href":"https:\/\/sporek.com\/blog\/index.php?rest_route=\/wp\/v2\/posts\/562\/revisions"}],"wp:attachment":[{"href":"https:\/\/sporek.com\/blog\/index.php?rest_route=%2Fwp%2Fv2%2Fmedia&parent=562"}],"wp:term":[{"taxonomy":"category","embeddable":true,"href":"https:\/\/sporek.com\/blog\/index.php?rest_route=%2Fwp%2Fv2%2Fcategories&post=562"},{"taxonomy":"post_tag","embeddable":true,"href":"https:\/\/sporek.com\/blog\/index.php?rest_route=%2Fwp%2Fv2%2Ftags&post=562"}],"curies":[{"name":"wp","href":"https:\/\/api.w.org\/{rel}","templated":true}]}}