{"id":567,"date":"2018-01-21T05:50:41","date_gmt":"2018-01-21T09:50:41","guid":{"rendered":"http:\/\/sporek.com\/blog\/?p=567"},"modified":"2018-01-21T05:50:41","modified_gmt":"2018-01-21T09:50:41","slug":"zmiany%e2%80%a6","status":"publish","type":"post","link":"https:\/\/sporek.com\/blog\/?p=567","title":{"rendered":"Zmiany\u2026"},"content":{"rendered":"<p>Moje pierwsze oceny by\u0142y nieco osobiste, cho\u0107by z racji tego, \u017ce z kilkoma ministrami \u0142\u0105cz\u0105 mnie relacje typu \u201cznajomy\u201d, \u201ckolega\u201d. Nie zdecydowa\u0142em si\u0119 pisa\u0107 na gor\u0105co, bo to nigdy nie jest dobre, ale po przeczytaniu mn\u00f3stwa materia\u0142\u00f3w<!--more--> dotycz\u0105cych przesz\u0142o\u015bci, dotycz\u0105cych sprawno\u015bci politycznej interesuj\u0105cych mnie os\u00f3b, ich zas\u0142ug, determinacji, i efekt\u00f3w ju\u017c wykonanej pracy mog\u0119 z pe\u0142nym przekonaniem powiedzie\u0107, \u017ce zmiany mi si\u0119 nie podobaj\u0105.<br \/>\nZaczn\u0119 od tego, \u017ce ju\u017c usuni\u0119cie Beaty Szyd\u0142o by\u0142o dla mnie mimo wszystko wstrz\u0105sem i, cho\u0107 deklarowa\u0142em zaufanie do Mateusza Morawieckiego, to jednak uwa\u017cam, \u017ce jego miejsce najw\u0142a\u015bciwiej ulokowane by\u0142o tam, gdzie by\u0142. Beata Szyd\u0142o by\u0142a dla mnie rodzajem symbolu: Matka Polka, broni\u0105ca polskiego status quo. Ona mia\u0142a sw\u00f3j styl, ogromny respekt, spok\u00f3j i wiedzia\u0142a, czego chce dla Polski. Podobnie, jak nie potrafi\u0119 sobie wyt\u0142umaczy\u0107 (a nigdy nie by\u0142o to wyt\u0142umaczone), dlaczego Beata Szyd\u0142o musia\u0142a odej\u015b\u0107, tak te\u017c nie potrafi\u0119 zrozumie\u0107, dlaczego zdymisjonowano Antoniego Macierewicza, dlaczego w jego miejsce nominowano, B\u0142aszczaka, a miejsce B\u0142aszczaka zaj\u0105\u0142 Joachim\u00a0 Brudzi\u0144ski? To s\u0105 moje podstawowe w\u0105tpliwo\u015bci, gdybym mia\u0142 to nazwa\u0107 \u201cdobrymi zmianami\u201d. Wiem, \u017ce Macierewicz ma mn\u00f3stwo przeciwnik\u00f3w. U mnie te\u017c ma par\u0119 rzeczy \u201cza uszami\u201d. ale ostatecznie chodzi o Polsk\u0119. A g\u0142\u00f3wnymi \u201cgrzechami\u201d Antoniego by\u0142a lustracja w 1992, rozwi\u0105zanie WSI, odmowa zakupu \u201ckarakali\u201d od Francuz\u00f3w i \u015bledztwo smole\u0144skie. Do tego dochodzi reforma armii, pog\u0142\u0119bienie sojuszu z USA i NATO. Jaki dorobek ma jego nast\u0119pca&#8230;?<br \/>\nNatomiast spos\u00f3b, w jaki przeprowadzono t\u0119 zmian\u0119 budzi ogromny niepok\u00f3j. Dlaczego?<br \/>\nDlatego, \u017ce od wielu miesi\u0119cy s\u0142yszymy, \u017ce musi by\u0107 zmieniona konstytucja. Wiadomo jest, \u017ce Kwa\u015bniewski u\u0142o\u017cy\u0142 t\u0119 Ustaw\u0119 Zasadnicz\u0105 tak, aby Wa\u0142\u0119sa, jako prezydent nie mia\u0142 w\u0142a\u015bciwie nic do powiedzenia. Nie spodziewa\u0142 si\u0119, \u017ce sam zostanie prezydentem. Ale to ju\u017c nieistotne. Wygl\u0105da na to, \u017ce kto\u015b ju\u017c \u201cmajstruje\u201d przy Ustawie Zasadniczej, bo sk\u0105d nagle tak znacz\u0105cy wp\u0142yw Andrzeja Dudy na te ostatnie zmiany? Nie jest tajemnic\u0105, \u017ce Macierewicz musia\u0142 odej\u015b\u0107 wy\u0142\u0105cznie na \u017c\u0105danie PAD. Jak to si\u0119 sta\u0142o, \u017ce \u201cposzed\u0142\u201d na to Jaros\u0142aw Kaczy\u0144ski? No, chyba, \u017ce ju\u017c teraz zadecydowa\u0142, \u017ce Andrzej Duda, nie wygra nast\u0119pnych wybor\u00f3w\u2026? Ale, je\u015bli w nast\u0119pnych wygra inny kandydat PiS, w\u00f3wczas uznam J. Kaczy\u0144skiego za geniusza politycznego, kt\u00f3remu Churchill, De Gaulle, Roosevelt, czy inni, wielcy nie byliby godni \u201cwi\u0105za\u0107 rzemyk\u00f3w u jego sanda\u0142\u00f3w\u201d.<br \/>\nAle, Panowie,\u00a0 nie jest to eleganckie wymienia\u0107 ministr\u00f3w i nie wyt\u0142umaczy\u0107 wyborcom, dlaczego zostali wymienieni.<br \/>\nWybrali\u015bmy Andrzeja Dud\u0119 na prezydenta. Teraz bardzo chcia\u0142bym, \u017ceby, albo on, albo Jaros\u0142aw Kaczy\u0144ski, albo Mateusz Morawiecki wyt\u0142umaczyli, co nagrzeszy\u0142 Antoni Macierewicz. Za grzechy wymienione wy\u017cej, za determinacj\u0119 w s\u0142u\u017cbie Ojczy\u017anie, za nieprzejednan\u0105 wol\u0119 wyczyszczenia Polski z komunistycznych \u015bmieci, w normalnym kraju raczej si\u0119 ludzi nie zwalnia\u2026 Wi\u0119c\u2026? A przy okazji: <strong>Panie Prezydencie, kiedy ujawni Pan aneks do raportu z likwidacji WSI? Zobowi\u0105zuje Pana do tego ustawa. Komorowski kpi\u0142 ze wszystkiego, ale w\u0142a\u015bnie Pan mia\u0142 by\u0107 jego przeciwie\u0144stwem&#8230;<\/strong><br \/>\nMam, (chyba uzasadnione) obawy, czy przedstawiciele NATO i USA, kt\u00f3rzy przez dwa lata rozmawiali z A. Macierewiczem, kt\u00f3rzy widzieli jego zaanga\u017cowanie, powa\u017cnie potraktuj\u0105 teraz Mariusza B\u0142aszczaka. Czy im wyt\u0142umaczono, dlaczego Macierewicz musia\u0142 odej\u015b\u0107?<br \/>\n<strong>Panie Prezydencie, Panie Premierze, Panie Prezesie &#8211; mam bardzo konkretny zarzut: od dw\u00f3ch lat nie potraficie usun\u0105\u0107 HGW, a usun\u0119li\u015bcie cz\u0142owieka, kt\u00f3rego usuni\u0119\u0107 nie powinni\u015bcie. <\/strong>Je\u015bli rzeczywi\u015bcie by\u0142o tak, jak powiedzia\u0142a p. Mazurek, \u017ce wp\u0142yw na t\u0119 decyzj\u0119 mia\u0142 PAD, to zaczynam si\u0119 zastanawia\u0107, czy nie jest on \u201ckoniem troja\u0144skim\u201d w PiS, w Pa\u0142acu, w Sejmie? Ale czyim? Opcji jest kilka.<br \/>\nI jeszcze jedno: niedawno dowiedzieli\u015bmy si\u0119, \u017ce na odnowienie cmentarza \u017cydowskiego przekazano z MKiDN 100 milion\u00f3w z\u0142otych. Teraz dowiadujemy si\u0119, \u017ce b\u0119dzie inwestycja zwana \u201cmuzeum chasydyzmu\u201d. Dla por\u00f3wnania: na dziedzictwo kulturalne polskich Kres\u00f3w Wschodnich wyasygnowano\u2026 10 mln, czyli dziesi\u0119\u0107 razy mniej. A, czy w Jerozolimie powstanie muzeum polsko\u015bci? Polacy zrobili dla \u017cyd\u00f3w znacznie wi\u0119cej, ni\u017c \u017cydzi dla Polak\u00f3w.<br \/>\nI ostatnia sprawa:<br \/>\nPanie Prezydencie, Panie Premierze, Panie Prezesie: jaka b\u0119dzie reakcja Polskiego rz\u0105du, Prezydenta, Parlamentu i Senatu na ustaw\u0119 JUST &#8211; Justice for Uncompensated Survivors Today, czyli \u201csprawiedliwo\u015b\u0107 dla ocalonych, kt\u00f3rym nie zado\u015b\u0107uczyniono?<br \/>\nDziwne, \u017ce nie m\u00f3wi o tym nikt z obozu rz\u0105dz\u0105cego, jako te\u017c i nikt z totalnej opozycji.<br \/>\nTak, jakby panowie i panie nie czytali, nie s\u0142yszeli, nie wiedz\u0105,<br \/>\nS\u0105 takie trzy ma\u0142pki: jedna zas\u0142ania oczy, druga uszy, a trzecia usta. A przypomn\u0119 po raz kolejny: TA USTAWA MO\u017bE PO\u0141O\u017bY\u0106 NA KOLANA POLSKIE FINANSE I TO NA D\u0141UGIE LATA.<br \/>\nI jeszcze raz pytam: gdzie jest Kongres Polonii Ameryka\u0144skiej, gdzie jest ta specjalna \u015awiatowa Rada Polonijna, z \u201cwybitnymi\u201d osobisto\u015bciami Polonii z ca\u0142ego \u015bwiata, gdzie jest ta nowa organizacja polonijna, pod wodz\u0105 Stanis\u0142awa \u015aliwowskiego, hucznie zawi\u0105zana w Waszyngtonie, gdzie jest Rosowski i Solidarni 2010, gdzie s\u0105 Kluby Gazety Polskiej, gdzie jest Niezale\u017cna.pl i Tomasz Sakiewicz, gdzie Ryszard Kapu\u015bci\u0144ski, Pawe\u0142 Piekarczyk, Antoniaki? Ch\u0119tnie przychodzili\u015bcie na organizowane przeze mnie manifestacje w obronie Polski, \u017ceby \u201cb\u0142ysn\u0105\u0107\u201d na podium, ale te\u017c wszyscy przy\u0142o\u017cyli\u015bcie swoje, &#8222;szlachetne r\u0105czki&#8221; do rozwalenia Klub\u00f3w w Nowym Jorku i Filadelfii i zak\u0142adacie nowe organizacje; byle tylko by\u0107 prezesem, zast\u0119pc\u0105, byle napisali w gazetach, powiedzieli w telewizji, a potem poprosimy polski senat o granty. Dadz\u0105, bo nie maj\u0105 poj\u0119cia, \u017ce nic tu nie robimy. Takie proste.<\/p>\n","protected":false},"excerpt":{"rendered":"<p>Moje pierwsze oceny by\u0142y nieco osobiste, cho\u0107by z racji tego, \u017ce z kilkoma ministrami \u0142\u0105cz\u0105 mnie relacje typu \u201cznajomy\u201d, \u201ckolega\u201d. Nie zdecydowa\u0142em si\u0119 pisa\u0107 na gor\u0105co, bo to nigdy nie jest dobre, ale po przeczytaniu mn\u00f3stwa materia\u0142\u00f3w<\/p>\n","protected":false},"author":2,"featured_media":0,"comment_status":"open","ping_status":"open","sticky":false,"template":"","format":"standard","meta":[],"categories":[4],"tags":[],"_links":{"self":[{"href":"https:\/\/sporek.com\/blog\/index.php?rest_route=\/wp\/v2\/posts\/567"}],"collection":[{"href":"https:\/\/sporek.com\/blog\/index.php?rest_route=\/wp\/v2\/posts"}],"about":[{"href":"https:\/\/sporek.com\/blog\/index.php?rest_route=\/wp\/v2\/types\/post"}],"author":[{"embeddable":true,"href":"https:\/\/sporek.com\/blog\/index.php?rest_route=\/wp\/v2\/users\/2"}],"replies":[{"embeddable":true,"href":"https:\/\/sporek.com\/blog\/index.php?rest_route=%2Fwp%2Fv2%2Fcomments&post=567"}],"version-history":[{"count":0,"href":"https:\/\/sporek.com\/blog\/index.php?rest_route=\/wp\/v2\/posts\/567\/revisions"}],"wp:attachment":[{"href":"https:\/\/sporek.com\/blog\/index.php?rest_route=%2Fwp%2Fv2%2Fmedia&parent=567"}],"wp:term":[{"taxonomy":"category","embeddable":true,"href":"https:\/\/sporek.com\/blog\/index.php?rest_route=%2Fwp%2Fv2%2Fcategories&post=567"},{"taxonomy":"post_tag","embeddable":true,"href":"https:\/\/sporek.com\/blog\/index.php?rest_route=%2Fwp%2Fv2%2Ftags&post=567"}],"curies":[{"name":"wp","href":"https:\/\/api.w.org\/{rel}","templated":true}]}}