{"id":57,"date":"2008-03-14T08:17:43","date_gmt":"2008-03-14T12:17:43","guid":{"rendered":"http:\/\/sporek.com\/blog\/?p=57"},"modified":"2008-07-03T14:50:55","modified_gmt":"2008-07-03T18:50:55","slug":"premier-z-poloniai-co-z-tego-nie-wyniklo-2","status":"publish","type":"post","link":"https:\/\/sporek.com\/blog\/?p=57","title":{"rendered":"Premier z Poloni\u0105&#8230;i co z tego nie wynik\u0142o. (2)"},"content":{"rendered":"<p>Bardzo ma\u0142a frekwencja zar\u00f3wno w sali przyj\u0119\u0107, jak i na zewn\u0105trz, na ulicy, gdzie zgromadzi\u0142a si\u0119 oko\u0142o stu-osobowa grupa, po\u015br\u00f3d kt\u00f3rej kilka os\u00f3b trzyma\u0142o transparenty z cholernie widocznymi b\u0142\u0119dami; &#8222;Poske&#8221;, zamiast Polsk\u0119; &#8222;k\u0142msta&#8221; zamiast k\u0142amstwa; &#8222;ob\u0142da&#8221;, zamiast ob\u0142uda. No, co najmniej dziwne. Tego rodzaju \u201eopozycja\u201d budzi we mnie zawsze bardzo mieszane uczucia. Zgodnie z \u201etradycj\u0105\u201d gdzie nas czterech, tam pi\u0119\u0107 teorii. Jeszcze nie doszed\u0142em do drzwi wej\u015bciowych, a ju\u017c dowiedzia\u0142em si\u0119, \u017ce zaproszeni s\u0105 tylko \u201eczerwoni\u201d.\u00a0 <!--more--><\/p>\n<p>By\u0142em ubrany w miar\u0119 elegancko, ale na czarno, zatem z pe\u0142n\u0105 \u015bwiadomo\u015bci\u0105 nie wzi\u0105\u0142em tej uwagi do siebie, mimo, i\u017c nale\u017ca\u0142em w\u0142a\u015bnie do tych zaproszonych. Atmosfera grza\u0142a si\u0119 do\u015b\u0107 widocznie i szybko i na pi\u0119\u0107 minut przed przyjazdem Premiera, w b\u0142ysku flesz\u00f3w, szeroko otwartych obiektyw\u00f3w kamer dw\u00f3ch rodak\u00f3w skoczy\u0142o sobie \u201edo garde\u0142\u201d prezentuj\u0105c kwieci\u015bcie dwa skrajne spojrzenia na rz\u0105d PO. I ju\u017c tutaj pokaza\u0142o si\u0119 wst\u0119pnie, co interesuje nasze \u201emass\u201d &#8211; po\u017cal si\u0119 Bo\u017ce -\u201emedia\u201d; W relacjach z Polski (telewizyjnych) i w polonijnej prasie, ta w\u0142a\u015bnie k\u0142\u00f3tnia by\u0142a g\u0142\u00f3wn\u0105 ilustracj\u0105 wizyty pierwszego ministra RP w\u015br\u00f3d Polonii. I niech mi kto\u015b powie, \u017ce media, to nie w\u0142adza. Zaproszonych by\u0142o &#8211; z dw\u00f3ch list &#8211; oko\u0142o 150 os\u00f3b, &#8211; obecnych mo\u017ce 50-60. Por\u00f3wnuj\u0105c z wizyt\u0105 Prezydenta Kaczy\u0144skiego ludzi by\u0142o drastycznie ma\u0142o. Kiedy by\u0142 Lech Kaczy\u0144ski, Driggs Avenue na p\u00f3\u0142kilometrowym odcinku od ko\u015bcio\u0142a St. Kostki do Domu Narodowego by\u0142a po prostu zat\u0142oczona, za\u015b sala koncertowa DN mieszcz\u0105ca 400 ludzi p\u0119ka\u0142a w szwach. Pytanie g\u0142\u00f3wne, zar\u00f3wno tych \u201ewybranych\u201d w restauracji, jak i tych na ulicy, to przede wszystkim \u201edlaczego spotkanie z Tuskiem nie by\u0142o otwarte, jakie w\u0142a\u015bnie odby\u0142o si\u0119 z Prezydentem Kaczy\u0144skim &#8211; bez zaprosze\u0144, bez sprawiania wra\u017cenia, \u017ce s\u0105 r\u00f3wni i r\u00f3wniejsi, a mo\u017ce z bia\u0142ej, a mo\u017ce z czarnej listy&#8230;czerwoni i&#8230;diabli wiedz\u0105, jacy? Odpowied\u017a na to pytanie le\u017cy g\u0142\u00f3wnie w rozk\u0142adzie czasowym wizyty Donalda Tuska w USA. By\u0142oby jednak dobrze, gdyby Konsul Kaprzyk wyja\u015bni\u0142 dlaczego w takim razie anonsowa\u0142 premiera na zaproszeniach dotycz\u0105cych projekcji filmu Andrzeja Wajdy \u201eKaty\u0144\u201d. Sk\u0105din\u0105d wiem, \u017ce conajmniej dwie instytucje\/organizacje stara\u0142y si\u0119 o goszczenie prezesa Rady Ministr\u00f3w &#8211; bezskutecznie. Ostatecznie przylecia\u0142 w niedziel\u0119 i tu drugie z g\u0142\u00f3wnych pyta\u0144: dlaczego wybra\u0142 samolot liniowy? Komentarz do tej decyzji opublikowa\u0142em tej samej nocy, kiedy wr\u00f3ci\u0142em ze spotkania, teraz dodam tylko opini\u0119 pasa\u017cerki, po kt\u00f3r\u0105 rodzina dwukrotnie wyje\u017cd\u017ca\u0142a na lotnisko, a to ze wzgl\u0119du na oczekuj\u0105ce na ni\u0105 \u201ema\u0142olaty\u201d, kt\u00f3re trzeba by\u0142o po\u0142o\u017cy\u0107 spa\u0107 przed poniedzia\u0142kowym p\u00f3j\u015bciem do szko\u0142y. Oto, co mi powiedzia\u0142a: \u201eJu\u017c w Warszawie zacz\u0119\u0142am si\u0119 zastanawia\u0107, co nas mo\u017ce spotka\u0107 z powodu tego \u201ego\u015bcia\u201d i nie bardzo rozumia\u0142am rado\u015b\u0107 niekt\u00f3rych pasa\u017cer\u00f3w z powodu tego, \u017ce leci z nami premier. Oczekiwanie w samolocie na jakie\u015b informacje i decyzje by\u0142o niezwykle irytuj\u0105ce. Kiedy wreszcie pozwolono nam opu\u015bci\u0107 pok\u0142ad, ustawiono nas przed autobusami i kazano patrze\u0107, jak psy obw\u0105chuj\u0105 nasze podr\u0119czne baga\u017ce; natomiast ponad dwugodzinne, w ca\u0142kowitym st\u0142oczeniu czekanie w autobusie by\u0142o naprawd\u0119 powy\u017cej ludzkich mo\u017cliwo\u015bci nerwowych &#8211; byli\u015bmy odci\u0119ci od oficjalnych informacji, a jedynie dzi\u0119ki kom\u00f3rkom co\u015b tam do nas dociera\u0142o. By\u0142y to informacje chaotyczne i niekompletne, powodowa\u0142y wi\u0119c jeszcze wi\u0119ksze napi\u0119cie nerwowe. Definitywnie nie mam za co panu premierowi dzi\u0119kowa\u0107, a kiedy dowiedzia\u0142am si\u0119, \u017ce za\u017cartowa\u0142 sobie z tego na spotkaniu z Poloni\u0105, m\u00f3wi\u0105c o \u201ebombowym przyj\u0119ciu\u201d to my\u015bl\u0119, \u017ce ta pr\u00f3ba czarnego humoru w kontek\u015bcie dwustukilkudziesi\u0119ciu pasa\u017cer\u00f3w nie mog\u0105cych opu\u015bci\u0107 lotniska, by\u0142a do\u015b\u0107 prymitywna\u201d. Tyle pasa\u017cerka, a ja zn\u00f3w dodam tylko, \u017ce lot powrotny do Warszawy (ta sama maszyna wraca do kraju) nast\u0105pi\u0142 z pi\u0119cio-godzinnym op\u00f3\u017anieniem. I teraz wyobra\u017amy sobie tych odbieraj\u0105cych i tych odprowadzaj\u0105cych, dalej samych pasa\u017cer\u00f3w, do tego s\u0142u\u017cby specjalne lotniska, za\u0142ogi samolotu i otrzymamy z ca\u0142\u0105 pewno\u015bci\u0105 liczb\u0119 ponad tysi\u0105c ludzi, kt\u00f3rych bezpo\u015brednio dotkn\u0119\u0142a idea \u201etaniego pa\u0144stwa\u201d, g\u0142oszona przez pierwszego ministra RP. Taniego, czy dziadowskiego? Policjant z obstawy na Greenpoint Avenue nie potrafi\u0142 zrozumie\u0107, a mnie nie wypada\u0142o si\u0119 nawet \u015bmia\u0107, bo\u0107 to premier mojej ojczyzny. Uszy po sobie i z uczuciem wstydu odszed\u0142em. Jestem raczej pewien,\u017ce z wizyty pana Tuska w\u015br\u00f3d polonii nie wynika i nie wyniknie nic, co godne by\u0142oby uwagi. Pytania by\u0142y conajmniej dziwne. Wszystko sprowadzi\u0142o si\u0119 do dw\u00f3ch kurtuazyjnych wyst\u0105pie\u0144-nie licz\u0105c obowi\u0105zkowych grzeczno\u015bci Konsula w stosunku do swoich szef\u00f3w i kilku pyta\u0144, z kt\u00f3rych w\u0142a\u015bciwie tylko trzy mia\u0142y adekwatny do rangi spotkania sens. Cd&#8230;w Odc. 3<\/p>\n","protected":false},"excerpt":{"rendered":"<p>Bardzo ma\u0142a frekwencja zar\u00f3wno w sali przyj\u0119\u0107, jak i na zewn\u0105trz, na ulicy, gdzie zgromadzi\u0142a si\u0119 oko\u0142o stu-osobowa grupa, po\u015br\u00f3d kt\u00f3rej kilka os\u00f3b trzyma\u0142o transparenty z cholernie widocznymi b\u0142\u0119dami; &#8222;Poske&#8221;, zamiast Polsk\u0119; &#8222;k\u0142msta&#8221; zamiast k\u0142amstwa; &#8222;ob\u0142da&#8221;, zamiast ob\u0142uda. No, co najmniej dziwne. Tego rodzaju \u201eopozycja\u201d budzi we mnie zawsze bardzo mieszane uczucia. Zgodnie z \u201etradycj\u0105\u201d [&hellip;]<\/p>\n","protected":false},"author":2,"featured_media":0,"comment_status":"open","ping_status":"open","sticky":false,"template":"","format":"standard","meta":[],"categories":[1],"tags":[],"_links":{"self":[{"href":"https:\/\/sporek.com\/blog\/index.php?rest_route=\/wp\/v2\/posts\/57"}],"collection":[{"href":"https:\/\/sporek.com\/blog\/index.php?rest_route=\/wp\/v2\/posts"}],"about":[{"href":"https:\/\/sporek.com\/blog\/index.php?rest_route=\/wp\/v2\/types\/post"}],"author":[{"embeddable":true,"href":"https:\/\/sporek.com\/blog\/index.php?rest_route=\/wp\/v2\/users\/2"}],"replies":[{"embeddable":true,"href":"https:\/\/sporek.com\/blog\/index.php?rest_route=%2Fwp%2Fv2%2Fcomments&post=57"}],"version-history":[{"count":0,"href":"https:\/\/sporek.com\/blog\/index.php?rest_route=\/wp\/v2\/posts\/57\/revisions"}],"wp:attachment":[{"href":"https:\/\/sporek.com\/blog\/index.php?rest_route=%2Fwp%2Fv2%2Fmedia&parent=57"}],"wp:term":[{"taxonomy":"category","embeddable":true,"href":"https:\/\/sporek.com\/blog\/index.php?rest_route=%2Fwp%2Fv2%2Fcategories&post=57"},{"taxonomy":"post_tag","embeddable":true,"href":"https:\/\/sporek.com\/blog\/index.php?rest_route=%2Fwp%2Fv2%2Ftags&post=57"}],"curies":[{"name":"wp","href":"https:\/\/api.w.org\/{rel}","templated":true}]}}