{"id":570,"date":"2018-02-26T00:30:12","date_gmt":"2018-02-26T04:30:12","guid":{"rendered":"http:\/\/sporek.com\/blog\/?p=570"},"modified":"2018-03-10T21:57:11","modified_gmt":"2018-03-11T01:57:11","slug":"koncert-100-lecia-2","status":"publish","type":"post","link":"https:\/\/sporek.com\/blog\/?p=570","title":{"rendered":"Koncert 100-lecia, 2"},"content":{"rendered":"<p dir=\"ltr\" style=\"line-height: 1.38; margin-top: 0pt; margin-bottom: 0pt\"><span style=\"font-size: 10pt; font-family: Verdana; color: #000000; background-color: transparent; font-weight: 400; font-style: normal; font-variant: normal; text-decoration: none; vertical-align: baseline; white-space: pre-wrap\">Dostaj\u0119 sporo uwag na temat mojego artyku\u0142u o koncercie upami\u0119tniaj\u0105cym setn\u0105 rocznic\u0119 Niepodleg\u0142o\u015bci Polski. <!--more-->Niestety s\u0105 to komentarze i uwagi obna\u017caj\u0105ce jeszcze kilka innych \u201cnie\u015bcis\u0142o\u015bci\u201d jakie towarzyszy\u0142y tej imprezie. Ot\u00f3\u017c na pro\u015bb\u0119 jednej pani o inicja\u0142ach H. E., kt\u00f3ra chcia\u0142aby zacz\u0105\u0107 dzia\u0142a\u0107 w Fundacji Klub\u00f3w Gazety Polskiej, USA, zacz\u0105\u0142em szuka\u0107, ale jako\u015b, dziwnie nie mog\u0142em si\u0119 doszuka\u0107. Natomiast na oficjalnej, polskiej stronie Klub\u00f3w jest tylko zapis sprzed kilku lat informuj\u0105cy o zmianie prezesa. \u017badnej wzmianki o dzia\u0142alno\u015bci. Ale, nagle pojawia si\u0119 koncert. Inny pan napisa\u0142 na \u201cMessengerze\u201d, \u017ce ten klub nie ma \u017cadnej dzia\u0142alno\u015bci. On by\u0142 cz\u0142onkiem, ale mu si\u0119 odechcia\u0142o, bo to tylko \u201cgra pozor\u00f3w\u201d. <\/span><\/p>\n<p dir=\"ltr\" style=\"line-height: 1.38; margin-top: 0pt; margin-bottom: 0pt\"><span style=\"font-size: 10pt; font-family: Verdana; color: #000000; background-color: transparent; font-weight: 400; font-style: normal; font-variant: normal; text-decoration: none; vertical-align: baseline; white-space: pre-wrap\">Ot\u00f3\u017c ja tego nie b\u0119d\u0119 ani ocenia\u0142, ani bawi\u0142 si\u0119 w doszukiwanie. Zainteresowanych odsy\u0142am ponownie do mojego artyku\u0142u na temat <\/span><\/p>\n<p dir=\"ltr\" style=\"line-height: 1.38; margin-top: 0pt; margin-bottom: 0pt\"><span style=\"font-size: 10pt; font-family: Verdana; color: #000000; background-color: transparent; font-weight: 400; font-style: normal; font-variant: normal; text-decoration: none; vertical-align: baseline; white-space: pre-wrap\">rozbicia nowojorskiej i filadelfijskiej Polonii przez T. Sakiewicza, Ryszarda Kapu\u015bci\u0144skiego, z towarzyszeniem Paw\u0142a Piekarczyka: <\/span><a href=\"http:\/\/l.facebook.com\/l.php?u=http%3A%2F%2Fsporek.com%2Fblog%2F%3Fp%3D533&amp;h=ATO5-v5QZSM7pjl4D1dbgZJwAJ-f74LlRM3_rc2pPosSfSTnHvnr4K7Su4FtceW_olrK05Uz0vpDMlJu4YfAkbiMkBiRJOQORpQdVLmzbFr1tZ6GVA\" style=\"text-decoration: none\"><span style=\"font-size: 10pt; font-family: Verdana; color: #1155cc; background-color: transparent; font-weight: 400; font-style: normal; font-variant: normal; text-decoration: underline; vertical-align: baseline; white-space: pre-wrap\">http:\/\/sporek.com\/blog\/?p=533<\/span><\/a><\/p>\n<p dir=\"ltr\" style=\"line-height: 1.38; margin-top: 0pt; margin-bottom: 0pt\"><span style=\"font-size: 10pt; font-family: Verdana; color: #000000; background-color: transparent; font-weight: 400; font-style: normal; font-variant: normal; text-decoration: none; vertical-align: baseline; white-space: pre-wrap\">Pytanie tylko, w co ci wszyscy prezesi i pseudo-dzia\u0142acze graj\u0105, bo ja, jako\u015b nie s\u0142ysza\u0142em ani o spotkaniach, ani o akcjach KGP w Nowym Jorku. No, poza koncertem w Carnegie Hall&#8230;<\/span><\/p>\n<p dir=\"ltr\" style=\"line-height: 1.38; margin-top: 0pt; margin-bottom: 0pt\"><span style=\"font-size: 10pt; font-family: Verdana; color: #000000; background-color: transparent; font-weight: 400; font-style: normal; font-variant: normal; text-decoration: none; vertical-align: baseline; white-space: pre-wrap\">Najprzykrzej jednak zrobi\u0142o mi si\u0119, gdy dosta\u0142em z Warszawy nast\u0119puj\u0105ce pytanie: <\/span><span style=\"font-size: 10pt; font-family: Verdana; color: #000000; background-color: transparent; font-weight: 400; font-style: italic; font-variant: normal; text-decoration: none; vertical-align: baseline; white-space: pre-wrap\">Panie Januszu, czy mo\u017ce pan, jako\u015b sprawdzi\u0107, kiedy Marek Bracha by\u0142 finalist\u0105 konkursu chopinowskiego? <\/span><span style=\"font-size: 10pt; font-family: Verdana; color: #000000; background-color: transparent; font-weight: 400; font-style: normal; font-variant: normal; text-decoration: none; vertical-align: baseline; white-space: pre-wrap\">Zrobi\u0142o mi si\u0119 przykro w stosunku do tego artysty. Do pytania do\u0142\u0105czony by\u0142 link do Instytutu Chopina w W-wie, oraz cytat ze strony samego Marka Bracha. I c\u00f3\u017c si\u0119 okazuje? A, no, \u017ce Marek Bracha finalist\u0105 nigdy nie by\u0142, o czym on sam na swojej stronie uczciwie informuje, pisz\u0105c, \u017ce <\/span><span style=\"font-size: 10pt; font-family: Verdana; color: #000000; background-color: transparent; font-weight: 700; font-style: normal; font-variant: normal; text-decoration: none; vertical-align: baseline; white-space: pre-wrap\">\u201e&#8230;..W tym samym roku [2010] znalaz\u0142 si\u0119 w grupie 4 pianist\u00f3w reprezentuj\u0105cych Polsk\u0119 w II etapie XVI Mi\u0119dzynarodowego Konkursu Chopinowskiego w Warszawie.\u201d <\/span><span style=\"font-size: 10pt; font-family: Verdana; color: #000000; background-color: transparent; font-weight: 400; font-style: normal; font-variant: normal; text-decoration: none; vertical-align: baseline; white-space: pre-wrap\">Z II etapu do fina\u0142 jest jednak kawa\u0142 drogi, wi\u0119c komu ten fa\u0142sz mia\u0142 s\u0142u\u017cy\u0107? Czy wstawiaj\u0105cy taki tekst na afisz organizatorzy nie zdaj\u0105 sobie sprawy, \u017ce obra\u017caj\u0105 juror\u00f3w najbardziej presti\u017cowego na \u015bwiecie konkursu pianistycznego? Czy nie zdaj\u0105 sobie sprawy, \u017ce obra\u017caj\u0105 faktycznych finalist\u00f3w. Najbardziej jednak krzywdz\u0105 samego artyst\u0119. Ale organizatorzy, jak wida\u0107 nie zdaj\u0105 sobie z takich \u201cdrobiazg\u00f3w\u201d sprawy. A, przepraszam, czy publiczno\u015b\u0107 wolno tak oszukiwa\u0107?<\/span><\/p>\n<p dir=\"ltr\" style=\"line-height: 1.38; margin-top: 0pt; margin-bottom: 0pt\"><span style=\"font-size: 10pt; font-family: Verdana; color: #000000; background-color: transparent; font-weight: 400; font-style: normal; font-variant: normal; text-decoration: none; vertical-align: baseline; white-space: pre-wrap\">Szkoda, \u017ce tak wznios\u0142e wydarzenia robi si\u0119 tak, niestety po amatorsku i z nut\u0105 fa\u0142szu. <\/span><\/p>\n<p dir=\"ltr\" style=\"line-height: 1.38; margin-top: 0pt; margin-bottom: 0pt\"><span style=\"font-size: 10pt; font-family: Verdana; color: #000000; background-color: transparent; font-weight: 400; font-style: normal; font-variant: normal; text-decoration: none; vertical-align: baseline; white-space: pre-wrap\">Szkoda, \u017ce daje si\u0119 w to wci\u0105gn\u0105\u0107 konsulat, wci\u0105gaj\u0105c przy okazji szereg presti\u017cowych instytucji. <\/span><\/p>\n<p dir=\"ltr\" style=\"line-height: 1.38; margin-top: 0pt; margin-bottom: 0pt\"><span style=\"font-size: 10pt; font-family: Verdana; color: #000000; background-color: transparent; font-weight: 400; font-style: normal; font-variant: normal; text-decoration: none; vertical-align: baseline; white-space: pre-wrap\">Kto\u015b przys\u0142a\u0142 mi dzisiaj link do programu w TV Republika \u201cPolityczna kawa\u201d. Prosz\u0119 sobie pos\u0142ucha\u0107, jakie tam opowiada si\u0119 bzdury o tym wydarzeniu. <\/span><a href=\"https:\/\/www.youtube.com\/watch?v=1Mipi_r8DpM\" style=\"text-decoration: none\"><span style=\"font-size: 10pt; font-family: Verdana; color: #1155cc; background-color: transparent; font-weight: 400; font-style: normal; font-variant: normal; text-decoration: underline; vertical-align: baseline; white-space: pre-wrap\">https:\/\/www.youtube.com\/watch?v=1Mipi_r8DpM<\/span><\/a><\/p>\n<p dir=\"ltr\" style=\"line-height: 1.38; margin-top: 0pt; margin-bottom: 0pt\"><span style=\"font-size: 10pt; font-family: Verdana; color: #000000; background-color: transparent; font-weight: 400; font-style: normal; font-variant: normal; text-decoration: none; vertical-align: baseline; white-space: pre-wrap\">Przyznam, \u017ce niepokoi mnie troch\u0119 sformu\u0142owane podczas tego programu stwierdzenie o <\/span><span style=\"font-size: 10pt; font-family: Verdana; color: #000000; background-color: transparent; font-weight: 400; font-style: italic; font-variant: normal; text-decoration: none; vertical-align: baseline; white-space: pre-wrap\">\u201cwy\u017cszo\u015bci dyplomacji spo\u0142ecznej, nad dyplomacj\u0105 rz\u0105dow\u0105\u201d,<\/span><span style=\"font-size: 10pt; font-family: Verdana; color: #000000; background-color: transparent; font-weight: 400; font-style: normal; font-variant: normal; text-decoration: none; vertical-align: baseline; white-space: pre-wrap\"> przynajmniej tak zrozumia\u0142em wywody T. Sakiewicza. Prosz\u0119 mnie poprawi\u0107, je\u015bli jestem w b\u0142\u0119dzie.<\/span><\/p>\n<p dir=\"ltr\" style=\"line-height: 1.38; margin-top: 0pt; margin-bottom: 0pt\"><span style=\"font-size: 10pt; font-family: Verdana; color: #000000; background-color: transparent; font-weight: 400; font-style: normal; font-variant: normal; text-decoration: none; vertical-align: baseline; white-space: pre-wrap\">Ten sam \u201cpolityczny ekspert\u201d uku\u0142 by\u0142 niegdy\u015b powiedzenie, \u017ce <\/span><span style=\"font-size: 10pt; font-family: Verdana; color: #000000; background-color: transparent; font-weight: 700; font-style: normal; font-variant: normal; text-decoration: none; vertical-align: baseline; white-space: pre-wrap\">\u201cSilna Ukraina, to silna Polska\u201d. <\/span><span style=\"font-size: 10pt; font-family: Verdana; color: #000000; background-color: transparent; font-weight: 400; font-style: normal; font-variant: normal; text-decoration: none; vertical-align: baseline; white-space: pre-wrap\">Wszyscy widzimy, jak to si\u0119 sprawdza. Ale Tomasz Sakiewicz nie robi \u017cadnego problemu z zakazu przeprowadzenia ekshumacji ofiar ludob\u00f3jstwa; kluby GP, czy te\u017c owa nieistniej\u0105ca \u201cfundacja KGP, USA\u201d nie do\u0142\u0105czaj\u0105 do akcji STOP S447, HR1226. (?)<\/span><\/p>\n<p dir=\"ltr\" style=\"line-height: 1.38; margin-top: 0pt; margin-bottom: 0pt\"><span style=\"font-size: 10pt; font-family: Verdana; color: #000000; background-color: transparent; font-weight: 400; font-style: normal; font-variant: normal; text-decoration: none; vertical-align: baseline; white-space: pre-wrap\">\u0179le si\u0119 dzieje, kiedy wznios\u0142e wydarzenia maj\u0105 promowa\u0107 mizeri\u0119 organizacyjn\u0105. <\/span><\/p>\n<p dir=\"ltr\" style=\"line-height: 1.38; margin-top: 0pt; margin-bottom: 0pt\"><span style=\"font-size: 10pt; font-family: Verdana; color: #000000; background-color: transparent; font-weight: 400; font-style: normal; font-variant: normal; text-decoration: none; vertical-align: baseline; white-space: pre-wrap\">Wiem, wiem, wiem, &#8211; jestem najgorszy z najgorszych. I wiecie, co? Mam to w \u2026 gdzie\u015b. Bo w\u0142a\u015bnie przez polityczn\u0105 poprawno\u015b\u0107 gubimy osobowo\u015b\u0107 narodow\u0105, gubimy nasz, lechicki, staropolski charakter, norwidowsk\u0105 prawo\u015b\u0107: \u201cTak, za tak, Nie, za nie\u201d. Robimy si\u0119 mydlani, bezbarwni.<\/span><\/p>\n<p dir=\"ltr\" style=\"line-height: 1.38; margin-top: 0pt; margin-bottom: 0pt\"><span style=\"font-size: 10pt; font-family: Verdana; color: #000000; background-color: transparent; font-weight: 400; font-style: normal; font-variant: normal; text-decoration: none; vertical-align: baseline; white-space: pre-wrap\">Jest taka polonijna organizacja, kt\u00f3ra prze\u017cywa g\u0142\u0119boki kryzys, ale przez wiele lat nie wolno by\u0142o krytykowa\u0107, bo prezeska si\u0119 obra\u017ca\u0142a i wymy\u015bla\u0142a ka\u017cdemu, kto si\u0119 wychyli\u0142. Polonijne ch\u00f3ry naszego Okr\u0119gu, bo o nich mowa z 13, w 2001 roku zredukowa\u0142y si\u0119 do \u2026 sze\u015bciu. Przyczyni\u0142 si\u0119 do tego w znacznej mierze cz\u0142owiek, kt\u00f3ry pono\u0107 walczy\u0142 pod Monte Casino. Pozbiera\u0142 \u015bpiewak\u00f3w z r\u00f3\u017cnych ch\u00f3r\u00f3w, nie bacz\u0105c , \u017ce robi kreci\u0105 robot\u0119 i zbudowa\u0142 sobie prywatny ch\u00f3r, \u017ceby jego przyjaciel z Kanady m\u00f3g\u0142 sobie podyrygowa\u0107 w Nowym Jorku. Przyjaciel przyjecha\u0142 dwa razy i tak si\u0119 to sko\u0144czy\u0142o, a ch\u00f3ry do dzi\u015b maj\u0105 z tym problem. Ale pan, z ma\u0142\u017conk\u0105 zostali odznaczeni z\u0142otymi odznakami. Ot siurpryza. <\/span><\/p>\n<p dir=\"ltr\" style=\"line-height: 1.38; margin-top: 0pt; margin-bottom: 0pt\"><span style=\"font-size: 10pt; font-family: Verdana; color: #000000; background-color: transparent; font-weight: 400; font-style: normal; font-variant: normal; text-decoration: none; vertical-align: baseline; white-space: pre-wrap\">Jest inna organizacja, w kt\u00f3rej te\u017c nie wolno m\u00f3wi\u0107, co si\u0119 my\u015bli, bo od razu wiadomo, \u017ce nie my\u015bli si\u0119 tak, jak chce prezes. Nie ma jawno\u015bci, nie ma os\u0142awionej \u201ctransparentno\u015bci\u201d. I by\u0107 nie mo\u017ce, bo jest zakazana. Wpad\u0142y mi niedawno do r\u0119ki cytaty z Czes\u0142awa Banacha. Genialny facet:<\/span><\/p>\n<p dir=\"ltr\" style=\"line-height: 1.38; margin-top: 0pt; margin-bottom: 0pt\"><span style=\"font-size: 10pt; font-family: Verdana; color: #000000; background-color: transparent; font-weight: 700; font-style: normal; font-variant: normal; text-decoration: none; vertical-align: baseline; white-space: pre-wrap\">-\u017bycie bez jawno\u015bci, deformuje si\u0119.<\/span><\/p>\n<p dir=\"ltr\" style=\"line-height: 1.38; margin-top: 0pt; margin-bottom: 0pt\"><span style=\"font-size: 10pt; font-family: Verdana; color: #000000; background-color: transparent; font-weight: 700; font-style: normal; font-variant: normal; text-decoration: none; vertical-align: baseline; white-space: pre-wrap\">-Winni s\u0105 nie tylko ci, co klaszcz\u0105, ale ci co milcz\u0105.<\/span><\/p>\n<p dir=\"ltr\" style=\"line-height: 1.38; margin-top: 0pt; margin-bottom: 0pt\"><span style=\"font-size: 10pt; font-family: Verdana; color: #000000; background-color: transparent; font-weight: 400; font-style: normal; font-variant: normal; text-decoration: none; vertical-align: baseline; white-space: pre-wrap\">A Polonia dziadzieje z roku na rok. Bo milczy. Nie, nie nie, &#8211; bogaci\u0107, to my si\u0119 bogacimy, ale prywatnie. Natomiast organizacyjnie nas nie ma. Hiszpanie maj\u0105 swoj\u0105 telewizj\u0119, W\u0142osi te\u017c. Przyjrzyjmy si\u0119, jak inne nacje si\u0119 tu ustawi\u0142y. A my\u2026\u2026\u2026\u2026.? Zniszczyli\u015bmy w\u0142asne rozglo\u015bnie radiowe, telewizj\u0119, nie mamy \u017cadnego lobby. Zaczyna si\u0119 co\u015b dzia\u0107 i to jest ruch oddolny, czyli ta ogromna akcja przeciwko ustawom, kt\u00f3re mog\u0105 spustoszy\u0107 polsk\u0105 gospodark\u0119, dorobek Polak\u00f3w. No, to, mo\u017ce teraz\u2026?<\/span><\/p>\n","protected":false},"excerpt":{"rendered":"<p>Dostaj\u0119 sporo uwag na temat mojego artyku\u0142u o koncercie upami\u0119tniaj\u0105cym setn\u0105 rocznic\u0119 Niepodleg\u0142o\u015bci Polski.<\/p>\n","protected":false},"author":2,"featured_media":0,"comment_status":"open","ping_status":"open","sticky":false,"template":"","format":"standard","meta":[],"categories":[3],"tags":[],"_links":{"self":[{"href":"https:\/\/sporek.com\/blog\/index.php?rest_route=\/wp\/v2\/posts\/570"}],"collection":[{"href":"https:\/\/sporek.com\/blog\/index.php?rest_route=\/wp\/v2\/posts"}],"about":[{"href":"https:\/\/sporek.com\/blog\/index.php?rest_route=\/wp\/v2\/types\/post"}],"author":[{"embeddable":true,"href":"https:\/\/sporek.com\/blog\/index.php?rest_route=\/wp\/v2\/users\/2"}],"replies":[{"embeddable":true,"href":"https:\/\/sporek.com\/blog\/index.php?rest_route=%2Fwp%2Fv2%2Fcomments&post=570"}],"version-history":[{"count":0,"href":"https:\/\/sporek.com\/blog\/index.php?rest_route=\/wp\/v2\/posts\/570\/revisions"}],"wp:attachment":[{"href":"https:\/\/sporek.com\/blog\/index.php?rest_route=%2Fwp%2Fv2%2Fmedia&parent=570"}],"wp:term":[{"taxonomy":"category","embeddable":true,"href":"https:\/\/sporek.com\/blog\/index.php?rest_route=%2Fwp%2Fv2%2Fcategories&post=570"},{"taxonomy":"post_tag","embeddable":true,"href":"https:\/\/sporek.com\/blog\/index.php?rest_route=%2Fwp%2Fv2%2Ftags&post=570"}],"curies":[{"name":"wp","href":"https:\/\/api.w.org\/{rel}","templated":true}]}}