{"id":572,"date":"2018-04-12T11:23:02","date_gmt":"2018-04-12T15:23:02","guid":{"rendered":"http:\/\/sporek.com\/blog\/?p=572"},"modified":"2018-04-13T22:03:18","modified_gmt":"2018-04-14T02:03:18","slug":"przyjada-pogadaja-odjada","status":"publish","type":"post","link":"https:\/\/sporek.com\/blog\/?p=572","title":{"rendered":"Przyjad\u0105, pogadaj\u0105, odjad\u0105&#8230;"},"content":{"rendered":"<p id=\"docs-internal-guid-c8baab04-ba78-934c-2d59-af6c91f8b6b8\" style=\"line-height: 1.38; margin-top: 0pt; margin-bottom: 0pt\" dir=\"ltr\"><span style=\"font-size: 10pt; font-family: Verdana; color: #000000; background-color: transparent; font-weight: 400; font-style: normal; font-variant: normal; text-decoration: none; vertical-align: baseline; white-space: pre-wrap\">I nadal nic si\u0119 nie zmieni. Polonia pozostanie sk\u0142\u00f3cona i podzielona w\u0142a\u015bnie, przez niekt\u00f3rych z tych, kt\u00f3rzy o ten Wielki Front Patriotyczny przyjechali apelowa\u0107. <!--more-->Nie mog\u0119 si\u0119 nadziwi\u0107 intelektualistom, o imponuj\u0105cym dorobku tw\u00f3rczym, kt\u00f3rzy nie chc\u0105 zada\u0107 sobie trudu sprawdzenia, kto ich zaprasza, czyje dzia\u0142ania b\u0119d\u0105 wspiera\u0107 i promowa\u0107 swoimi nazwiskami, czy wreszcie, jaki sens ma kolejne \u201esympozjum\u201d, w Ameryka\u0144skiej Cz\u0119stochowie, skoro wszyscy wiedz\u0105, \u017ce cztery poprzednie nie zaowocowa\u0142y najmniejszym, pozytywnym rezultatem. Wystarczy rzuci\u0107 has\u0142o: <\/span><span style=\"font-size: 10pt; font-family: Verdana; color: #000000; background-color: transparent; font-weight: 400; font-style: italic; font-variant: normal; text-decoration: none; vertical-align: baseline; white-space: pre-wrap\">Budujemy Wielki Front Patriotyczny<\/span><span style=\"font-size: 10pt; font-family: Verdana; color: #000000; background-color: transparent; font-weight: 400; font-style: normal; font-variant: normal; text-decoration: none; vertical-align: baseline; white-space: pre-wrap\"> i historycy, dziennikarze, politycy, intelektuali\u015bci r\u00f3\u017cnej ma\u015bci jad\u0105, lec\u0105, przybywaj\u0105. <\/span><span style=\"font-size: 10pt; font-family: Verdana; color: #000000; background-color: transparent; font-weight: 400; font-style: normal; font-variant: normal; text-decoration: none; vertical-align: baseline; white-space: pre-wrap\">Ani przez chwil\u0119 nie zastanawiaj\u0105 si\u0119, kto i, z kim ma ten \u201ewielki front\u201d budowa\u0107. Nie wnikaj\u0105, czy przypadkiem nie s\u0105 to ludzie, kt\u00f3rzy niedawno rozbili Poloni\u0119, nie wnikaj\u0105, czy przypadkiem zapraszaj\u0105cy ich \u201edzia\u0142acze\u201d nie maj\u0105 wyrok\u00f3w s\u0105dowych (co z tego, \u017ce za przest\u0119pstwo drogowe, co z tego, \u017ce za zn\u0119canie si\u0119 nad zwierz\u0119tami?), &#8211;<\/span><span style=\"font-size: 10pt; font-family: Verdana; color: #000000; background-color: transparent; font-weight: 400; font-style: italic; font-variant: normal; text-decoration: none; vertical-align: baseline; white-space: pre-wrap\">zaprosili, to jad\u0119<\/span><span style=\"font-size: 10pt; font-family: Verdana; color: #000000; background-color: transparent; font-weight: 400; font-style: normal; font-variant: normal; text-decoration: none; vertical-align: baseline; white-space: pre-wrap\">. Niewa\u017cne, czy zapraszaj\u0105ca ich organizacja jest zarejestrowana, czy te\u017c dzia\u0142a nielegalnie, a co za tym idzie prowadzi nielegaln\u0105 dzia\u0142alno\u015b\u0107 finansow\u0105. Zapraszani nie maj\u0105 z\u0142ych intencji, ale te\u017c nie maj\u0105 rozeznania. Czasem te\u017c (mam takie trzy przypadki), nie chc\u0105 s\u0142ucha\u0107 sygna\u0142\u00f3w, ale to, niestety pozbawia ich autorytetu w moich oczach.<\/span><\/p>\n<p style=\"line-height: 1.38; margin-top: 0pt; margin-bottom: 0pt\" dir=\"ltr\"><span style=\"font-size: 10pt; font-family: Verdana; color: #000000; background-color: transparent; font-weight: 400; font-style: normal; font-variant: normal; text-decoration: none; vertical-align: baseline; white-space: pre-wrap\">Po kilkugodzinnej debacie og\u0142oszony zostanie komunikat, \u017ce powsta\u0142o co\u015b w rodzaju <\/span><span style=\"font-size: 10pt; font-family: Verdana; color: #000000; background-color: transparent; font-weight: 400; font-style: italic; font-variant: normal; text-decoration: none; vertical-align: baseline; white-space: pre-wrap\">Frontu Jedno\u015bci Polonii; pierwszym prezesem zosta\u0142 ten, kt\u00f3ry ju\u017c jest prezesem gdzie\u015b tam, drugim prezesem zosta\u0142&#8230;., itd, &#8211; skarbnik, sekretarz, komisja rewizyjna.<\/span><\/p>\n<p style=\"line-height: 1.38; margin-top: 0pt; margin-bottom: 0pt\" dir=\"ltr\"><span style=\"font-size: 10pt; font-family: Verdana; color: #000000; background-color: transparent; font-weight: 400; font-style: normal; font-variant: normal; text-decoration: none; vertical-align: baseline; white-space: pre-wrap\">Znowu b\u0119dzie \u201enapad\u201d na dom, kt\u00f3rego\u015b z decydent\u00f3w, zginie laptop, przepadn\u0105 rozliczenia i tak w k\u00f3\u0142ko, co roku ten sam teatrzyk kilku aktor\u00f3w, kt\u00f3rzy staj\u0105 si\u0119 coraz mniej wiarygodni, albo wr\u0119cz nielubiani. A \u201eintelektuali\u015bci\u201d b\u0119d\u0105 przyje\u017cd\u017ca\u0107, \u201epanowie\u201d z W-wy b\u0119d\u0105 przywozi\u0107 prezes\u00f3w \u00a0w teczkach i na najwi\u0119kszej tragedii b\u0119d\u0105 budowa\u0107 swoje autorytety, upaja\u0107 si\u0119 sw\u0105 m\u0105dro\u015bci\u0105, patriotyzmem g\u0142\u0119bokim i \u201ewa\u017cno\u015bci\u0105\u201d w\u015br\u00f3d Polonii. Niestety, kiedy propagatorami takich akcji s\u0105 ludzie, kt\u00f3rzy ws\u0142awili si\u0119 likwidacj\u0105 \u015bwietnie dzia\u0142aj\u0105cych organizacji polonijnych, ludzie, kt\u00f3rzy bez zmru\u017cenia oka oczerniali maj\u0105cych ogromne dokonania dzia\u0142aczy polonijnych, to trudno w\u00f3wczas o sympati\u0119 dla, tego rodzaju akcji, a tym bardziej o wzi\u0119cie w nich udzia\u0142u. \u017be, niby wsparte konsulatem, ambasad\u0105, intelektualistami? Obecny konsul w N. Jorku zd\u0105\u017cy\u0142 ju\u017c udowodni\u0107, \u017ce nie ma poj\u0119cia, co si\u0119 dzieje, lub dzia\u0142o w Polonii. A intelektuali\u015bci&#8230;? Napisa\u0142em to wy\u017cej, &#8211; nie wnikaj\u0105. By\u0142 kilka lat temu zjazd Klub\u00f3w GP w Doylestown. Przylecia\u0142 Sakiewicz, Piekarczyk, Kapu\u015bci\u0144ski. Dyskusja na ca\u0142ego; Go\u015bcie: prof. prof. Binienda, Nowaczyk, dr Berczy\u0144ski, mec. Maria Szonert. Has\u0142o Sakiewicza <\/span><span style=\"font-size: 10pt; font-family: Verdana; color: #000000; background-color: transparent; font-weight: 400; font-style: italic; font-variant: normal; text-decoration: none; vertical-align: baseline; white-space: pre-wrap\">\u201esilna Ukraina, to silna Polska\u201d<\/span><span style=\"font-size: 10pt; font-family: Verdana; color: #000000; background-color: transparent; font-weight: 400; font-style: normal; font-variant: normal; text-decoration: none; vertical-align: baseline; white-space: pre-wrap\"> brylowa\u0142o na klasztornych salonach. Po pierwszym dniu debaty Klub GP w Filadelfii, dzia\u0142aj\u0105cy fenomenalnie, zorganizowa\u0142 kolacj\u0119 i spotkanie towarzyskie wszystkich uczestnik\u00f3w w Domu Polskim. Trwa\u0142o do oko\u0142o drugiej w nocy. Wreszcie rozchodzimy si\u0119 do samochod\u00f3w, aby wr\u00f3ci\u0107 do hotelu u Braciszk\u00f3w w klasztorze, gdy jeden z biesiadnik\u00f3w tr\u0105ca mnie w \u0142okie\u0107 i m\u00f3wi: patrz. Spojrza\u0142em w kierunku wskazanym oczami kolegi; Sakiewicz, Piekarczyk i Agatka&#8230;  i &#8230; zostawi\u0119 to mojej, dyskretnej pami\u0119ci&#8230; Na drugi dzie\u0144, sesja po\u017cegnalna, nic si\u0119 si\u0119 nowego nie dzieje; po\u017cegnanie, najlepsze \u017cyczenia, aby\u015bmy w si\u0142\u0119 ro\u015bli. Wstajemy, zasuwamy krzese\u0142ka, gdy nagle Tomasz Sakiewicz, tw\u00f3rca tzw. \u201estrefy wolnego s\u0142owa\u201d, jakby od niechcenia rzuca w kierunku delegat\u00f3w: <\/span><span style=\"font-size: 10pt; font-family: Verdana; color: #000000; background-color: transparent; font-weight: 400; font-style: italic; font-variant: normal; text-decoration: none; vertical-align: baseline; white-space: pre-wrap\">\u201eAcha, szanowni pa\u0144stwo, chcia\u0142em jeszcze og\u0142osi\u0107, \u017ce od dzi\u015b Kluby GP w USA maj\u0105 swojego koordynatora, &#8211; zdecydowa\u0142em, \u017ce koordynatorem b\u0119dzie pani Agatka z Chicago. Proponuj\u0119 te\u017c, aby\u015bcie rozwa\u017cyli mo\u017cliwo\u015b\u0107 finansowego zadeklarowania si\u0119 w ramach pomocy finansowej, \u017ceby Agatka nie musia\u0142a sprz\u0105ta\u0107 i mog\u0142a si\u0119 sumiennie zaj\u0105\u0107 klubami\u201d. <\/span><span style=\"font-size: 10pt; font-family: Verdana; color: #000000; background-color: transparent; font-weight: 400; font-style: normal; font-variant: normal; text-decoration: none; vertical-align: baseline; white-space: pre-wrap\">My\u015bla\u0142em, \u017ce mi si\u0119 to \u015bni<\/span><span style=\"font-size: 10pt; font-family: Verdana; color: #000000; background-color: transparent; font-weight: 400; font-style: italic; font-variant: normal; text-decoration: none; vertical-align: baseline; white-space: pre-wrap\">. <\/span><span style=\"font-size: 10pt; font-family: Verdana; color: #000000; background-color: transparent; font-weight: 400; font-style: normal; font-variant: normal; text-decoration: none; vertical-align: baseline; white-space: pre-wrap\">Po tych s\u0142owach podszed\u0142 do Sakiewicza przewodnicz\u0105cy KGP z Filadelfii i zwr\u00f3ci\u0142 mu uwag\u0119, \u017ce \u201e<\/span><span style=\"font-size: 10pt; font-family: Verdana; color: #000000; background-color: transparent; font-weight: 400; font-style: italic; font-variant: normal; text-decoration: none; vertical-align: baseline; white-space: pre-wrap\">pani\u0105 Agat\u0119, to tak \u015brednio znaj\u0105 w USA i \u017ce du\u017co lepsz\u0105 kandydatur\u0105 by\u0142by przewodnicz\u0105cy z N. Jorku.<\/span><span style=\"font-size: 10pt; font-family: Verdana; color: #000000; background-color: transparent; font-weight: 400; font-style: normal; font-variant: normal; text-decoration: none; vertical-align: baseline; white-space: pre-wrap\">\u201d Tw\u00f3rca \u201ewolnego s\u0142owa\u201d sykn\u0105\u0142 jednak: <\/span><span style=\"font-size: 10pt; font-family: Verdana; color: #000000; background-color: transparent; font-weight: 400; font-style: italic; font-variant: normal; text-decoration: none; vertical-align: baseline; white-space: pre-wrap\">nie ma takie opcji, mianowa\u0142em Agat\u0119 i tak zostanie, przynajmniej na najbli\u017cszy rok. <\/span><span style=\"font-size: 10pt; font-family: Verdana; color: #000000; background-color: transparent; font-weight: 400; font-style: normal; font-variant: normal; text-decoration: none; vertical-align: baseline; white-space: pre-wrap\">Od tego dnia<\/span><span style=\"font-size: 10pt; font-family: Verdana; color: #000000; background-color: transparent; font-weight: 400; font-style: italic; font-variant: normal; text-decoration: none; vertical-align: baseline; white-space: pre-wrap\"> <\/span><span style=\"font-size: 10pt; font-family: Verdana; color: #000000; background-color: transparent; font-weight: 400; font-style: normal; font-variant: normal; text-decoration: none; vertical-align: baseline; white-space: pre-wrap\">rozpocz\u0119\u0142a si\u0119 regularna wojna W-wy z Klubem w Filadelfii, a \u015bci\u015blej z jego za\u0142o\u017cycielem i przewodnicz\u0105cym, Romanem Milkowskim. Atakowa\u0142 Sakiewicz, Kapu\u015bci\u0144ski, Piekarczyk (s\u0142ynny telefon, ciemn\u0105 noc\u0105 do klubu w Kanadzie: <\/span><span style=\"font-size: 10pt; font-family: Verdana; color: #000000; background-color: transparent; font-weight: 400; font-style: italic; font-variant: normal; text-decoration: none; vertical-align: baseline; white-space: pre-wrap\">jak b\u0119dziecie broni\u0107 klubu w N. Jorku i Filadelfii, to po\u017ca\u0142ujecie). <\/span><span style=\"font-size: 10pt; font-family: Verdana; color: #000000; background-color: transparent; font-weight: 400; font-style: normal; font-variant: normal; text-decoration: none; vertical-align: baseline; white-space: pre-wrap\">Atakowa\u0142a Agatka, atakowa\u0142 niejaki Rosowski. Postanowi\u0142em zabra\u0107 g\u0142os w obronie klubu w Filadelfii, bo coraz wyra\u017aniej by\u0142o wida\u0107 wyra\u017any plan odsuni\u0119cia R. Milkowskiego i zast\u0105pienia go niejakim Antoniakiem. W pewnym momencie Sakiewicz <\/span><span style=\"font-size: 10pt; font-family: Verdana; color: #000000; background-color: transparent; font-weight: 400; font-style: italic; font-variant: normal; text-decoration: none; vertical-align: baseline; white-space: pre-wrap\">(Strefa Wolnego S\u0142owa)<\/span><span style=\"font-size: 10pt; font-family: Verdana; color: #000000; background-color: transparent; font-weight: 400; font-style: normal; font-variant: normal; text-decoration: none; vertical-align: baseline; white-space: pre-wrap\">, rozes\u0142a\u0142 do wszystkich klub\u00f3w w USA i Kanadzie maila, w kt\u00f3rym m. in. napisa\u0142: <\/span><span style=\"font-size: 10pt; font-family: Verdana; color: #000000; background-color: transparent; font-weight: 400; font-style: italic; font-variant: normal; text-decoration: none; vertical-align: baseline; white-space: pre-wrap\">Je\u015bli Janusz Sporek nie zmieni swojego nastawienia do nas i do ca\u0142ej sprawy zwi\u0105zanej z klubem w Filadelfii, to <\/span><span style=\"font-size: 10pt; font-family: Verdana; color: #000000; background-color: transparent; font-weight: 700; font-style: italic; font-variant: normal; text-decoration: none; vertical-align: baseline; white-space: pre-wrap\">b\u0119d\u0119 musia\u0142<\/span><span style=\"font-size: 10pt; font-family: Verdana; color: #000000; background-color: transparent; font-weight: 400; font-style: italic; font-variant: normal; text-decoration: none; vertical-align: baseline; white-space: pre-wrap\"> podj\u0105\u0107 drastyczn\u0105 decyzj\u0119 odno\u015bnie jego osoby. <\/span><span style=\"font-size: 10pt; font-family: Verdana; color: #000000; background-color: transparent; font-weight: 400; font-style: normal; font-variant: normal; text-decoration: none; vertical-align: baseline; white-space: pre-wrap\">Przyznam, \u017ce zrobi\u0142o si\u0119 wspomnieniowo-komunistycznie: Sakiewicz <\/span><span style=\"font-size: 10pt; font-family: Verdana; color: #000000; background-color: transparent; font-weight: 700; font-style: normal; font-variant: normal; text-decoration: none; vertical-align: baseline; white-space: pre-wrap\">b\u0119dzie musia\u0142. <\/span><span style=\"font-size: 10pt; font-family: Verdana; color: #000000; background-color: transparent; font-weight: 400; font-style: normal; font-variant: normal; text-decoration: none; vertical-align: baseline; white-space: pre-wrap\">Odechcia\u0142o mi si\u0119 pracy w Klubie Gazety Polskiej, odechcia\u0142o mi si\u0119 w og\u00f3le, jakiejkolwiek wsp\u00f3\u0142pracy z Sakiewiczem, Kapu\u015bci\u0144skim i Piekarczykiem. I dzisiaj Tomasz Sakiewicz przyje\u017cd\u017ca do Stan\u00f3w i wesp\u00f3\u0142 z cz\u0142owiekiem, kt\u00f3ry pom\u00f3g\u0142 mu rozwali\u0107 wspania\u0142\u0105 grup\u0119 patriot\u00f3w, chce apelowa\u0107 i poucza\u0107 Poloni\u0119, jak budowa\u0107 \u201eWielki Front Patriotyczny\u201d. Trzeba mie\u0107 sporo tupetu. Moje do\u015bwiadczenia i do\u015bwiadczenia moich przyjaci\u00f3\u0142 s\u0105, p\u00f3ki co bardzo negatywne i dotycz\u0105 w szczeg\u00f3lno\u015bci kilku os\u00f3b, kt\u00f3rym nigdy wiecej nie mieliby\u015bmy ochoty zorganizowa\u0107 najmniejszego nawet spotkania z Poloni\u0105. S\u0105 to: Anna Fotyga, Adam Kwiatkowski, Antoni Macierewicz, Tomasz Sakiewicz, Ryszard Kapu\u015bci\u0144ski, Pawe\u0142 Piekarczyk. Kolejnym \u201ekandydatem\u201d jest Andrzej Duda, kt\u00f3ry usilnie pracuje nad tym, aby spali\u0107 polonijne mosty. Szkoda. Mia\u0142o by\u0107 tak fajnie.<\/span><\/p>\n<p><span lang=\"PL\" style=\"line-height: 115%; font-size: 12pt\"><\/span><\/p>\n","protected":false},"excerpt":{"rendered":"<p>I nadal nic si\u0119 nie zmieni. Polonia pozostanie sk\u0142\u00f3cona i podzielona w\u0142a\u015bnie, przez niekt\u00f3rych z tych, kt\u00f3rzy o ten Wielki Front Patriotyczny przyjechali apelowa\u0107.<\/p>\n","protected":false},"author":2,"featured_media":0,"comment_status":"open","ping_status":"open","sticky":false,"template":"","format":"standard","meta":[],"categories":[3],"tags":[],"_links":{"self":[{"href":"https:\/\/sporek.com\/blog\/index.php?rest_route=\/wp\/v2\/posts\/572"}],"collection":[{"href":"https:\/\/sporek.com\/blog\/index.php?rest_route=\/wp\/v2\/posts"}],"about":[{"href":"https:\/\/sporek.com\/blog\/index.php?rest_route=\/wp\/v2\/types\/post"}],"author":[{"embeddable":true,"href":"https:\/\/sporek.com\/blog\/index.php?rest_route=\/wp\/v2\/users\/2"}],"replies":[{"embeddable":true,"href":"https:\/\/sporek.com\/blog\/index.php?rest_route=%2Fwp%2Fv2%2Fcomments&post=572"}],"version-history":[{"count":0,"href":"https:\/\/sporek.com\/blog\/index.php?rest_route=\/wp\/v2\/posts\/572\/revisions"}],"wp:attachment":[{"href":"https:\/\/sporek.com\/blog\/index.php?rest_route=%2Fwp%2Fv2%2Fmedia&parent=572"}],"wp:term":[{"taxonomy":"category","embeddable":true,"href":"https:\/\/sporek.com\/blog\/index.php?rest_route=%2Fwp%2Fv2%2Fcategories&post=572"},{"taxonomy":"post_tag","embeddable":true,"href":"https:\/\/sporek.com\/blog\/index.php?rest_route=%2Fwp%2Fv2%2Ftags&post=572"}],"curies":[{"name":"wp","href":"https:\/\/api.w.org\/{rel}","templated":true}]}}