{"id":573,"date":"2018-04-21T07:51:22","date_gmt":"2018-04-21T11:51:22","guid":{"rendered":"http:\/\/sporek.com\/blog\/?p=573"},"modified":"2018-04-21T07:53:42","modified_gmt":"2018-04-21T11:53:42","slug":"unia-p-s-czas-na-zmiany-1","status":"publish","type":"post","link":"https:\/\/sporek.com\/blog\/?p=573","title":{"rendered":"P-SFUK; czas na zmiany 1"},"content":{"rendered":"<p dir=\"ltr\" style=\"line-height: 1.38; margin-top: 0pt; margin-bottom: 0pt\"><span style=\"font-size: 10pt; font-family: Verdana; color: #000000; background-color: transparent; font-weight: 400; font-style: normal; font-variant: normal; text-decoration: none; vertical-align: baseline; white-space: pre-wrap\">Je\u015bli si\u0119 nie obudzimy trze\u017awi teraz, to za kilka lat obudzimy si\u0119 z r\u0119k\u0105 w nocniku. Nie owijaj\u0105c w bawe\u0142n\u0119, musimy doprowadzi\u0107 do zmian na szczycie w\u0142adz Polsko-S\u0142owia\u0144skiej Federalnej Unii Kredytowej, &#8211; tak w radzie dyrektor\u00f3w, jak i na stanowisku dyrektora wykonawczego. <!--more-->Mam na my\u015bli Krzysztofa Matyszczyka i Bogdana Chmielewskiego. W ostatnich kilku latach dali oni popis wydawania cz\u0142onkowskich pieni\u0119dzy na nieprzerwane sprawy s\u0105dowe. I to z kim? Z Cz\u0142onkami. O, co? O to, \u017ceby nie zwo\u0142a\u0107 zebrania specjalnego, z Cz\u0142onkami. Dali popis niewiarygodnej ignorancji w\u0142asnych cz\u0142onk\u00f3w; brak odpowiedzi na pisma, listy, etc; zero spotka\u0144 informacyjnych, najni\u017csze oprocentowanie w historii, ale NAJWY\u017bSZA KWOTA NA WYJAZDY DLA DYREKTOR\u00d3W!<\/span><\/p>\n<p dir=\"ltr\" style=\"line-height: 1.38; margin-top: 0pt; margin-bottom: 0pt\"><span style=\"font-size: 10pt; font-family: Verdana; color: #000000; background-color: transparent; font-weight: 400; font-style: normal; font-variant: normal; text-decoration: none; vertical-align: baseline; white-space: pre-wrap\">Powinni\u015bmy kategorycznie za\u017c\u0105da\u0107 opublikowania wydatk\u00f3w s\u0105dowych zwi\u0105zanych z przegran\u0105 spraw\u0105 dotycz\u0105c\u0105 zebrania nadzwyczajnego. To s\u0105 setki tysi\u0119cy dolar\u00f3w.. Musimy si\u0119 przyjrze\u0107 wydatkom dyrektor\u00f3w na tzw. \u201cwyjazdy szkoleniowe\u201d. Ale musimy si\u0119 te\u017c przyjrze\u0107, jak dzielone s\u0105 pieni\u0105dze dla Polonii; kt\u00f3re organizacje s\u0105 preferowane?<\/span><\/p>\n<p dir=\"ltr\" style=\"line-height: 1.38; margin-top: 0pt; margin-bottom: 0pt\"><span style=\"font-size: 10pt; font-family: Verdana; color: #000000; background-color: transparent; font-weight: 400; font-style: normal; font-variant: normal; text-decoration: none; vertical-align: baseline; white-space: pre-wrap\">Mam pytanie do cz\u0142onk\u00f3w Komisji Rewizyjnej: Jeste\u015bcie w tej komisji od kolegowania si\u0119 z dyrektorami, czy od kontrolowania ich poczyna\u0144?<\/span><\/p>\n<p dir=\"ltr\" style=\"line-height: 1.38; margin-top: 0pt; margin-bottom: 0pt\"><span style=\"font-size: 10pt; font-family: Verdana; color: #000000; background-color: transparent; font-weight: 400; font-style: normal; font-variant: normal; text-decoration: none; vertical-align: baseline; white-space: pre-wrap\">W zesz\u0142ym roku, \u00a0w czerwcu wys\u0142a\u0142em i opublikowa\u0142em list otwarty do rady dyrektor\u00f3w z pytaniami dotycz\u0105cymi koszt\u00f3w pobytu zespo\u0142u Golec uOrkiestra. W czerwcu, 2017!!!. Pomijam, \u017ce tylko jedna, Polska Gazeta go opublikowa\u0142a. Pozosta\u0142e media boj\u0105 si\u0119 Unii, jak diabe\u0142 \u015bwi\u0119conej wody. Do dzisiaj nie otrzyma\u0142em odpowiedzi. Moje pytanie do pan\u00f3w brzmi: czy kiedykolwiek domagali\u015bcie si\u0119 wyja\u015bnienia tej sprawy? Czy kiedykolwiek zapytali\u015bcie dyrektor\u00f3w, dlaczego nie odpowiadaj\u0105 na list cz\u0142onka Unii Kredytowej? Czy kiedykolwiek pofatygowali\u015bcie si\u0119, aby sprawdzi\u0107, ile forsy posz\u0142o na Golc\u00f3w i dlaczego by\u0142o tego wi\u0119cej, ni\u017c p\u00f3\u0142 miliona? Jest was pi\u0119cioro, czy kt\u00f3re\u015b z was poczu\u0142o, co to znaczy komisja rewizyjna? Jeste\u015bcie wyj\u0105tkowymi miernotami w swoich funkcjach. Czy szanowna rada dyrektor\u00f3w i komisja rewizyjna wiedz\u0105 co to jest \u201cFreedom of Information\u201d? Dam pa\u0144stwu przyk\u0142ad: Organizacja Judicial Watch zwr\u00f3ci\u0142a si\u0119 do US Air Force oraz do Secret Service o udost\u0119pnienie wydatk\u00f3w z pa\u0144stwowej kasy na prywatne podr\u00f3\u017ce prezydent\u00f3w. \u017badna z wymienionych instytucji nie poczu\u0142a si\u0119 w obowi\u0105zku odpowiadania na te \u017c\u0105dania. Mo\u017ce wydawa\u0142o im si\u0119, \u017ce s\u0105 tak mocni, \u017ce nie musz\u0105\u2026? I co? Gdy termin odpowiedzi si\u0119 przed\u0142u\u017ca\u0142, Judicial Watch odda\u0142o spraw\u0119 do s\u0105du powo\u0142uj\u0105c si\u0119 w\u0142a\u015bnie na \u201cFreedom of Information\u201d. S\u0105d nie mia\u0142 w\u0105tpliwo\u015bci, &#8211; informacje musia\u0142y zosta\u0107 dostarczone. Ma\u0142o wam s\u0105d\u00f3w?<\/span><\/p>\n<p dir=\"ltr\" style=\"line-height: 1.38; margin-top: 0pt; margin-bottom: 0pt\"><span style=\"font-size: 10pt; font-family: Verdana; color: #000000; background-color: transparent; font-weight: 400; font-style: normal; font-variant: normal; text-decoration: none; vertical-align: baseline; white-space: pre-wrap\">Nie wiem, kiedy \u0142askawcy z Unii Kredytowej zdecyduj\u0105 si\u0119 zwo\u0142a\u0107 zas\u0105dzone przez s\u0105d zebranie, ale wiem, \u017ce b\u0119d\u0105 kombinowa\u0107.<\/span><\/p>\n<p dir=\"ltr\" style=\"line-height: 1.38; margin-top: 0pt; margin-bottom: 0pt\"><span style=\"font-size: 10pt; font-family: Verdana; color: #000000; background-color: transparent; font-weight: 400; font-style: normal; font-variant: normal; text-decoration: none; vertical-align: baseline; white-space: pre-wrap\">My, jako \u00a0cz\u0142onkowie mamy jeden, wielki obowi\u0105zek do spe\u0142nienia; w imieniu polonijnych dzieci, m\u0142odzie\u017cy, student\u00f3w, w imieniu artyst\u00f3w, tw\u00f3rc\u00f3w, w imieniu senior\u00f3w, organizacji polonijnych i w interesie nas wszystkich: <\/span><span style=\"font-size: 10pt; font-family: Verdana; color: #000000; background-color: transparent; font-weight: 700; font-style: normal; font-variant: normal; text-decoration: underline; vertical-align: baseline; white-space: pre-wrap\">wzi\u0105\u0107 udzia\u0142 w wyborach! <\/span><\/p>\n<p dir=\"ltr\" style=\"line-height: 1.38; margin-top: 0pt; margin-bottom: 0pt\"><span style=\"font-size: 10pt; font-family: Verdana; color: #000000; background-color: transparent; font-weight: 400; font-style: normal; font-variant: normal; text-decoration: none; vertical-align: baseline; white-space: pre-wrap\">Nie wierzcie, \u017ce podczas zebrania sprawozdawczo-wyborczego wasze opinie b\u0119d\u0105 mia\u0142y jakiekolwiek znaczenie. Przypomn\u0119 s\u0142owa Krzysztofa Matyszczyka, wyg\u0142oszone kilka lat temu: \u201czebranie sprawozdawczo-wyborcze nie ma \u017cadnej mocy decyzyjnej\u201d, czyli kr\u00f3tko m\u00f3wi\u0105c, &#8211; po choler\u0119 strz\u0119picie ozory, my i tak mamy to w \u2026. gdzie\u015b.<\/span><\/p>\n<p><span style=\"font-size: 10pt; font-family: Verdana; color: #000000; background-color: transparent; font-weight: 400; font-style: normal; font-variant: normal; text-decoration: none; vertical-align: baseline; white-space: pre-wrap\">A dzisiaj czytam w kolorowej gazetce Unii: <\/span><span style=\"font-size: 10pt; font-family: Verdana; color: #000000; background-color: transparent; font-weight: 700; font-style: italic; font-variant: normal; text-decoration: none; vertical-align: baseline; white-space: pre-wrap\">\u201cNasza Unia jest demokratycznie zarz\u0105dzan\u0105 instytucj\u0105 i poprzez coroczne wybory do Rady Dyrektor\u00f3w ka\u017cdy z Pa\u0144stwa ma prawo wypowiedzie\u0107, si\u0119 na temat strategii jej rozwoju\u201d.<\/span><span style=\"font-size: 10pt; font-family: Verdana; color: #000000; background-color: transparent; font-weight: 400; font-style: normal; font-variant: normal; text-decoration: none; vertical-align: baseline; white-space: pre-wrap\"> &#8211; kto to napisa\u0142? Jak to, kto? &#8211; Krzysztof Matyszczyk. Przez tyle lat mia\u0142 w nosie kilka tysi\u0119cy cz\u0142onkowskich podpis\u00f3w, przez tyle lat nie zorganizowa\u0142 ani jednego spotkania informacyjnego. Przez tyle lat za przyzwoleniem Chmielewskiego wydawali nasze pieni\u0105dze na bronienie si\u0119 przed w\u0142asnymi cz\u0142onkami, a dzisiaj, &#8211; <\/span><span style=\"font-size: 10pt; font-family: Verdana; color: #000000; background-color: transparent; font-weight: 700; font-style: italic; font-variant: normal; text-decoration: none; vertical-align: baseline; white-space: pre-wrap\">\u201cNasza Unia jest demokratycznie zarz\u0105dzan\u0105 instytucj\u0105\u2026\u201d <\/span><span style=\"font-size: 10pt; font-family: Verdana; color: #000000; background-color: transparent; font-weight: 400; font-style: normal; font-variant: normal; text-decoration: none; vertical-align: baseline; white-space: pre-wrap\" id=\"docs-internal-guid-d87fd5e5-e807-4896-cd78-2cbb3ae7f04d\">Apeluj\u0119 do nauczycieli, do wychowawc\u00f3w: nie dajcie si\u0119 mami\u0107 ciep\u0142ymi s\u0142\u00f3wkami, ani te\u017c nie dajcie si\u0119 zastrasza\u0107. Wiem, \u017ce Unia ma w Was wsparcie, ale te\u017c wiem, \u017ce zar\u00f3wno szko\u0142y, jak i ca\u0142y system o\u015bwiatowy w Polonii mo\u017ce dostawa\u0107 znacznie wi\u0119ksze pieni\u0105dze. Cdn&#8230;<\/span><\/p>\n","protected":false},"excerpt":{"rendered":"<p>Je\u015bli si\u0119 nie obudzimy trze\u017awi teraz, to za kilka lat obudzimy si\u0119 z r\u0119k\u0105 w nocniku. Nie owijaj\u0105c w bawe\u0142n\u0119, musimy doprowadzi\u0107 do zmian na szczycie w\u0142adz Polsko-S\u0142owia\u0144skiej Federalnej Unii Kredytowej, &#8211; tak w radzie dyrektor\u00f3w, jak i na stanowisku dyrektora wykonawczego.<\/p>\n","protected":false},"author":2,"featured_media":0,"comment_status":"open","ping_status":"open","sticky":false,"template":"","format":"standard","meta":[],"categories":[1,3],"tags":[],"_links":{"self":[{"href":"https:\/\/sporek.com\/blog\/index.php?rest_route=\/wp\/v2\/posts\/573"}],"collection":[{"href":"https:\/\/sporek.com\/blog\/index.php?rest_route=\/wp\/v2\/posts"}],"about":[{"href":"https:\/\/sporek.com\/blog\/index.php?rest_route=\/wp\/v2\/types\/post"}],"author":[{"embeddable":true,"href":"https:\/\/sporek.com\/blog\/index.php?rest_route=\/wp\/v2\/users\/2"}],"replies":[{"embeddable":true,"href":"https:\/\/sporek.com\/blog\/index.php?rest_route=%2Fwp%2Fv2%2Fcomments&post=573"}],"version-history":[{"count":0,"href":"https:\/\/sporek.com\/blog\/index.php?rest_route=\/wp\/v2\/posts\/573\/revisions"}],"wp:attachment":[{"href":"https:\/\/sporek.com\/blog\/index.php?rest_route=%2Fwp%2Fv2%2Fmedia&parent=573"}],"wp:term":[{"taxonomy":"category","embeddable":true,"href":"https:\/\/sporek.com\/blog\/index.php?rest_route=%2Fwp%2Fv2%2Fcategories&post=573"},{"taxonomy":"post_tag","embeddable":true,"href":"https:\/\/sporek.com\/blog\/index.php?rest_route=%2Fwp%2Fv2%2Ftags&post=573"}],"curies":[{"name":"wp","href":"https:\/\/api.w.org\/{rel}","templated":true}]}}