{"id":574,"date":"2018-04-23T22:48:56","date_gmt":"2018-04-24T02:48:56","guid":{"rendered":"http:\/\/sporek.com\/blog\/?p=574"},"modified":"2018-04-27T23:37:26","modified_gmt":"2018-04-28T03:37:26","slug":"wszyscy-ludzie%e2%80%a6-prezesa","status":"publish","type":"post","link":"https:\/\/sporek.com\/blog\/?p=574","title":{"rendered":"Wszyscy ludzie\u2026 Prezesa"},"content":{"rendered":"<p dir=\"ltr\" style=\"line-height: 1.38; margin-top: 0pt; margin-bottom: 0pt\" id=\"docs-internal-guid-c51741f4-f581-9c5f-bae2-e02a159b34b4\"><strong><span style=\"font-size: 10pt; font-family: Verdana; color: #000000; background-color: transparent; font-style: normal; font-variant: normal; text-decoration: none; vertical-align: baseline; white-space: pre-wrap\">Czyli Wybory do Rady Dyrektor\u00f3w 2<\/span><\/strong><\/p>\n<p dir=\"ltr\" style=\"line-height: 1.38; margin-top: 0pt; margin-bottom: 0pt\"><span style=\"font-size: 10pt; font-family: Verdana; color: #000000; background-color: transparent; font-weight: 400; font-style: normal; font-variant: normal; text-decoration: none; vertical-align: baseline; white-space: pre-wrap\">-Po pierwsze: nie g\u0142osujmy elektronicznie. Jest bowiem w naszej Unii taki dzia\u0142, kt\u00f3ry nazywa si\u0119 IT &#8211; Information Technology. <!--more-->Zatrudnieni tam faceci maj\u0105 absolutn\u0105 mo\u017cliwo\u015b\u0107 poprawiania kart do g\u0142osowania. Zdob\u0105d\u017amy si\u0119 na odrobin\u0119 wysi\u0142ku i wype\u0142nijmy \u201cbaloty\u201d r\u0119cznie, a potem wrzu\u0107my kopert\u0119 do skrzynki pocztowej. Nie pozw\u00f3lmy kombinowa\u0107 elektronicznie przy naszych g\u0142osach.<\/span><\/p>\n<p dir=\"ltr\" style=\"line-height: 1.38; margin-top: 0pt; margin-bottom: 0pt\"><span style=\"font-size: 10pt; font-family: Verdana; color: #000000; background-color: transparent; font-weight: 400; font-style: normal; font-variant: normal; text-decoration: none; vertical-align: baseline; white-space: pre-wrap\">-Tak zwana Komisja Nominacyjna, w kt\u00f3rej, nie rozumiem, dlaczego zasiada\u0142a pani Andraka (szefowa organizacji, kt\u00f3ra jest sponsorem Unii), kt\u00f3ra to pani mia\u0142a i nadal ma problem z rozliczaniem pieni\u0119dzy, jakie dostaje od Unii Kredytowej. Przypomn\u0119: Centrum Polsko-S\u0142owia\u0144skie musi sk\u0142ada\u0107 formy rozliczeniowe do Rady Dyrektor\u00f3w, &#8211; Centrala Szk\u00f3\u0142 Dokszta\u0142caj\u0105cych nie ma takiego obowi\u0105zku. A my, jako cz\u0142onkowie chcemy i mamy prawo wiedzie\u0107, jak pani Andraka wydaje nasze pieni\u0105dze. Rz\u0105dzenie Central\u0105 przez pani\u0105 Andrak\u0119 doprowadzi\u0142o do konfliktu z IRSem i pozbawienia polonijnego szkolnictwa statusu Non for profit, ale dla So\u0142tysa, to nie ma \u017cadnego znaczenia. Lepiej mie\u0107 przy sobie pos\u0142usznych, nawet ze sfa\u0142szowanymi dyplomami magistra ekonomisty, ni\u017c fachowc\u00f3w. Ta w\u0142a\u015bnie komisja odrzuci\u0142a jedyn\u0105, z pe\u0142nym wykszta\u0142ceniem i kilkakrotnie wi\u0119kszym do\u015bwiadczeniem bankowym, ni\u017c obecny dyrektor wykonawczy kandydatk\u0119, pani\u0105 Danut\u0119 Siemi\u0144sk\u0105. Musia\u0142a zbiera\u0107 podpisy. Jestem ciekaw, jak pani Andraka wyt\u0142umaczy\u0142aby mi, dlaczego odrzucono tak do\u015bwiadczon\u0105 i wykszta\u0142con\u0105 kandydatk\u0119, a zatwierdzono policjanta, in\u017cyniera, elektryka, nauczycielk\u0119 pedagogiki specjalnej, &#8211; \u017ce wymieni\u0119 tylko kilka dziwnych profesji, konkuruj\u0105cych z do\u015bwiadczonym bankowcem. To pierwszy skandal, kt\u00f3ry rozpocz\u0105\u0142 tegoroczne wybory do Rady Dyrektor\u00f3w. <\/span><\/p>\n<p dir=\"ltr\" style=\"line-height: 1.38; margin-top: 0pt; margin-bottom: 0pt\"><span style=\"font-size: 10pt; font-family: Verdana; color: #000000; background-color: transparent; font-weight: 400; font-style: normal; font-variant: normal; text-decoration: none; vertical-align: baseline; white-space: pre-wrap\">-Obecni szefowie: Chmielewski, jako CEO i Matyszczyk, jako szef i cz\u0142onek Rady Dyrektor\u00f3w powinni by\u0107 ca\u0142kowicie odsuni\u0119ci od naszej Unii. Opowiadaj\u0105 bzdury o wielkich sukcesach w Chicago, a tymczasem oddzia\u0142 przy McGuinnes Blvd robi na pokrycie po\u017cyczek w Chicago, bo niby sk\u0105d mia\u0142yby si\u0119 wzi\u0105\u0107 pieni\u0105dze. <\/span><\/p>\n<p dir=\"ltr\" style=\"line-height: 1.38; margin-top: 0pt; margin-bottom: 0pt\"><span style=\"font-size: 10pt; font-family: Verdana; color: #000000; background-color: transparent; font-weight: 400; font-style: normal; font-variant: normal; text-decoration: none; vertical-align: baseline; white-space: pre-wrap\">-A teraz troch\u0119 \u201cmatematyki paradoksalnej\u201d, nie z sufitu, a ze sprawozda\u0144 finansowych naszej Unii i Unii Ukrai\u0144skiej. Lektura nieprawdopodobnie ciekawa. <\/span><\/p>\n<p dir=\"ltr\" style=\"line-height: 1.38; margin-top: 0pt; margin-bottom: 0pt\"><span style=\"font-size: 10pt; font-family: Verdana; color: #000000; background-color: transparent; font-weight: 400; font-style: normal; font-variant: normal; text-decoration: none; vertical-align: baseline; white-space: pre-wrap\">&#8211;<\/span><span style=\"font-size: 10pt; font-family: Verdana; color: #000000; background-color: transparent; font-weight: 700; font-style: normal; font-variant: normal; text-decoration: none; vertical-align: baseline; white-space: pre-wrap\">Paradoks #1:<\/span><span style=\"font-size: 10pt; font-family: Verdana; color: #000000; background-color: transparent; font-weight: 400; font-style: normal; font-variant: normal; text-decoration: none; vertical-align: baseline; white-space: pre-wrap\"> W PSFUK na wyp\u0142acenie cz\u0142onkom dywidend w wysoko\u015bci $4,845,320 wydali\u015bmy $23.547,665 na wyp\u0142aty pracownik\u00f3w.<\/span><\/p>\n<p dir=\"ltr\" style=\"line-height: 1.38; margin-top: 0pt; margin-bottom: 0pt\"><span style=\"font-size: 10pt; font-family: Verdana; color: #000000; background-color: transparent; font-weight: 400; font-style: normal; font-variant: normal; text-decoration: none; vertical-align: baseline; white-space: pre-wrap\">&#8211;<\/span><span style=\"font-size: 10pt; font-family: Verdana; color: #000000; background-color: transparent; font-weight: 700; font-style: normal; font-variant: normal; text-decoration: none; vertical-align: baseline; white-space: pre-wrap\">Paradoks #2:<\/span><span style=\"font-size: 10pt; font-family: Verdana; color: #000000; background-color: transparent; font-weight: 400; font-style: normal; font-variant: normal; text-decoration: none; vertical-align: baseline; white-space: pre-wrap\"> W Unii Ukr. na wyp\u0142acanie dywidend w wys. $22,248,247 wydano $4,895,404 na wyp\u0142aty pracownik\u00f3w..<\/span><\/p>\n<p dir=\"ltr\" style=\"line-height: 1.38; margin-top: 0pt; margin-bottom: 0pt\"><span style=\"font-size: 10pt; font-family: Verdana; color: #000000; background-color: transparent; font-weight: 400; font-style: normal; font-variant: normal; text-decoration: none; vertical-align: baseline; white-space: pre-wrap\">&#8211;<\/span><span style=\"font-size: 10pt; font-family: Verdana; color: #000000; background-color: transparent; font-weight: 700; font-style: normal; font-variant: normal; text-decoration: none; vertical-align: baseline; white-space: pre-wrap\">Paradoks #3:<\/span><span style=\"font-size: 10pt; font-family: Verdana; color: #000000; background-color: transparent; font-weight: 400; font-style: normal; font-variant: normal; text-decoration: none; vertical-align: baseline; white-space: pre-wrap\"> Wszystkie promocje naszej Unii na wk\u0142ady terminowe, jak r\u00f3wnie\u017c wzrost wk\u0142ad\u00f3w cz\u0142onkowskich spowodowa\u0142y spadek dywidendy o $438,393 w por\u00f3wnaniu z rokiem ubieg\u0142ym.<\/span><\/p>\n<p dir=\"ltr\" style=\"line-height: 1.38; margin-top: 0pt; margin-bottom: 0pt\"><span style=\"font-size: 10pt; font-family: Verdana; color: #000000; background-color: transparent; font-weight: 400; font-style: normal; font-variant: normal; text-decoration: none; vertical-align: baseline; white-space: pre-wrap\">&#8211;<\/span><span style=\"font-size: 10pt; font-family: Verdana; color: #000000; background-color: transparent; font-weight: 700; font-style: normal; font-variant: normal; text-decoration: none; vertical-align: baseline; white-space: pre-wrap\">Paradoks #4:<\/span><span style=\"font-size: 10pt; font-family: Verdana; color: #000000; background-color: transparent; font-weight: 400; font-style: normal; font-variant: normal; text-decoration: none; vertical-align: baseline; white-space: pre-wrap\"> W unii ukrai\u0144skiej, bez jakiejkolwiek promocji i stabilnie wysokim oprocentowaniu dywidendy wzros\u0142y o $1,876,614.<\/span><\/p>\n<p dir=\"ltr\" style=\"line-height: 1.38; margin-top: 0pt; margin-bottom: 0pt\"><span style=\"font-size: 10pt; font-family: Verdana; color: #000000; background-color: transparent; font-weight: 400; font-style: normal; font-variant: normal; text-decoration: none; vertical-align: baseline; white-space: pre-wrap\">&#8211;<\/span><span style=\"font-size: 10pt; font-family: Verdana; color: #000000; background-color: transparent; font-weight: 700; font-style: normal; font-variant: normal; text-decoration: none; vertical-align: baseline; white-space: pre-wrap\">Paradoks #5:<\/span><span style=\"font-size: 10pt; font-family: Verdana; color: #000000; background-color: transparent; font-weight: 400; font-style: normal; font-variant: normal; text-decoration: none; vertical-align: baseline; white-space: pre-wrap\"> Pomimo \u017ce w naszej unii mamy ponad 300 pracownik\u00f3w, to dla firm z zewn\u0105trz na obs\u0142ug\u0119 po\u017cyczek wydano $1,791,825 podczas gdy w Unii Ukrai\u0144skiej tylko $382,031, a pracownik\u00f3w jest tam tylko 42.<\/span><\/p>\n<p dir=\"ltr\" style=\"line-height: 1.38; margin-top: 0pt; margin-bottom: 0pt\"><span style=\"font-size: 10pt; font-family: Verdana; color: #000000; background-color: transparent; font-weight: 400; font-style: normal; font-variant: normal; text-decoration: none; vertical-align: baseline; white-space: pre-wrap\">&#8211;<\/span><span style=\"font-size: 10pt; font-family: Verdana; color: #000000; background-color: transparent; font-weight: 700; font-style: normal; font-variant: normal; text-decoration: none; vertical-align: baseline; white-space: pre-wrap\">Paradoks #6:<\/span><span style=\"font-size: 10pt; font-family: Verdana; color: #000000; background-color: transparent; font-weight: 400; font-style: normal; font-variant: normal; text-decoration: none; vertical-align: baseline; white-space: pre-wrap\"> Mimo, \u017ce obni\u017cono dyrektorom i cz\u0142onkom komisji rewizyjnej limity na podr\u00f3\u017ce i konferencje (z $12,000 na $6,000), to paradoksalnie wydatki na podr\u00f3\u017ce i konferencje wzros\u0142y z $727,299 do $823,591. Prawie o sto tysi\u0119cy. Wida\u0107 wyra\u017anie, \u017ce Rada ostro si\u0119 szkoli i jeszcze ostrzej podr\u00f3\u017cuje. Mia\u0142em racj\u0119 nazywaj\u0105c t\u0119 ferajn\u0119 niedawno biurem turystycznym.<\/span><\/p>\n<p dir=\"ltr\" style=\"line-height: 1.38; margin-top: 0pt; margin-bottom: 0pt\"><span style=\"font-size: 10pt; font-family: Verdana; color: #000000; background-color: transparent; font-weight: 400; font-style: normal; font-variant: normal; text-decoration: none; vertical-align: baseline; white-space: pre-wrap\">Wr\u00f3\u0107my jeszcze do kwestii kandydat\u00f3w. Jak mo\u017ce CEO rekomendowa\u0107 swoich kandydat\u00f3w. Czy pan zna przepisy Unii Kredytowych, panie Chmielewski? Zreszt\u0105, po co ja si\u0119 pytam? Kiedy wchodzi\u0142em do rady, w 2009 o\u015bmieszy\u0142 si\u0119 pan przed now\u0105 rad\u0105 dyrektor\u00f3w, kiedy na moje pytanie, <\/span><span style=\"font-size: 10pt; font-family: Verdana; color: #000000; background-color: transparent; font-weight: 700; font-style: italic; font-variant: normal; text-decoration: none; vertical-align: baseline; white-space: pre-wrap\">\u201cDlaczego po\u0142\u0105czy\u0142 pan moj\u0105 prywatn\u0105 po\u017cyczk\u0119 z lini\u0105 kredytow\u0105 szko\u0142y muzycznej?\u201d<\/span><span style=\"font-size: 10pt; font-family: Verdana; color: #000000; background-color: transparent; font-weight: 400; font-style: normal; font-variant: normal; text-decoration: none; vertical-align: baseline; white-space: pre-wrap\">  odpowiedzia\u0142 pan: <\/span><span style=\"font-size: 10pt; font-family: Verdana; color: #000000; background-color: transparent; font-weight: 700; font-style: italic; font-variant: normal; text-decoration: none; vertical-align: baseline; white-space: pre-wrap\">\u201cTakie by\u0142o zalecenie szef\u00f3w Rady Dyrektor\u00f3w\u201d<\/span><span style=\"font-size: 10pt; font-family: Verdana; color: #000000; background-color: transparent; font-weight: 700; font-style: normal; font-variant: normal; text-decoration: none; vertical-align: baseline; white-space: pre-wrap\">. <\/span><span style=\"font-size: 10pt; font-family: Verdana; color: #000000; background-color: transparent; font-weight: 400; font-style: normal; font-variant: normal; text-decoration: none; vertical-align: baseline; white-space: pre-wrap\">Przypomn\u0119: pow\u00f3d tej operacji by\u0142 bardzo prosty, &#8211; trzeba by\u0142o znale\u017a\u0107 argument, \u017ceby wpisa\u0107 pod moim \u017cyciorysem, \u017ce by\u0142em winien naszej Unii 20 tysi\u0119cy dolar\u00f3w<\/span><span style=\"font-size: 10pt; font-family: Verdana; color: #000000; background-color: transparent; font-weight: 700; font-style: normal; font-variant: normal; text-decoration: none; vertical-align: baseline; white-space: pre-wrap\">. <\/span><span style=\"font-size: 10pt; font-family: Verdana; color: #000000; background-color: transparent; font-weight: 400; font-style: normal; font-variant: normal; text-decoration: none; vertical-align: baseline; white-space: pre-wrap\">Ju\u017c wtedy powinienem odda\u0107 pana do s\u0105du za znies\u0142awienie.<\/span><span style=\"font-size: 10pt; font-family: Verdana; color: #000000; background-color: transparent; font-weight: 700; font-style: normal; font-variant: normal; text-decoration: none; vertical-align: baseline; white-space: pre-wrap\"> <\/span><span style=\"font-size: 10pt; font-family: Verdana; color: #000000; background-color: transparent; font-weight: 400; font-style: normal; font-variant: normal; text-decoration: none; vertical-align: baseline; white-space: pre-wrap\">Tylko, wie pan co, &#8211; \u017cycie samo p\u0142aci za nikczemno\u015b\u0107. I to jest r\u00f3wnie\u017c przestroga dla tych wszystkich \u201c\u017co\u0142nierzy\u201d z Dzia\u0142u IT, ale te\u017c i dla nauczycieli. Zgadzacie sie na akcje zak\u0142adania dzieciom kont. Pracownicy Unii lataj\u0105 po szko\u0142ach, a wszystko po to, \u017ceby z ka\u017cdego konta wzi\u0105\u0107 10 dolark\u00f3w, bo si\u0119 przydadz\u0105, &#8211; mo\u017ce na konferencje na Hawajach, albo w innym Singapurze&#8230;? Pewnego dnia b\u0119dziecie musieli stan\u0105\u0107 przed swoim odbiciem w lustrze (nie \u017cycz\u0119, \u017ceby to by\u0142o na sali s\u0105dowej) &#8211; i zapyta\u0107 siebie: dla kogo ja to robi\u0142em i po co?<\/span><\/p>\n<p dir=\"ltr\" style=\"line-height: 1.38; margin-top: 0pt; margin-bottom: 0pt\"><span style=\"font-size: 10pt; font-family: Verdana; color: #000000; background-color: transparent; font-weight: 400; font-style: normal; font-variant: normal; text-decoration: none; vertical-align: baseline; white-space: pre-wrap\">A mo\u017ce wydaje si\u0119 panu, So\u0142tysie, jak ongi\u015b wydawa\u0142o si\u0119 komuchom, \u017ce jest pan ponad prawem? <\/span><\/p>\n<p dir=\"ltr\" style=\"line-height: 1.38; margin-top: 0pt; margin-bottom: 0pt\"><span style=\"font-size: 10pt; font-family: Verdana; color: #000000; background-color: transparent; font-weight: 400; font-style: normal; font-variant: normal; text-decoration: none; vertical-align: baseline; white-space: pre-wrap\">Nast\u0119pna sprawa: co oznacza zalecenie, aby zg\u0142asza\u0107 si\u0119 do trenera judo, &#8211; <\/span><span style=\"font-size: 10pt; font-family: Verdana; color: #000000; background-color: transparent; font-weight: 700; font-style: normal; font-variant: normal; text-decoration: none; vertical-align: baseline; white-space: pre-wrap\">on pomo\u017ce wype\u0142ni\u0107 baloty wyborcze?<\/span><span style=\"font-size: 10pt; font-family: Verdana; color: #000000; background-color: transparent; font-weight: 400; font-style: normal; font-variant: normal; text-decoration: none; vertical-align: baseline; white-space: pre-wrap\"> Czy wam ju\u017c ca\u0142kiem rozum odebra\u0142o? To\u017c to gorsze. ni\u017c za komuny!<\/span><\/p>\n<p dir=\"ltr\" style=\"line-height: 1.38; margin-top: 0pt; margin-bottom: 0pt\"><span style=\"font-size: 10pt; font-family: Verdana; color: #000000; background-color: transparent; font-weight: 400; font-style: normal; font-variant: normal; text-decoration: none; vertical-align: baseline; white-space: pre-wrap\">A teraz najohydniejsza sprawa, gorsza, ni\u017c jakiekolwiek sprawy w komunie, na jak\u0105 zdecydowali si\u0119 w\u0142adcy Polsko-S\u0142owia\u0144skiej Federalnej Unii Kredytowej. Ot\u00f3\u017c stworzono (a mo\u017ce raczej zmuszono do tego pracownik\u00f3w&#8230;) fa\u0142szywe konta na Facecbooku i \u201coddelegowani \u017co\u0142nierze\u201d walczyli z wpisami krytykuj\u0105cymi Uni\u0119 oraz rozsiewali propagand\u0119 sukcesu zalecan\u0105 przez szef\u00f3w naszej Unii. Infiltrowali, opluwali, powtarzali wierutne k\u0142amstwa i my\u015bleli, \u017ce to zabawa w piaskownicy. Po Facebooku hasali: Witek Polski, Piotr Zieli\u0144ski, by\u0142a nazwa konta: Wybory PSFCU, Wybory w Polsko-S\u0142owia\u0144skiej Federalnej Unii Kredytowej i Gwiazda Polarna. Niby nic te konta nie mia\u0142y wsp\u00f3lnego z Uni\u0105&#8230; Niby.A tymczasem\u2026? Poniewa\u017c sprawa jest z gatunku &#8222;rozwojowych&#8221; nie wolno mi o niej wi\u0119cej pisa\u0107.<\/span><\/p>\n<p dir=\"ltr\" style=\"line-height: 1.38; margin-top: 0pt; margin-bottom: 0pt\"><span style=\"font-size: 10pt; font-family: Verdana; color: #000000; background-color: transparent; font-weight: 400; font-style: normal; font-variant: normal; text-decoration: none; vertical-align: baseline; white-space: pre-wrap\">I wreszcie matematyczna bomba o tym, jak to Rada Dyrektor\u00f3w wspiera polonijn\u0105 m\u0142odzie\u017c: UWAGA, KTO STOI, NIECH USI\u0104DZIE, BO SI\u0118 MO\u017bE PRZEWR\u00d3CI\u0106:<\/span><\/p>\n<p dir=\"ltr\" style=\"line-height: 1.38; margin-top: 0pt; margin-bottom: 0pt\"><span style=\"font-size: 10pt; font-family: Verdana; color: #000000; background-color: transparent; font-weight: 400; font-style: normal; font-variant: normal; text-decoration: none; vertical-align: baseline; white-space: pre-wrap\">400 tysi\u0119cy dolar\u00f3w na stypendia dla 339 polonijnych \u017cak\u00f3w, &#8211; wychodzi, \u015brednio 1,180 dolar\u00f3w na jednego, ale:<\/span><\/p>\n<p dir=\"ltr\" style=\"line-height: 1.38; margin-top: 0pt; margin-bottom: 0pt\"><span style=\"font-size: 10pt; font-family: Verdana; color: #000000; background-color: transparent; font-weight: 400; font-style: normal; font-variant: normal; text-decoration: none; vertical-align: baseline; white-space: pre-wrap\">823 tysi\u0105ce, 591 dolar\u00f3w na szkolenia i podr\u00f3\u017ce dla 11 dyrektor\u00f3w i pi\u0119ciu z komisji rewizyjnej, razem 16 \u201cwybitnych Polonus\u00f3w zasiadaj\u0105cych w Radzie Dyrektor\u00f3w banku, &#8211; jak to zacnie brzmi. Tyle, \u017ce m\u00f3wimy o kwocie 51 tysi\u0119cy 474, na ka\u017cdego z tych \u201cwybitnych\u201d i to ju\u017c niestety, zacne nie jest.<\/span><\/p>\n<p dir=\"ltr\" style=\"line-height: 1.38; margin-top: 0pt; margin-bottom: 0pt\"><span style=\"font-size: 10pt; font-family: Verdana; color: #000000; background-color: transparent; font-weight: 400; font-style: normal; font-variant: normal; text-decoration: none; vertical-align: baseline; white-space: pre-wrap\">Polonio, &#8211; mo\u017cemy dalej chowa\u0107 g\u0142owy w piasek, mo\u017cemy zgadza\u0107 si\u0119 na oprocentowanie w wysoko\u015bci 0.01, mo\u017cemy nadal by\u0107 politycznie poprawni, tylko czy my wszyscy po to harujemy, po to sk\u0142adamy nasze oszcz\u0119dno\u015bci w PSFUK, zeby grupa niekompetentnych, nieodpowiedzialnych szkodnik\u00f3w gra\u0142a nam na nosach? <\/span><\/p>\n<p dir=\"ltr\" style=\"line-height: 1.38; margin-top: 0pt; margin-bottom: 0pt\"><span style=\"font-size: 10pt; font-family: Verdana; color: #000000; background-color: transparent; font-weight: 400; font-style: normal; font-variant: normal; text-decoration: none; vertical-align: baseline; white-space: pre-wrap\">Gdzie s\u0105 polonijne media; gazety, radio internetowe? S\u0105, ale si\u0119 sprzeda\u0142y. Nie napisz\u0105 nic, bo nie dostan\u0105 od So\u0142tysa 50 tysi\u0119cy na rok. A tymczasem tak\u0105 w\u0142a\u015bnie kwot\u0119 szkodnicy przeje\u017cd\u017c\u0105, przelec\u0105, prze\u017cr\u0105, przepij\u0105, przepieprz\u0105 na przyjemno\u015bci. Na waszym miejscu obla\u0142bym si\u0119 rumie\u0144cem wstydu. Jeste\u015bcie, jak grysik w przedszkolu, do kt\u00f3rego mnie zmuszano, &#8211; nie do prze\u0142kni\u0119cia.<\/span><\/p>\n<p dir=\"ltr\" style=\"line-height: 1.38; margin-top: 0pt; margin-bottom: 0pt\"><span style=\"font-size: 10pt; font-family: Verdana; color: #000000; background-color: transparent; font-weight: 400; font-style: normal; font-variant: normal; text-decoration: none; vertical-align: baseline; white-space: pre-wrap\">Najgorsze, \u017ce opr\u00f3cz <\/span><span style=\"font-size: 10pt; font-family: Verdana; color: #000000; background-color: transparent; font-weight: 700; font-style: normal; font-variant: normal; text-decoration: none; vertical-align: baseline; white-space: pre-wrap\">Danuty Siemi\u0144skiej<\/span><span style=\"font-size: 10pt; font-family: Verdana; color: #000000; background-color: transparent; font-weight: 400; font-style: normal; font-variant: normal; text-decoration: none; vertical-align: baseline; white-space: pre-wrap\">, nie widz\u0119 wyra\u017anych kandydat\u00f3w.<\/span><span data-offset-key=\"c0ar5-0-0\"><span data-text=\"true\"> Poniewa\u017c musimy kogo\u015b wybra\u0107, to proponuj\u0119 dolo\u017cy\u0107 nast\u0119puj\u0105ce osoby:<\/span><\/span><span data-offset-key=\"59mf6-0-0\"><span data-text=\"true\"> Andrzej Cierkosz, Bo\u017cena Kajewska-Pielarz i El\u017cbieta Baumgartner. Od czego\u015b musimy te zmiany zacz\u0105\u0107.<\/span><\/span><\/p>\n<p dir=\"ltr\" style=\"line-height: 1.38; margin-top: 0pt; margin-bottom: 0pt\"><span style=\"font-size: 10pt; font-family: Verdana; color: #000000; background-color: transparent; font-weight: 400; font-style: normal; font-variant: normal; text-decoration: none; vertical-align: baseline; white-space: pre-wrap\"><br \/>\n<\/span><\/p>\n","protected":false},"excerpt":{"rendered":"<p>Czyli Wybory do Rady Dyrektor\u00f3w 2 -Po pierwsze: nie g\u0142osujmy elektronicznie. Jest bowiem w naszej Unii taki dzia\u0142, kt\u00f3ry nazywa si\u0119 IT &#8211; Information Technology.<\/p>\n","protected":false},"author":2,"featured_media":0,"comment_status":"open","ping_status":"open","sticky":false,"template":"","format":"standard","meta":[],"categories":[3],"tags":[],"_links":{"self":[{"href":"https:\/\/sporek.com\/blog\/index.php?rest_route=\/wp\/v2\/posts\/574"}],"collection":[{"href":"https:\/\/sporek.com\/blog\/index.php?rest_route=\/wp\/v2\/posts"}],"about":[{"href":"https:\/\/sporek.com\/blog\/index.php?rest_route=\/wp\/v2\/types\/post"}],"author":[{"embeddable":true,"href":"https:\/\/sporek.com\/blog\/index.php?rest_route=\/wp\/v2\/users\/2"}],"replies":[{"embeddable":true,"href":"https:\/\/sporek.com\/blog\/index.php?rest_route=%2Fwp%2Fv2%2Fcomments&post=574"}],"version-history":[{"count":0,"href":"https:\/\/sporek.com\/blog\/index.php?rest_route=\/wp\/v2\/posts\/574\/revisions"}],"wp:attachment":[{"href":"https:\/\/sporek.com\/blog\/index.php?rest_route=%2Fwp%2Fv2%2Fmedia&parent=574"}],"wp:term":[{"taxonomy":"category","embeddable":true,"href":"https:\/\/sporek.com\/blog\/index.php?rest_route=%2Fwp%2Fv2%2Fcategories&post=574"},{"taxonomy":"post_tag","embeddable":true,"href":"https:\/\/sporek.com\/blog\/index.php?rest_route=%2Fwp%2Fv2%2Ftags&post=574"}],"curies":[{"name":"wp","href":"https:\/\/api.w.org\/{rel}","templated":true}]}}