{"id":576,"date":"2018-05-24T11:08:33","date_gmt":"2018-05-24T15:08:33","guid":{"rendered":"http:\/\/sporek.com\/blog\/?p=576"},"modified":"2018-05-24T20:36:59","modified_gmt":"2018-05-25T00:36:59","slug":"ach-ten-pomnik-ach-ta-polonia","status":"publish","type":"post","link":"https:\/\/sporek.com\/blog\/?p=576","title":{"rendered":"Ach, ten Pomnik, ach, ta Polonia"},"content":{"rendered":"<p dir=\"ltr\" style=\"line-height: 1.38; margin-top: 0pt; margin-bottom: 0pt\"><span style=\"font-size: 10pt; font-family: Verdana; color: #000000; background-color: transparent; font-weight: 400; font-style: normal; font-variant: normal; text-decoration: none; vertical-align: baseline; white-space: pre-wrap\">Sze\u015b\u0107 i p\u00f3\u0142 godziny, &#8211; tyle musieli\u015bmy wysiedzie\u0107 na sali obrad Ratusza, w Jersey City, w stanie New Jersey, tu\u017c za tunelem &#8222;Holland&#8221;, z Manhattanu do Jersey City, w\u0142a\u015bnie. Ponad dwustu Polonus\u00f3w z ma\u0142ymi, symbolicznymi flagami. Porz\u0105dek obrad musi odpowiada\u0107 przepisom i Amerykanie s\u0105 w tej materii bardzo skrupulatni. <!--more-->Po przeczytaniu porz\u0105dku obrad odby\u0142o si\u0119 g\u0142osowanie nad tzw. &#8222;<\/span><span style=\"font-size: 10pt; font-family: Verdana; color: #000000; background-color: transparent; font-weight: 400; font-style: italic; font-variant: normal; text-decoration: none; vertical-align: baseline; white-space: pre-wrap\">ordinance<\/span><span style=\"font-size: 10pt; font-family: Verdana; color: #000000; background-color: transparent; font-weight: 400; font-style: normal; font-variant: normal; text-decoration: none; vertical-align: baseline; white-space: pre-wrap\">&#8222;, czyli ordynacj\u0105, a ordynacja nie ma nic wsp\u00f3lnego z &#8222;<\/span><span style=\"font-size: 10pt; font-family: Verdana; color: #000000; background-color: transparent; font-weight: 400; font-style: italic; font-variant: normal; text-decoration: none; vertical-align: baseline; white-space: pre-wrap\">rezolucj\u0105<\/span><span style=\"font-size: 10pt; font-family: Verdana; color: #000000; background-color: transparent; font-weight: 400; font-style: normal; font-variant: normal; text-decoration: none; vertical-align: baseline; white-space: pre-wrap\">&#8222;. Wynik g\u0142osowania nad ordynacj\u0105 wynosi\u0142 7:1. Nie wiem tylko, dlaczego pani Celina Urbankowska z Komitetu Pomnika rozpocz\u0119\u0142a szeptan\u0105 kampani\u0119, \u017ce &#8222;<\/span><span style=\"font-size: 10pt; font-family: Verdana; color: #000000; background-color: transparent; font-weight: 700; font-style: italic; font-variant: normal; text-decoration: none; vertical-align: baseline; white-space: pre-wrap\">ju\u017c jest po wszystkim, ju\u017c nie ma o co walczy\u0107, bo zag\u0142osowali siedem do jednego za przesuni\u0119ciem pomnika&#8221;<\/span><span style=\"font-size: 10pt; font-family: Verdana; color: #000000; background-color: transparent; font-weight: 400; font-style: normal; font-variant: normal; text-decoration: none; vertical-align: baseline; white-space: pre-wrap\">? Czy chodzi\u0142o o zniech\u0119cenie nas do pozostawania na sali, czy mo\u017ce rezygnacji zapisanych do zabrania g\u0142osu ze swojego prawa, &#8211; nie wiem, ale wygl\u0105da\u0142o to, delikatnie m\u00f3wi\u0105c dziwnie, bo odczu\u0142em, jakby pewien rodzaj satysfakcji w g\u0142osie pani Celiny. Lecia\u0142y kolejne referaty dotycz\u0105ce miasta, a dyskusja na temat pomnika zaplanowana by\u0142a na p\u00f3\u017aniej. Niemniej, S\u0142awomir Platta by\u0142 na li\u015bcie m\u00f3wc\u00f3w, jako dziesi\u0105ty i doszed\u0142 do m\u00f3wnicy. Z ogromn\u0105 ekspresj\u0105, przeplataj\u0105c \u0142agodny ton z krzykiem prawie, pr\u00f3bowa\u0142 uzmys\u0142owi\u0107 radnym, \u017ce &#8222;nie wiedz\u0105, co czyni\u0105&#8221;. Nie tylko dlatego, \u017ce chc\u0105 przenie\u015b\u0107 nasz pomnik, ale przede wszystkim dlatego, \u017ce nie maj\u0105 poj\u0119cia o kosztach, \u017ce nie maj\u0105 poj\u0119cia o technicznej stronie tej operacji. S\u0142awek wspomnia\u0142, \u017ce nieludzk\u0105 rzecz\u0105 jest rusza\u0107 ten pomnik, bo w jego wn\u0119trzu znajduj\u0105 si\u0119 szcz\u0105tki ludzkie. W tym momencie Celina Urbanowska i Krzysztof Nowak siedz\u0105cy w pierwszej \u0142awie, \u00a0wybuchn\u0119li \u015bmiechem. Sekundowali im &#8222;<\/span><span style=\"font-size: 10pt; font-family: Verdana; color: #000000; background-color: transparent; font-weight: 400; font-style: italic; font-variant: normal; text-decoration: none; vertical-align: baseline; white-space: pre-wrap\">przyboczni<\/span><span style=\"font-size: 10pt; font-family: Verdana; color: #000000; background-color: transparent; font-weight: 400; font-style: normal; font-variant: normal; text-decoration: none; vertical-align: baseline; white-space: pre-wrap\">&#8221; siedz\u0105cy obok nich, m. in. pan Rusi\u0144ski z tzw. Klubu Gazety Polskiej. Z czego ten \u015bmiech? O tym za chwil\u0119, bo oto do m\u00f3wnicy dochodzi Krzysztof Nowak, przewodnicz\u0105cy Komitetu Pomnika. Sala &#8222;wst\u0119pnie&#8221; buczy. Troch\u0119 mi Krzysztofa \u017cal, ale mia\u0142em nadziej\u0119, \u017ce powie co\u015b m\u0105drego i zyska sympati\u0119. Zacz\u0105\u0142 od tego, \u017ce w pomniku nie ma \u017cadnych szcz\u0105tk\u00f3w.<\/span><span style=\"font-size: 10pt; font-family: Verdana; color: #000000; background-color: transparent; font-weight: 700; font-style: normal; font-variant: normal; text-decoration: none; vertical-align: baseline; white-space: pre-wrap\"> &#8222;Jest<\/span><span style=\"font-size: 10pt; font-family: Verdana; color: #000000; background-color: transparent; font-weight: 400; font-style: normal; font-variant: normal; text-decoration: none; vertical-align: baseline; white-space: pre-wrap\"> <\/span><span style=\"font-size: 10pt; font-family: Verdana; color: #000000; background-color: transparent; font-weight: 700; font-style: normal; font-variant: normal; text-decoration: none; vertical-align: baseline; white-space: pre-wrap\">\u2018tylko\u2019<\/span><span style=\"font-size: 10pt; font-family: Verdana; color: #000000; background-color: transparent; font-weight: 400; font-style: normal; font-variant: normal; text-decoration: none; vertical-align: baseline; white-space: pre-wrap\"> <\/span><span style=\"font-size: 10pt; font-family: Verdana; color: #000000; background-color: transparent; font-weight: 700; font-style: normal; font-variant: normal; text-decoration: none; vertical-align: baseline; white-space: pre-wrap\">gar\u015b\u0107 ziemi z lasu katy\u0144skiego&#8221;<\/span><span style=\"font-size: 10pt; font-family: Verdana; color: #000000; background-color: transparent; font-weight: 400; font-style: normal; font-variant: normal; text-decoration: none; vertical-align: baseline; white-space: pre-wrap\">. (I st\u0105d ten \u015bmiech, ale fajnie, co&#8230;?) Strasznie mnie to zdenerwowa\u0142o. Pomy\u015bla\u0142em: ch\u0142opie, to ty nie pami\u0119tasz, czym by\u0142a gar\u015b\u0107 ziemi z Polski dla umieraj\u0105cych na obczy\u017anie emigrant\u00f3w?, Jak prosili, \u017ceby w\u0142a\u015bnie gar\u015b\u0107 ziemi z ich stron ojczystych przywie\u017a\u0107 im, jako najwspanialszy prezent? Krzysztofie, ta gar\u015b\u0107 ziemi, przywieziona przez jednego z najbardziej ofiarnych fundator\u00f3w i dzia\u0142aczy polonijnych, pana Stanis\u0142awa Paszula, patriot\u0119, o jakich ju\u017c dzi\u015b trudno, to w\u0142a\u015bnie relikwia tamtych czas\u00f3w, tamtej potwornej zbrodni na 22 tysi\u0105cach polskich Bohater\u00f3w. Przecie\u017c to Im postawili\u015bcie ten pomnik. Pami\u0119tasz wzruszenie, jakie ogarn\u0119\u0142o nas wszystkich, gdy og\u0142osili\u015bcie, \u017ce Paszul przywi\u00f3z\u0142 woreczek z ziemi\u0105, \u017ce zostanie wmurowana w pomnik? A dzisiaj \u015bmiech? Paszul odda\u0142 ca\u0142y sw\u00f3j maj\u0105tek, aby ten pomnik powsta\u0142 i dzi\u015b pewnie przewraca si\u0119 w grobie widz\u0105c, co wyprawia <\/span><span style=\"font-size: 10pt; font-family: Verdana; color: #000000; background-color: transparent; font-weight: 400; font-style: italic; font-variant: normal; text-decoration: none; vertical-align: baseline; white-space: pre-wrap\">&#8222;Jego Komitet&#8221;<\/span><span style=\"font-size: 10pt; font-family: Verdana; color: #000000; background-color: transparent; font-weight: 400; font-style: normal; font-variant: normal; text-decoration: none; vertical-align: baseline; white-space: pre-wrap\">.<\/span><\/p>\n<p dir=\"ltr\" style=\"line-height: 1.38; margin-top: 0pt; margin-bottom: 0pt\"><span style=\"font-size: 10pt; font-family: Verdana; color: #000000; background-color: transparent; font-weight: 400; font-style: normal; font-variant: normal; text-decoration: none; vertical-align: baseline; white-space: pre-wrap\">Kilkakrotnie widownia przerywa\u0142a Nowakowi okrzykami i buczeniem. Nawet otrzymali\u015bmy, jako widownia ostrze\u017cenie, \u017ce zostaniemy usuni\u0119ci z sali. No, wi\u0119c pozwolili\u015bmy mu m\u00f3wi\u0107. Niestety, zabrn\u0105\u0142 tak daleko, \u017ce jeden ze starszych radnych wykrzykn\u0105\u0142 nagle: &#8222;<\/span><span style=\"font-size: 10pt; font-family: Verdana; color: #000000; background-color: transparent; font-weight: 700; font-style: italic; font-variant: normal; text-decoration: none; vertical-align: baseline; white-space: pre-wrap\">Tak zaciekle broni\u0142e\u015b pomnika kilka tygodni temu i co si\u0119 sta\u0142o teraz, \u017ce zmieni\u0142e\u015b zdanie? Kto ci powiedzia\u0142, \u017ce miasto b\u0119dzie za wszystko p\u0142aci\u0107? Dostali\u015bcie pieni\u0105dze od dewelopera, czego jeszcze chcecie? Cut it off&#8221;,<\/span><span style=\"font-size: 10pt; font-family: Verdana; color: #000000; background-color: transparent; font-weight: 400; font-style: normal; font-variant: normal; text-decoration: none; vertical-align: baseline; white-space: pre-wrap\"> &#8211; nie m\u00f3w ju\u017c nic wi\u0119cej). I praktycznie odebra\u0142 g\u0142os Krzysztofowi, kt\u00f3ry wracaj\u0105c na miejsce musia\u0142 zmierzy\u0107 si\u0119 z okrzykami, zdrajca, wstyd, sprzedawczyk,- po polsku i po angielsku.<\/span><\/p>\n<p dir=\"ltr\" style=\"line-height: 1.38; margin-top: 0pt; margin-bottom: 0pt\"><span style=\"font-size: 10pt; font-family: Verdana; color: #000000; background-color: transparent; font-weight: 400; font-style: normal; font-variant: normal; text-decoration: none; vertical-align: baseline; white-space: pre-wrap\">Nag\u0142o\u015bnienie w tej sali jest fatalne i wstyd, \u017ce urz\u0105d miasta ma taki sprz\u0119t. Jak do tego do\u0142o\u017cy\u0107 kiepsk\u0105 dykcj\u0119 m\u00f3wc\u00f3w i, albo za blisko mikrofonu, albo za daleko, to problem z wychwyceniem tekstu jest naprawd\u0119 olbrzymi. Ten radny postara\u0142 si\u0119 jednak o troch\u0119 aktorstwa i idealnie wyartyku\u0142owa\u0142 to, co powiedzia\u0142. No, i teraz mo\u017cna si\u0119 zastanawia\u0107:<\/span><\/p>\n<p dir=\"ltr\" style=\"line-height: 1.38; margin-top: 0pt; margin-bottom: 0pt\"><span style=\"font-size: 10pt; font-family: Verdana; color: #000000; background-color: transparent; font-weight: 400; font-style: normal; font-variant: normal; text-decoration: none; vertical-align: baseline; white-space: pre-wrap\">-jest to &#8222;<\/span><span style=\"font-size: 10pt; font-family: Verdana; color: #000000; background-color: transparent; font-weight: 400; font-style: italic; font-variant: normal; text-decoration: none; vertical-align: baseline; white-space: pre-wrap\">porozumienie<\/span><span style=\"font-size: 10pt; font-family: Verdana; color: #000000; background-color: transparent; font-weight: 400; font-style: normal; font-variant: normal; text-decoration: none; vertical-align: baseline; white-space: pre-wrap\">&#8222;. o kt\u00f3rym tr\u0105bi\u0142 Komitet, konsul, Lubaczewski, Lewandowski, Sakiewicz, czy go nie ma?<\/span><\/p>\n<p dir=\"ltr\" style=\"line-height: 1.38; margin-top: 0pt; margin-bottom: 0pt\"><span style=\"font-size: 10pt; font-family: Verdana; color: #000000; background-color: transparent; font-weight: 400; font-style: normal; font-variant: normal; text-decoration: none; vertical-align: baseline; white-space: pre-wrap\">-miasto zap\u0142aci za przeniesienie pomnika, czy nie zap\u0142aci?<\/span><\/p>\n<p dir=\"ltr\" style=\"line-height: 1.38; margin-top: 0pt; margin-bottom: 0pt\"><span style=\"font-size: 10pt; font-family: Verdana; color: #000000; background-color: transparent; font-weight: 400; font-style: normal; font-variant: normal; text-decoration: none; vertical-align: baseline; white-space: pre-wrap\">-o, jakich pieni\u0105dzach ten cz\u0142owiek m\u00f3wi&#8230;?<\/span><\/p>\n<p dir=\"ltr\" style=\"line-height: 1.38; margin-top: 0pt; margin-bottom: 0pt\"><span style=\"font-size: 10pt; font-family: Verdana; color: #000000; background-color: transparent; font-weight: 400; font-style: normal; font-variant: normal; text-decoration: none; vertical-align: baseline; white-space: pre-wrap\">O &#8222;<\/span><span style=\"font-size: 10pt; font-family: Verdana; color: #000000; background-color: transparent; font-weight: 400; font-style: italic; font-variant: normal; text-decoration: none; vertical-align: baseline; white-space: pre-wrap\">wieczystej dzier\u017cawie<\/span><span style=\"font-size: 10pt; font-family: Verdana; color: #000000; background-color: transparent; font-weight: 400; font-style: normal; font-variant: normal; text-decoration: none; vertical-align: baseline; white-space: pre-wrap\">&#8221; nikt si\u0119 nawet nie zaj\u0105kn\u0105\u0142. To, co tu jest grane?<\/span><\/p>\n<p dir=\"ltr\" style=\"line-height: 1.38; margin-top: 0pt; margin-bottom: 0pt\"><span style=\"font-size: 10pt; font-family: Verdana; color: #000000; background-color: transparent; font-weight: 400; font-style: normal; font-variant: normal; text-decoration: none; vertical-align: baseline; white-space: pre-wrap\">Chwil\u0119 p\u00f3\u017aniej do mikrofonu podesz\u0142a Celina Urbankowski, z Komitetu. &#8222;Zmi\u0119k\u0142a&#8221; &#8211; stwierdzili wszyscy, ju\u017c nie by\u0142a tak stanowcza, ale &#8222;p\u0142ywa\u0142a&#8221;, \u017ce to optymalna decyzja, bo chodzi o rozw\u00f3j miasta, \u017ce trzeba dyskutowa\u0107, \u017ce trzeba si\u0119 uk\u0142ada\u0107 i tak dalej i temu podobne, \u017ce b\u0119dziemy si\u0119 przypatrywa\u0107, jak to wszystko b\u0119dzie realizowane. W pewnym momencie g\u0142os zabra\u0142 (zza sto\u0142u prezydialnego&#8221;), radny Michael Yun, jedyny pod much\u0105, w bia\u0142ej koszuli i niebieskawym garniturze, dystyngowany Korea\u0144czyk. I tu powia\u0142o groz\u0105 po pierwszej \u0142awie. Mr. Yun wysypa\u0142 radzie, \u017ce sytuacja jest na tyle powa\u017cna, \u017ce on si\u0119 obawia, i\u017c niebawem ka\u017cdy monument w tym mie\u015bcie znajdzie si\u0119 w strefie ryzyka i mo\u017ce by\u0107 zlikwidowany. <\/span><span style=\"font-size: 10pt; font-family: Verdana; color: #000000; background-color: transparent; font-weight: 700; font-style: italic; font-variant: normal; text-decoration: none; vertical-align: baseline; white-space: pre-wrap\">&#8222;Kategorycznie \u017c\u0105dam, aby pomnik katy\u0144ski zosta\u0142 na swoim miejscu&#8221;.<\/span><span style=\"font-size: 10pt; font-family: Verdana; color: #000000; background-color: transparent; font-weight: 400; font-style: normal; font-variant: normal; text-decoration: none; vertical-align: baseline; white-space: pre-wrap\"> Dosta\u0142 nieprawdopodobn\u0105 owacj\u0119. Na stoj\u0105co, jak wirtuoz po genialnym wykonaniu jakiego\u015b dzie\u0142a. I refleksja: &#8211; Korea\u0144czyk musi nas uczy\u0107 przywi\u0105zania do naszych warto\u015bci? Ma pokazywa\u0107 nam, \u017ce o swoje trzeba walczy\u0107 do upad\u0142ego? Ten dystyngowany jegomo\u015b\u0107 pozwoli\u0142 sobie na moment wybuchu, bo to ostatnie zdanie wypowiedzia\u0142 niezwykle dobitnie, z wyra\u017anie wyczuwaln\u0105 z\u0142o\u015bci\u0105 i gniewem. Wreszcie dosz\u0142o ju\u017c do dyskusji nad pomnikiem i jeden, po drugim z zapisanych dochodzili do mikrofonu. Osobi\u015bcie jestem na siebie w\u015bciek\u0142y, bo nieco przyspa\u0142em (usprawiedliwia mnie tylko to, \u017ce by\u0142em szalenie zaj\u0119ty przygotowaniem moich ch\u00f3r\u00f3w z Greenpointu i Filadelfii do zjazdu ch\u00f3r\u00f3w polonijnych. Weekend przesiedzia\u0142em w New Britain z ch\u00f3rami; obrady, konkurs, pr\u00f3by, w niedziel\u0119 Msza \u015aw. koncert) i w efekcie sp\u00f3\u017ani\u0142em si\u0119 ze zg\u0142oszeniem do &#8222;przemowy&#8221;.<\/span><\/p>\n<p dir=\"ltr\" style=\"line-height: 1.38; margin-top: 0pt; margin-bottom: 0pt\"><span style=\"font-size: 10pt; font-family: Verdana; color: #000000; background-color: transparent; font-weight: 400; font-style: normal; font-variant: normal; text-decoration: none; vertical-align: baseline; white-space: pre-wrap\">By\u0142o kilka przem\u00f3wie\u0144, kt\u00f3re zachwyci\u0142y, bo by\u0142y naprawd\u0119 znakomicie wyg\u0142oszone; Rosjanka, kt\u00f3ra podkre\u015bla\u0142a, \u017ce jest dumna z tego, co m\u00f3wi\u0142 jej ojciec o wsp\u00f3lnych cierpieniach Polak\u00f3w i Rosjan pod komunistycznym re\u017cimem, m\u0142odziutka polska studentka i m\u0142ody cz\u0142owiek z bia\u0142o-czerwonym szalikiem. Oboje w p\u0142omiennych, pe\u0142nych ekspresji przem\u00f3wieniach uczyli radnych rozumu, a nas patriotyzmu, szacunku do Bohater\u00f3w, do Poleg\u0142ych, do Pomnika, do Polski. Przecudne momenty. Dzi\u0119kuj\u0119, Droga M\u0142odzie\u017cy.<\/span><\/p>\n<p dir=\"ltr\" style=\"line-height: 1.38; margin-top: 0pt; margin-bottom: 0pt\"><span style=\"font-size: 10pt; font-family: Verdana; color: #000000; background-color: transparent; font-weight: 400; font-style: normal; font-variant: normal; text-decoration: none; vertical-align: baseline; white-space: pre-wrap\">Niezwykle wzruszaj\u0105cy moment, kiedy przy mikrofonie staje Pani Zofia Rutkowska. 92-letnia staruszka, kt\u00f3ra kilkana\u015bcie minut przedtem w prywatnej rozmowie, gdy si\u0119 z ni\u0105 przywita\u0142em, powiedzia\u0142a mi: <\/span><span style=\"font-size: 10pt; font-family: Verdana; color: #000000; background-color: transparent; font-weight: 700; font-style: italic; font-variant: normal; text-decoration: none; vertical-align: baseline; white-space: pre-wrap\">&#8222;Nie mieli\u015bmy z m\u0119\u017cem dzieci, wi\u0119c wszystko oddali\u015bmy na ten pomnik. Moj\u0105 ca\u0142\u0105 rodzin\u0119 wymordowali, a reszta pomar\u0142a na Syberii. Oni nie maj\u0105 serca, panie Januszu. Trzeba tego broni\u0107&#8221;<\/span><span style=\"font-size: 10pt; font-family: Verdana; color: #000000; background-color: transparent; font-weight: 400; font-style: normal; font-variant: normal; text-decoration: none; vertical-align: baseline; white-space: pre-wrap\">. Zacz\u0119\u0142a po polsku, zaznaczaj\u0105c:<\/span><span style=\"font-size: 10pt; font-family: Verdana; color: #000000; background-color: transparent; font-weight: 700; font-style: normal; font-variant: normal; text-decoration: none; vertical-align: baseline; white-space: pre-wrap\"> &#8222;jest Polk\u0105 i b\u0119dzie po Polsku&#8221;<\/span><span style=\"font-size: 10pt; font-family: Verdana; color: #000000; background-color: transparent; font-weight: 400; font-style: normal; font-variant: normal; text-decoration: none; vertical-align: baseline; white-space: pre-wrap\">. S\u0142awek Platta zacz\u0105\u0142 t\u0142umaczy\u0107, ale Pani Zofia zreflektowa\u0142a si\u0119, \u017ce to b\u0119dzie trwa\u0142o strasznie d\u0142ugo, wi\u0119c przesz\u0142a na angielski. Jej nikt nie pyta\u0142 o zdanie. Zapomniano o jeszcze \u017cyj\u0105cej, najwi\u0119kszej Fundatorce. Zapomnia\u0142 Komitet, zapomnia\u0142 konsul, zapomnieli wszyscy. Ale nie zapomnia\u0142 S. Platta. Zorganizowa\u0142 przyjazd Pani Zofii. Wzruszaj\u0105ce wyst\u0105pienie. Wida\u0107 by\u0142o pewne zak\u0142opotanie na twarzach niekt\u00f3rych radnych. Ale zaraz po jej wyst\u0105pieniu sta\u0142o si\u0119 co\u015b, co , niestety kaza\u0142o wszystkim jeszcze &#8222;ciemniej&#8221; spojrze\u0107 na Krzysztofa Nowaka. Ot\u00f3\u017c, gdy Zofia Rutkowska przemawia\u0142a Krzysztof ustawi\u0142 si\u0119 przy barierce w pobli\u017cu m\u00f3wnicy, jakby chcia\u0142 poprosi\u0107 o g\u0142os, ale w momencie, gdy S\u0142awek Platta odprowadza\u0142 Pani\u0105 Zofi\u0119 na miejsce Nowak prawie dobieg\u0142 do nich, wykrzykuj\u0105c do S\u0142awka: <\/span><span style=\"font-size: 10pt; font-family: Verdana; color: #000000; background-color: transparent; font-weight: 400; font-style: italic; font-variant: normal; text-decoration: none; vertical-align: baseline; white-space: pre-wrap\">&#8222;kim ty jeste\u015b, you piece of sh&#8230;? <\/span><span style=\"font-size: 10pt; font-family: Verdana; color: #000000; background-color: transparent; font-weight: 400; font-style: normal; font-variant: normal; text-decoration: none; vertical-align: baseline; white-space: pre-wrap\">(Nie ma co t\u0142umaczy\u0107, &#8211; nie\u0142adny tekst)<\/span><span style=\"font-size: 10pt; font-family: Verdana; color: #000000; background-color: transparent; font-weight: 400; font-style: italic; font-variant: normal; text-decoration: none; vertical-align: baseline; white-space: pre-wrap\">.<\/span><span style=\"font-size: 10pt; font-family: Verdana; color: #000000; background-color: transparent; font-weight: 400; font-style: normal; font-variant: normal; text-decoration: none; vertical-align: baseline; white-space: pre-wrap\"> W tym momencie &#8222;Bezpiecznik&#8221; w mundurze policyjnym \u00a0z szybko\u015bci\u0105 lamparta stan\u0105\u0142 mi\u0119dzy S\u0142awkiem, a Krzysztofem i ostro nakaza\u0142 Nowakowi wr\u00f3ci\u0107 do pierwszej \u0142awy. Pozostawi\u0119 to bez komentarza. Zadaj\u0119 sobie jednak to samo pytanie, kt\u00f3re zada\u0142 radny: Co si\u0119 sta\u0142o, \u017ce Komitet dokona\u0142 zwrotu o 180 stopni? Przecie\u017c dwa tygodnie temu, kiedy Zuzanna Falzman robi\u0142a z nami wywiad, Krzysztof upewnia\u0142 mnie, \u017ce musimy si\u0119 zjednoczy\u0107, \u017ce on nie chce s\u0142ysze\u0107, kto jest kto, \u017ce nie chce s\u0142ysze\u0107 o animozjach, &#8211; on chce zjednoczenia Polonii, bo trzeba wygra\u0107 batali\u0119 o pomnik. Wi\u0119c, do cholery, &#8211; co si\u0119 sta\u0142o?<\/span><\/p>\n<p dir=\"ltr\" style=\"line-height: 1.38; margin-top: 0pt; margin-bottom: 0pt\"><span style=\"font-size: 10pt; font-family: Verdana; color: #000000; background-color: transparent; font-weight: 400; font-style: normal; font-variant: normal; text-decoration: none; vertical-align: baseline; white-space: pre-wrap\">Ponad 70 dyskutant\u00f3w, jedni lepiej, inni troch\u0119 s\u0142abiej (j\u0119zykowo g\u0142\u00f3wnie), ale wszyscy, bronili pomnika. W jednym z przem\u00f3wie\u0144, a by\u0142o to przem\u00f3wienie Witolda Rosowskiego, &#8211; jak najbardziej w obronie pomnika -, szalenie zastanowi\u0142 mnie jego pocz\u0105tek. Ot\u00f3\u017c Rosowski zacz\u0105\u0142 od rozdania radnym jakich\u015b zdj\u0119\u0107. W pierwszej fazie swojego wyst\u0105pienia roztoczy\u0142 opowie\u015b\u0107 o tym, jak to, podczas wizyty Prezydenta RP pod pomnikiem grupa Polak\u00f3w zosta\u0142a zmuszona do rzucenia flag na ziemi\u0119. Obruszy\u0142em si\u0119, &#8211; po jak\u0105 choler\u0119 pierze nasze brudy przed radnymi Jersey City? Ostatecznie jednak chodzi\u0142o o to, \u017ce on skar\u017cy\u0142 si\u0119 na policj\u0119, bo kaza\u0142a rzuci\u0107 flagi na ziemi\u0119. Ok, &#8211; pomy\u015bla\u0142em &#8211; przy\u0142o\u017cy\u0142 <em>glinom.<\/em><\/span><\/p>\n<p dir=\"ltr\" style=\"line-height: 1.38; margin-top: 0pt; margin-bottom: 0pt\"><span style=\"font-size: 10pt; font-family: Verdana; color: #000000; background-color: transparent; font-weight: 400; font-style: normal; font-variant: normal; text-decoration: none; vertical-align: baseline; white-space: pre-wrap\"><span style=\"font-size: 10pt; font-family: Verdana; color: #000000; background-color: transparent; font-weight: 400; font-style: normal; font-variant: normal; text-decoration: none; vertical-align: baseline; white-space: pre-wrap\">Siedz\u0105cy przede mn\u0105 pa\u0144stwo, ma\u0142\u017ce\u0144stwo pokaza\u0142o mi to zdj\u0119cie; flagi na bruku, na barierkach, &#8211; okropno\u015b\u0107. I wtedy przysz\u0142a inna reflekcja&#8230; Zabrak\u0142o uczucia do flagi? Ogarn\u0105\u0142 strach, \u017ce policjant spa\u0142uje, da po g\u0119bie? A mo\u017ce zastrzeli? Moim zdaniem tani chwyt, tylko w jakim celu&#8230;?<\/span> <\/span><\/p>\n<p dir=\"ltr\" style=\"line-height: 1.38; margin-top: 0pt; margin-bottom: 0pt\"><span style=\"font-size: 10pt; font-family: Verdana; color: #000000; background-color: transparent; font-weight: 400; font-style: normal; font-variant: normal; text-decoration: none; vertical-align: baseline; white-space: pre-wrap\">Dzisiaj rano wyszed\u0142em na d\u0142u\u017cszy spacer. (wczoraj lekarka nakaza\u0142a mi t\u0119 czynno\u015b\u0107, jako codzienny obowi\u0105zek). Spotka\u0142em znajomego policjanta, Amerykanina i po prostu zapyta\u0142em: Czy poleci\u0142by\u015b demonstruj\u0105cym ludziom rzuci\u0107 flagi na ziemi\u0119? &#8211; &#8222;<\/span><span style=\"font-size: 10pt; font-family: Verdana; color: #000000; background-color: transparent; font-weight: 700; font-style: normal; font-variant: normal; text-decoration: none; vertical-align: baseline; white-space: pre-wrap\">Ty chyba zwariowa\u0142e\u015b. Ka\u017cdy demonstruj\u0105cy m\u00f3g\u0142by mi narobi\u0107 z tego powodu cholernych k\u0142opot\u00f3w, &#8211; flaga na ziemi\u0119&#8230;, prosz\u0119 ci\u0119?&#8221;<\/span><\/p>\n<p dir=\"ltr\" style=\"line-height: 1.38; margin-top: 0pt; margin-bottom: 0pt\"><span style=\"font-size: 10pt; font-family: Verdana; color: #000000; background-color: transparent; font-weight: 400; font-style: normal; font-variant: normal; text-decoration: none; vertical-align: baseline; white-space: pre-wrap\">Powiedzia\u0142em mu w skr\u00f3cie, co s\u0142ysza\u0142em nie tylko wczoraj, ale w tych s\u0142awetnych wyst\u0105pieniach w, jakiej\u015b tam telewizji internetowej w Polsce, ale te\u017c i w &#8222;Gazecie Wypaczonej&#8221;, na co m\u00f3j mundurowy kolega zapyta\u0142 tylko: <\/span><span style=\"font-size: 10pt; font-family: Verdana; color: #000000; background-color: transparent; font-weight: 700; font-style: normal; font-variant: normal; text-decoration: none; vertical-align: baseline; white-space: pre-wrap\">&#8222;I co przyk\u0142ada\u0142 im pistolet do g\u0142owy, czy grozi\u0142 pa\u0142k\u0105&#8221;?<\/span><\/p>\n<p dir=\"ltr\" style=\"line-height: 1.38; margin-top: 0pt; margin-bottom: 0pt\"><span style=\"font-size: 10pt; font-family: Verdana; color: #000000; background-color: transparent; font-weight: 400; font-style: normal; font-variant: normal; text-decoration: none; vertical-align: baseline; white-space: pre-wrap\">Moi Drodzy w kontek\u015bcie tego, co og\u0142osi\u0142 na temat flagi ameryka\u0144ski prezydent, ten &#8222;atak&#8221; na polskie flagi w wykonaniu policjant\u00f3w z Jersey City wygl\u0105da co najmniej dziwnie. Ale rodzi si\u0119 pytanie: Je\u017celi kto\u015b ma jaja, \u017ceby wygadywa\u0107 r\u00f3\u017cne brednie o tym, \u017ce <\/span><span style=\"font-size: 10pt; font-family: Verdana; color: #000000; background-color: transparent; font-weight: 400; font-style: italic; font-variant: normal; text-decoration: none; vertical-align: baseline; white-space: pre-wrap\">&#8222;prezydent zabroni\u0142 polskich emblemat\u00f3w&#8221;<\/span><span style=\"font-size: 10pt; font-family: Verdana; color: #000000; background-color: transparent; font-weight: 400; font-style: normal; font-variant: normal; text-decoration: none; vertical-align: baseline; white-space: pre-wrap\">, etc, to gdzie mia\u0142 te jaja, \u017ceby powiedzie\u0107 policjantowi (tym bardziej, \u017ce z angielskim radzi sobie ca\u0142kiem nie\u017ale), \u017ce to jest flaga i ani on, ani nikt ze zgromadzonych nie rzuci jej na ziemi\u0119. Hallo, &#8211; m\u00f3wimy o fladze narodowej&#8230; nie o kawa\u0142ku szmaty.<\/span><\/p>\n<p dir=\"ltr\" style=\"line-height: 1.38; margin-top: 0pt; margin-bottom: 0pt\"><span style=\"font-size: 10pt; font-family: Verdana; color: #000000; background-color: transparent; font-weight: 400; font-style: normal; font-variant: normal; text-decoration: none; vertical-align: baseline; white-space: pre-wrap\">Wniosek g\u0142\u00f3wny po tej sze\u015bciogodzinnej debacie, a raczej wnioski:<\/span><\/p>\n<p dir=\"ltr\" style=\"line-height: 1.38; margin-top: 0pt; margin-bottom: 0pt\"><span style=\"font-size: 10pt; font-family: Verdana; color: #000000; background-color: transparent; font-weight: 400; font-style: normal; font-variant: normal; text-decoration: none; vertical-align: baseline; white-space: pre-wrap\">1- Przeprowadzi\u0107 wybory w Komitecie Katy\u0144skim i odsun\u0105\u0107 obecnych szef\u00f3w.<\/span><\/p>\n<p dir=\"ltr\" style=\"line-height: 1.38; margin-top: 0pt; margin-bottom: 0pt\"><span style=\"font-size: 10pt; font-family: Verdana; color: #000000; background-color: transparent; font-weight: 400; font-style: normal; font-variant: normal; text-decoration: none; vertical-align: baseline; white-space: pre-wrap\">2-Coraz bardziej dopuszcza\u0107 i wci\u0105ga\u0107 do polonijnych organizacji m\u0142odych ludzi. W m\u0142odzie\u017cy naprawd\u0119 jest ogromny potencja\u0142 i oni s\u0105 nasz\u0105 nadziej\u0105.<\/span><\/p>\n<p dir=\"ltr\" style=\"line-height: 1.38; margin-top: 0pt; margin-bottom: 0pt\"><span style=\"font-size: 10pt; font-family: Verdana; color: #000000; background-color: transparent; font-weight: 400; font-style: normal; font-variant: normal; text-decoration: none; vertical-align: baseline; white-space: pre-wrap\">3-Opami\u0119ta\u0107 polski korpus dyplomatyczny, ale i Pa\u0142ac Prezydencki i Prezydium Rady Ministr\u00f3w, Sejm i Senat odno\u015bnie traktowania Polonii. Te nieodpowiedzialne wypowiedzi i zachowania Konsula, Czaputowicza, Prezydenta nie powinny w og\u00f3le mie\u0107 miejsca. Chc\u0119 dokona\u0107 pewnego &#8222;zgeneralizowania&#8221;: mam nie tylko wra\u017cenie, ale i pewno\u015b\u0107: Polonia robi\u0142a, robi i b\u0119dzie nadal robi\u0107 dla Polski ogromnie du\u017co; natomiast \u017caden z rz\u0105d\u00f3w, ani przed transformacj\u0105, ani w ostatnim trzydziestoleciu, dla Polonii nie zrobi\u0142 nic. A obecny, niestety do\u0142o\u017cy\u0142 swoje trzy grosze, aby Poloni\u0119 sk\u0142\u00f3ci\u0107. Pi\u0119kne s\u0142\u00f3wka Prezydenta Dudy w Chicago nie zmieni\u0105 tej sytuacji, tym bardziej, \u017ce kompletnie zignorowa\u0142 Poloni\u0119 nowojorsk\u0105.<\/span><\/p>\n<p dir=\"ltr\" style=\"line-height: 1.38; margin-top: 0pt; margin-bottom: 0pt\"><span style=\"font-size: 10pt; font-family: Verdana; color: #000000; background-color: transparent; font-weight: 400; font-style: normal; font-variant: normal; text-decoration: none; vertical-align: baseline; white-space: pre-wrap\">I apel: 13 czerwca musi nas by\u0107 na tyle du\u017co, \u017ceby zrobi\u0107 wra\u017cenie na radnych. Demonstracja przy Ratuszu, &#8211; 280 Grove Street &#8211; musi pokaza\u0107 si\u0142\u0119 Polonii. Zr\u00f3bmy to, bo to ostatnia szansa przed przeniesieniem pomnika. \u00a0W sprawne i bez szk\u00f3d dokonanie tej operacji NIE WIERZ\u0118.<\/span><\/p>\n<p dir=\"ltr\" style=\"line-height: 1.38; margin-top: 0pt; margin-bottom: 0pt\"><span style=\"font-size: 10pt; font-family: Verdana; color: #000000; background-color: transparent; font-weight: 400; font-style: normal; font-variant: normal; text-decoration: none; vertical-align: baseline; white-space: pre-wrap\">PS:Koniecznie musz\u0119 dopisa\u0107 o jeszcze jednym wyst\u0105pieniu, mianowicie dr Krystyny Pi\u00f3rkowskiej. U\u015bwiadomienie Amerykanom historii Katynia, to jest w\u0142a\u015bnie to, co powinno si\u0119 znale\u017a\u0107 w programie polskich rz\u0105d\u00f3w i organizacji polonijnych, jako edukacja obcych narod\u00f3w. Z konieczno\u015bci, z ograniczonego czasu wyk\u0142ad dr Pi\u00f3rkowskiej by\u0142 kr\u00f3tki, ale, jak\u017ce warto\u015bciowy.<\/span><\/p>\n<p dir=\"ltr\" style=\"line-height: 1.38; margin-top: 0pt; margin-bottom: 0pt\">&nbsp;<\/p>\n","protected":false},"excerpt":{"rendered":"<p>Sze\u015b\u0107 i p\u00f3\u0142 godziny, &#8211; tyle musieli\u015bmy wysiedzie\u0107 na sali obrad Ratusza, w Jersey City, w stanie New Jersey, tu\u017c za tunelem &#8222;Holland&#8221;, z Manhattanu do Jersey City, w\u0142a\u015bnie. Ponad dwustu Polonus\u00f3w z ma\u0142ymi, symbolicznymi flagami. Porz\u0105dek obrad musi odpowiada\u0107 przepisom i Amerykanie s\u0105 w tej materii bardzo skrupulatni.<\/p>\n","protected":false},"author":2,"featured_media":0,"comment_status":"open","ping_status":"open","sticky":false,"template":"","format":"standard","meta":[],"categories":[3],"tags":[],"_links":{"self":[{"href":"https:\/\/sporek.com\/blog\/index.php?rest_route=\/wp\/v2\/posts\/576"}],"collection":[{"href":"https:\/\/sporek.com\/blog\/index.php?rest_route=\/wp\/v2\/posts"}],"about":[{"href":"https:\/\/sporek.com\/blog\/index.php?rest_route=\/wp\/v2\/types\/post"}],"author":[{"embeddable":true,"href":"https:\/\/sporek.com\/blog\/index.php?rest_route=\/wp\/v2\/users\/2"}],"replies":[{"embeddable":true,"href":"https:\/\/sporek.com\/blog\/index.php?rest_route=%2Fwp%2Fv2%2Fcomments&post=576"}],"version-history":[{"count":0,"href":"https:\/\/sporek.com\/blog\/index.php?rest_route=\/wp\/v2\/posts\/576\/revisions"}],"wp:attachment":[{"href":"https:\/\/sporek.com\/blog\/index.php?rest_route=%2Fwp%2Fv2%2Fmedia&parent=576"}],"wp:term":[{"taxonomy":"category","embeddable":true,"href":"https:\/\/sporek.com\/blog\/index.php?rest_route=%2Fwp%2Fv2%2Fcategories&post=576"},{"taxonomy":"post_tag","embeddable":true,"href":"https:\/\/sporek.com\/blog\/index.php?rest_route=%2Fwp%2Fv2%2Ftags&post=576"}],"curies":[{"name":"wp","href":"https:\/\/api.w.org\/{rel}","templated":true}]}}