{"id":579,"date":"2018-08-14T00:08:35","date_gmt":"2018-08-14T04:08:35","guid":{"rendered":"http:\/\/sporek.com\/blog\/?p=579"},"modified":"2018-08-14T00:11:49","modified_gmt":"2018-08-14T04:11:49","slug":"579","status":"publish","type":"post","link":"https:\/\/sporek.com\/blog\/?p=579","title":{"rendered":"Pomnik&#8230; niezgody"},"content":{"rendered":"<p style=\"line-height: 1.38; margin-top: 0pt; margin-bottom: 0pt\" dir=\"ltr\"><span id=\"docs-internal-guid-6aaf39ee-7fff-c063-7fbd-597e2df3921e\"><\/span><span style=\"font-size: 10pt; font-family: Verdana; background-color: transparent; font-variant-numeric: normal; font-variant-east-asian: normal; vertical-align: baseline; white-space: pre-wrap\">Przera\u017caj\u0105ce jest, jakie charaktery ujawniaj\u0105 si\u0119 przy okazji tak wa\u017cnego dla Polonii wydarzenia, jakim by\u0142o dzisiejsze zwyci\u0119stwo w kwestii uznania przez urz\u0119dnika miejskiego, Jersey City, wystarczaj\u0105cej ilo\u015bci podpis\u00f3w pod petycj\u0105 referendaln\u0105. <!--more-->Jedno, wszelako jest pocieszenie: zdecydowanych przeciwnik\u00f3w pozostawienia pomnika tam, gdzie od lat stoi jest bardzo niewielu. S\u0105 do policzenia na palcach dw\u00f3ch r\u0105k, w\u0142\u0105czaj\u0105c w to sze\u015bciu radnych, w kt\u00f3rych i tak po\u0142owa zmieni zdanie po tym, co zobaczyli: ponad 15 tysi\u0119cy podpis\u00f3w. Niewa\u017cne, czy uznanych za prawid\u0142owe, czy nie. Widzia\u0142em te nieuznane: kto\u015b napisa\u0142 w po\u015bpiechu adres bez ostatniej litery w nazwie ulicy, kto\u015b inny zupe\u0142nie nieczytelnie napisa\u0142 swoje nazwisko, na pewno sporo by\u0142o takich, kt\u00f3rzy nie byli zarejestrowani do wybor\u00f3w. NIEWA\u017bNE. Dla polityka wa\u017cna jest ilo\u015b\u0107. Ci, z brakiem literki, albo nieczytelnym podpisem p\u00f3jd\u0105 do g\u0142osowania, ci niezarejestrowani, mog\u0105 si\u0119 w ka\u017cdej chwili zarejestrowa\u0107 i p\u00f3j\u015b\u0107 do urn. 15 tysi\u0119cy w takim mie\u015bcie, jak Jersey City, mimo, \u017ce liczy kilkaset tysi\u0119cy mieszka\u0144c\u00f3w, to ogromna liczba. Upieranie si\u0119 przy przenoszeniu pomnika, okazywanie ignorancji wyborcom, to koniec kariery, co najmniej kilku radnych, a mo\u017ce i samego burmistrza.<\/span><\/p>\n<p style=\"line-height: 1.38; margin-top: 0pt; margin-bottom: 0pt\" dir=\"ltr\"><span style=\"font-size: 10pt; font-family: Verdana; background-color: transparent; font-variant-numeric: normal; font-variant-east-asian: normal; vertical-align: baseline; white-space: pre-wrap\">Mnie zastanawia co innego: jakich argument\u00f3w u\u017cy\u0142 burmistrz, aby przekona\u0107 polskiego konsula. Z tego, co wiem, to cz\u0142onk\u00f3w Komitetu, czyli Nowaka i Urbankowskiej przy tych \u201cnegocjacjach\u201d nie by\u0142o. Nie by\u0142o tam te\u017c szef\u00f3w Klub\u00f3w Gazety Polskiej z Nowego Jorku i Filadelfii, czyli Rusi\u0144skiego i Antoniaka &#8211; oni tylko klaskali, chocia\u017c najpierw kluby by\u0142y absolutnie za pozostawieniem pomnika, a jak\u017ce. Nawet wydali o\u015bwiadczenie, ale, jak tylko powia\u0142 konsularny zefirek, panowie zmienili opcje. Przykre. By\u0142o sporo kpin pod adresem nas, walcz\u0105cych o pomnik, ale to piku\u015b. Konia z rz\u0119dem temu, kto wyt\u0142umaczy mi, na czym polega ten dziwny up\u00f3r tych, dziwnych ludzi. Zapraszali\u015bmy ich do wsp\u00f3lnego posiedzenia i przedyskutowania sprawy, &#8211; nie przyszli. Ba, nawet nie odpowiedzieli.<\/span><\/p>\n<p style=\"line-height: 1.38; margin-top: 0pt; margin-bottom: 0pt\" dir=\"ltr\"><span style=\"font-size: 10pt; font-family: Verdana; background-color: transparent; font-variant-numeric: normal; font-variant-east-asian: normal; vertical-align: baseline; white-space: pre-wrap\">Panie konsulu, wi\u0119c, co powiedzia\u0142 panu Fulop? Przecie\u017c chodzi o polski pomnik, o polskich Bohater\u00f3w, o polskie Ofiary, polskich oficer\u00f3w, kt\u00f3rzy oddali \u017cycie, aby pan mia\u0142 wolno\u015b\u0107, aby\u015bmy wszyscy mieli wolno\u015b\u0107. Czy pomnik dla Nich, to mebel, kt\u00f3ry mo\u017cna przesun\u0105\u0107, bo te\u015bciowa urz\u0105dza mi pok\u00f3j? Czy to, jaka\u015b pod\u0142a rze\u017aba przeszkadzaj\u0105ca w wykreowaniu sze\u015b\u0107dziesi\u0105tego pierwszego parku? <\/span><\/p>\n<p style=\"line-height: 1.38; margin-top: 0pt; margin-bottom: 0pt\" dir=\"ltr\"><span style=\"font-size: 10pt; font-family: Verdana; background-color: transparent; font-variant-numeric: normal; font-variant-east-asian: normal; vertical-align: baseline; white-space: pre-wrap\">Zastanawia mnie milczenie polskiego rz\u0105du, milczenie polskiego prezydenta. W co gramy? Czym dla Polski jest nowojorska Polonia, czym jest Polonia z New Jersey? P\u00f3ki ludzie rozmawiaj\u0105, jest szansa na porozumienie, &#8211; kiedy zapadaj\u0105 autorytatywne, niekonsultowane decyzje, &#8211; jest tylko miejsce na konflikt. Po, co? Komu zale\u017cy na konflikcie. Paradoksalnie Polonia si\u0119 zjednoczy\u0142a. Jest konflikt na linii Polonia &#8211; rz\u0105d RP. Kto tego chce? Czy Prezydent Duda zapomnia\u0142, jak g\u0142osowa\u0142a Polonia, czy PiS zapomnia\u0142o, ile g\u0142os\u00f3w Polonia odda\u0142a na t\u0119 parti\u0119? Chcemy by\u0107 jedno\u015bci\u0105 z Macierz\u0105. Dlaczego walka o pomnik sta\u0142a si\u0119 zarzewiem niech\u0119ci ze strony Polski (rz\u0105d, Prezydent, Sejm, Senat). Przecie\u017c jest ustawa o walce o dobre imi\u0119 Polski, &#8211; czy szarganie pomnika Ofiar Masakry Katy\u0144skiej nie podlega pod t\u0119 ustaw\u0119? <\/span><\/p>\n<p style=\"line-height: 1.38; margin-top: 0pt; margin-bottom: 0pt\" dir=\"ltr\"><span style=\"font-size: 10pt; font-family: Verdana; background-color: transparent; font-variant-numeric: normal; font-variant-east-asian: normal; vertical-align: baseline; white-space: pre-wrap\">Chc\u0119 bardzo mocno u\u015bwiadomi\u0107 przedstawicielom polskich w\u0142adz, \u017ce walka o pomnik w Jersey City jest rozpatrywana, jako niespotykany dot\u0105d w tym stanie zryw spo\u0142eczny, To by\u0142o, jak pospolite ruszenie. Kiedy podchodzi\u0142em na stacji benzynowej do tankuj\u0105cych benzyn\u0119 ludzi z kart\u0105 na specjalnej podk\u0142adce i pyta\u0142em, czy s\u0105 zarejestrowani do wybor\u00f3w i czy jest s\u0105 mieszka\u0144cami JC, kilku z nich on od razu pyta\u0142o: <\/span><span style=\"font-size: 10pt; font-family: Verdana; background-color: transparent; font-style: italic; font-variant-numeric: normal; font-variant-east-asian: normal; vertical-align: baseline; white-space: pre-wrap\">zbierasz podpisy w sprawie pomnika?<\/span><\/p>\n<p style=\"line-height: 1.38; margin-top: 0pt; margin-bottom: 0pt\" dir=\"ltr\"><span style=\"font-size: 10pt; font-family: Verdana; background-color: transparent; font-variant-numeric: normal; font-variant-east-asian: normal; vertical-align: baseline; white-space: pre-wrap\">Czu\u0142o si\u0119 w tych ostatnich miesi\u0105cach, \u017ce miasto \u017cy\u0142o tym problemem. Z przykro\u015bci\u0105 musz\u0119 poinformowa\u0107 radnych i samego burmistrza, \u017ce nie wszyscy chcieliby s\u0142ysze\u0107 to, co na ich temat maj\u0105 do powiedzenia wyborcy. Ale i z rado\u015bci\u0105 informuj\u0119, \u017ce pi\u0119kne s\u0142owa o samym pomniku, o jego tw\u00f3rcy, to by\u0142 mi\u00f3d na serce. To w\u0142a\u015bnie dawa\u0142o bod\u017ace do kontynuowania tej akcji.<\/span><\/p>\n<p style=\"line-height: 1.38; margin-top: 0pt; margin-bottom: 0pt\" dir=\"ltr\"><span style=\"font-size: 10pt; font-family: Verdana; background-color: transparent; font-variant-numeric: normal; font-variant-east-asian: normal; vertical-align: baseline; white-space: pre-wrap\">Apeluj\u0119 do tych, kt\u00f3rzy ci\u0105gle jeszcze chc\u0105 nam co\u015b udowodni\u0107: a to, \u017ce gdzie\u015b tam zrobili\u015bmy b\u0142\u0105d, a to, \u017ce jaka\u015b data si\u0119 nie zgadza, a, to, \u017ce by\u0142o za cicho w ostatnich kilku dniach, &#8211; Kochani, b\u0142\u0119d\u00f3w nie robi ten, kt\u00f3ry nie robi nic. Czy mogliby\u015bcie spojrze\u0107 na to wszystko, jak na pogro\u017cenie \u201cw\u0142adcom\u201d, \u017ce z nami lepiej nie zadziera\u0107, \u017ce pami\u0119\u0107 historyczna Polak\u00f3w wyros\u0142a na ogromnym nieszcz\u0119\u015bciu, na po\u015bwi\u0119ceniu, na przelanej krwi, \u017ce to \u015bwi\u0119to\u015b\u0107 nie do ruszenia. <\/span><\/p>\n<p style=\"line-height: 1.38; margin-top: 0pt; margin-bottom: 0pt\" dir=\"ltr\"><span style=\"font-size: 10pt; font-family: Verdana; background-color: transparent; font-variant-numeric: normal; font-variant-east-asian: normal; vertical-align: baseline; white-space: pre-wrap\">Nie do ko\u0144ca jest tak, \u017ce kto\u015b nas dzieli. Pos\u0142uchajmy wypowiedzi r\u00f3\u017cnych ludzi, poczytajmy ich uwagi; przecie\u017c nikt nie przystawia im pistoletu do skroni, a plot\u0105, jak popaprani. Po, co? <\/span><\/p>\n<p style=\"line-height: 1.38; margin-top: 0pt; margin-bottom: 0pt\" dir=\"ltr\"><span style=\"font-size: 10pt; font-family: Verdana; background-color: transparent; font-variant-numeric: normal; font-variant-east-asian: normal; vertical-align: baseline; white-space: pre-wrap\">A mo\u017ce w\u0142a\u015bnie to wydarzenie powinno w nas obudzi\u0107 dum\u0119 narodow\u0105, poczucie si\u0142y, \u015bwiadomo\u015b\u0107, \u017ce mo\u017cemy w tym kraju co\u015b znaczy\u0107. Czy nie nadszed\u0142 ju\u017c czas, aby ameryka\u0144skie powiedzenie, \u017ce \u201c<\/span><span style=\"font-size: 10pt; font-family: Verdana; background-color: transparent; font-style: italic; font-variant-numeric: normal; font-variant-east-asian: normal; vertical-align: baseline; white-space: pre-wrap\">Jak ci Polak nie zaszkodzi\u0142, to ju\u017c ci pom\u00f3g\u0142<\/span><span style=\"font-size: 10pt; font-family: Verdana; background-color: transparent; font-variant-numeric: normal; font-variant-east-asian: normal; vertical-align: baseline; white-space: pre-wrap\">\u201d, pozbawi\u0107 jego sensu? Czy nie nadszed\u0142 ju\u017c czas, \u017ceby u\u015bwiadomi\u0107 politykom, \u017ce jeste\u015bmy zarejestrowani do wybor\u00f3w i jest nas ca\u0142kiem spora grupa? Na w\u0142asne uszy s\u0142ysza\u0142em od jednego z polityk\u00f3w, kt\u00f3ry powiedzia\u0142 mi: <\/span><span style=\"font-size: 10pt; font-family: Verdana; background-color: transparent; font-style: italic; font-variant-numeric: normal; font-variant-east-asian: normal; vertical-align: baseline; white-space: pre-wrap\">cz\u0142owieku, wasi ludzie nie id\u0105 do g\u0142osowania, to jak mamy si\u0119 z wami liczy\u0107?<\/span><\/p>\n<p style=\"line-height: 1.38; margin-top: 0pt; margin-bottom: 0pt\" dir=\"ltr\"><span style=\"font-size: 10pt; font-family: Verdana; background-color: transparent; font-variant-numeric: normal; font-variant-east-asian: normal; vertical-align: baseline; white-space: pre-wrap\">Spotykam wielu ludzi, \u00a0o kt\u00f3rych wiem, \u017ce maj\u0105 obywatelstwo, ale nigdy si\u0119 nie zarejestrowali. B\u0142\u0105d. Drodzy Rodacy rejestracja do tegorocznych wybor\u00f3w (listopad) ko\u0144czy si\u0119 18 sierpnia, dos\u0142ownie za kilka dni, ale jeszcze mo\u017cna to zrobi\u0107. DMV &#8211; Department of Motor Vehicle &#8211; wszyscy to znamy &#8211; posiada na swojej stronie form\u0119 rejestracyjn\u0105.<\/span><\/p>\n<p style=\"line-height: 1.38; margin-top: 0pt; margin-bottom: 0pt\" dir=\"ltr\"><span style=\"font-size: 10pt; font-family: Verdana; background-color: transparent; font-variant-numeric: normal; font-variant-east-asian: normal; vertical-align: baseline; white-space: pre-wrap\">Wystarczy te\u017c wej\u015b\u0107 na stron\u0119: <\/span><a href=\"https:\/\/www.usa.gov\/register-to-vote\" style=\"text-decoration-line: none\"><span style=\"font-size: 10pt; font-family: Verdana; color: #0000ff; font-variant-numeric: normal; font-variant-east-asian: normal; text-decoration-line: underline; vertical-align: baseline; white-space: pre-wrap\">https:\/\/www.usa.gov\/register-to-vote<\/span><\/a><\/p>\n<p style=\"line-height: 1.38; margin-top: 0pt; margin-bottom: 0pt\" dir=\"ltr\"><span style=\"font-size: 10pt; font-family: Verdana; font-variant-numeric: normal; font-variant-east-asian: normal; vertical-align: baseline; white-space: pre-wrap\">Po otwarciu wybra\u0107 <\/span><span style=\"font-size: 10pt; font-family: Verdana; color: #0000ff; font-variant-numeric: normal; font-variant-east-asian: normal; vertical-align: baseline; white-space: pre-wrap\">register to vote <\/span><span style=\"font-size: 10pt; font-family: Verdana; font-variant-numeric: normal; font-variant-east-asian: normal; vertical-align: baseline; white-space: pre-wrap\">i i\u015b\u0107 za poleceniami ze strony.<\/span><\/p>\n<p style=\"line-height: 1.38; margin-top: 0pt; margin-bottom: 0pt\" dir=\"ltr\"><span style=\"font-size: 10pt; font-family: Verdana; font-variant-numeric: normal; font-variant-east-asian: normal; vertical-align: baseline; white-space: pre-wrap\">Proste, jak konstrukcja cepa. Nie wiem, sk\u0105d si\u0119 w nas bierze strach przed wpisywaniem swojego adresu, czy Social Security? Uwierzcie mi, jak was maj\u0105 dorwa\u0107, to was i tak dorw\u0105. Telefon kom\u00f3rkowy jest wi\u0119kszym \u017ar\u00f3d\u0142em informacji o nas, ni\u017c SS, adres i numer but\u00f3w razem wzi\u0119te. Marzy mi si\u0119 spotkanie z du\u017c\u0105 liczb\u0105 Rodak\u00f3w, z zaproszonym politykiem, kt\u00f3remu m\u00f3g\u0142bym powiedzie\u0107: s\u0142uchaj, tu jest tylko trzystu Polak\u00f3w zarejestrowanych, ale og\u00f3lnie Greenpoint, Brooklyn, Queens, Bronx, Staten Island, Long Island, Manhattan, to tysi\u0105ce Polonus\u00f3w, kt\u00f3rzy dzisiaj chc\u0105 us\u0142ysze\u0107, co masz im do zaproponowania, ale za rok zaprosimy ci\u0119 ponownie i zapytamy, co z tego, co\u015b obiecywa\u0142 uda\u0142o ci si\u0119 zrobi\u0107.<\/span><\/p>\n<p style=\"line-height: 1.38; margin-top: 0pt; margin-bottom: 0pt\" dir=\"ltr\"><span style=\"font-size: 10pt; font-family: Verdana; font-variant-numeric: normal; font-variant-east-asian: normal; vertical-align: baseline; white-space: pre-wrap\">Nie wyszczerzone zdj\u0119cia, nie u\u015bciski, ca\u0142usy i inne nied\u017awiedzie \u0142apy, ale konkrety, rozliczanie i udzia\u0142 w wyborach. Politycy s\u0105 dla spo\u0142ecze\u0144stwa, nie odwrotnie. Kochani, to jest kwestia dw\u00f3ch kadencji i politycy chodziliby, jak szwajcarskie zegarki. <\/span><\/p>\n<p style=\"line-height: 1.38; margin-top: 0pt; margin-bottom: 0pt\" dir=\"ltr\"><span style=\"font-size: 10pt; font-family: Verdana; font-variant-numeric: normal; font-variant-east-asian: normal; vertical-align: baseline; white-space: pre-wrap\">P\u00f3ki, co &#8211; cieszmy si\u0119, \u017ce Pomnik Masakry Katy\u0144skiej b\u0119dzie sta\u0142 tam, gdzie go ustawili lata temu. <\/span><\/p>\n<p><span style=\"font-size: 10pt; font-family: Verdana; font-variant-numeric: normal; font-variant-east-asian: normal; vertical-align: baseline; white-space: pre-wrap\"><br \/>\n<\/span><\/p>\n","protected":false},"excerpt":{"rendered":"<p>Przera\u017caj\u0105ce jest, jakie charaktery ujawniaj\u0105 si\u0119 przy okazji tak wa\u017cnego dla Polonii wydarzenia, jakim by\u0142o dzisiejsze zwyci\u0119stwo w kwestii uznania przez urz\u0119dnika miejskiego, Jersey City, wystarczaj\u0105cej ilo\u015bci podpis\u00f3w pod petycj\u0105 referendaln\u0105.<\/p>\n","protected":false},"author":2,"featured_media":0,"comment_status":"open","ping_status":"open","sticky":false,"template":"","format":"standard","meta":[],"categories":[3],"tags":[],"_links":{"self":[{"href":"https:\/\/sporek.com\/blog\/index.php?rest_route=\/wp\/v2\/posts\/579"}],"collection":[{"href":"https:\/\/sporek.com\/blog\/index.php?rest_route=\/wp\/v2\/posts"}],"about":[{"href":"https:\/\/sporek.com\/blog\/index.php?rest_route=\/wp\/v2\/types\/post"}],"author":[{"embeddable":true,"href":"https:\/\/sporek.com\/blog\/index.php?rest_route=\/wp\/v2\/users\/2"}],"replies":[{"embeddable":true,"href":"https:\/\/sporek.com\/blog\/index.php?rest_route=%2Fwp%2Fv2%2Fcomments&post=579"}],"version-history":[{"count":0,"href":"https:\/\/sporek.com\/blog\/index.php?rest_route=\/wp\/v2\/posts\/579\/revisions"}],"wp:attachment":[{"href":"https:\/\/sporek.com\/blog\/index.php?rest_route=%2Fwp%2Fv2%2Fmedia&parent=579"}],"wp:term":[{"taxonomy":"category","embeddable":true,"href":"https:\/\/sporek.com\/blog\/index.php?rest_route=%2Fwp%2Fv2%2Fcategories&post=579"},{"taxonomy":"post_tag","embeddable":true,"href":"https:\/\/sporek.com\/blog\/index.php?rest_route=%2Fwp%2Fv2%2Ftags&post=579"}],"curies":[{"name":"wp","href":"https:\/\/api.w.org\/{rel}","templated":true}]}}