{"id":587,"date":"2018-12-17T10:09:48","date_gmt":"2018-12-17T14:09:48","guid":{"rendered":"http:\/\/sporek.com\/blog\/?p=587"},"modified":"2018-12-17T20:00:29","modified_gmt":"2018-12-18T00:00:29","slug":"stan-wojeny-cz-ii","status":"publish","type":"post","link":"https:\/\/sporek.com\/blog\/?p=587","title":{"rendered":"Stan Wojeny, Cz. II"},"content":{"rendered":"<p id=\"docs-internal-guid-2f547cbc-7fff-3547-928d-04d94e65e56f\" style=\"line-height: 1.38; margin-top: 0pt; margin-bottom: 0pt\" dir=\"ltr\"><span style=\"font-size: 10pt; font-family: Verdana; color: #000000; background-color: transparent; font-weight: 400; font-style: normal; font-variant: normal; text-decoration: none; vertical-align: baseline; white-space: pre-wrap\">Kto\u015b szybko zgasi\u0142 jednak jego wyw\u00f3d, kr\u00f3tkim: zawrzyj si\u0119 pierzy\u0144ski gi\u017adzie, i polecia\u0142o \u201eMy chcemy Boga\u201d.<\/span><\/p>\n<p style=\"line-height: 1.38; margin-top: 0pt; margin-bottom: 0pt\" dir=\"ltr\"><span style=\"font-size: 10pt; font-family: Verdana; color: #000000; background-color: transparent; font-weight: 400; font-style: normal; font-variant: normal; text-decoration: none; vertical-align: baseline; white-space: pre-wrap\">Zapyta\u0142em dla w\u0142asnego spokoju, czy s\u0105 wszyscy i da\u0142em polecenie wyjazdu.<!--more--><\/span><\/p>\n<p style=\"line-height: 1.38; margin-top: 0pt; margin-bottom: 0pt\" dir=\"ltr\"><span style=\"font-size: 10pt; font-family: Verdana; color: #000000; background-color: transparent; font-weight: 400; font-style: normal; font-variant: normal; text-decoration: none; vertical-align: baseline; white-space: pre-wrap\">-Panie kierowniku, a co z moj\u0105 mam\u0105? &#8211; Zapyta\u0142 \u0142amanym g\u0142osem jeden z tancerzy.<\/span><\/p>\n<p style=\"line-height: 1.38; margin-top: 0pt; margin-bottom: 0pt\" dir=\"ltr\"><span style=\"font-size: 10pt; font-family: Verdana; color: #000000; background-color: transparent; font-weight: 400; font-style: normal; font-variant: normal; text-decoration: none; vertical-align: baseline; white-space: pre-wrap\">-O, cholera, przecie\u017c twoja mama b\u0119dzie czeka\u0107 pod Pa\u0142acem Kultury, &#8211; przepraszam ci\u0119, zapomnia\u0142em o tym.<\/span><\/p>\n<p style=\"line-height: 1.38; margin-top: 0pt; margin-bottom: 0pt\" dir=\"ltr\"><span style=\"font-size: 10pt; font-family: Verdana; color: #000000; background-color: transparent; font-weight: 400; font-style: normal; font-variant: normal; text-decoration: none; vertical-align: baseline; white-space: pre-wrap\">-Rychu\u015b, na Warszaw\u0119.<\/span><\/p>\n<p style=\"line-height: 1.38; margin-top: 0pt; margin-bottom: 0pt\" dir=\"ltr\"><span style=\"font-size: 10pt; font-family: Verdana; color: #000000; background-color: transparent; font-weight: 400; font-style: normal; font-variant: normal; text-decoration: none; vertical-align: baseline; white-space: pre-wrap\">-Na jak\u0105 Warszaw\u0119? Chyba nie b\u0119dziemy si\u0119 pcha\u0107 w paszcz\u0119 lwa &#8211; zaoponowa\u0142 kto\u015b z grupy.<\/span><\/p>\n<p style=\"line-height: 1.38; margin-top: 0pt; margin-bottom: 0pt\" dir=\"ltr\"><span style=\"font-size: 10pt; font-family: Verdana; color: #000000; background-color: transparent; font-weight: 400; font-style: normal; font-variant: normal; text-decoration: none; vertical-align: baseline; white-space: pre-wrap\">Odwr\u00f3ci\u0142em si\u0119 wolno i obj\u0105\u0142em ca\u0142\u0105 grup\u0119 powolnym spojrzeniem, patrz\u0105c w oczy ka\u017cdego cz\u0142onka. R\u00f3wnie powoli uwolni\u0142em mikrofon z uchwytu obok kierowcy, zbli\u017cy\u0142em go do swoich ust i p\u00f3\u0142szeptem oznajmi\u0142em spokojnie: <\/span><span style=\"font-size: 10pt; font-family: Verdana; color: #000000; background-color: transparent; font-weight: 400; font-style: italic; font-variant: normal; text-decoration: none; vertical-align: baseline; white-space: pre-wrap\">jedziemy po Grzesia mam\u0119. Jedziemy najpierw do Warszawy<\/span><span style=\"font-size: 10pt; font-family: Verdana; color: #000000; background-color: transparent; font-weight: 400; font-style: normal; font-variant: normal; text-decoration: none; vertical-align: baseline; white-space: pre-wrap\">. Po chwili ciszy kto\u015b nie\u015bmia\u0142o zapyta\u0142:<\/span><\/p>\n<p style=\"line-height: 1.38; margin-top: 0pt; margin-bottom: 0pt\" dir=\"ltr\"><span style=\"font-size: 10pt; font-family: Verdana; color: #000000; background-color: transparent; font-weight: 400; font-style: normal; font-variant: normal; text-decoration: none; vertical-align: baseline; white-space: pre-wrap\">-A, co z patrolami?<\/span><\/p>\n<p style=\"line-height: 1.38; margin-top: 0pt; margin-bottom: 0pt\" dir=\"ltr\"><span style=\"font-size: 10pt; font-family: Verdana; color: #000000; background-color: transparent; font-weight: 400; font-style: normal; font-variant: normal; text-decoration: none; vertical-align: baseline; white-space: pre-wrap\">-Nic, po prostu powiemy prawd\u0119. Nie mamy nic na sumieniu. Wszystko bior\u0119 na siebie.<\/span><\/p>\n<p style=\"line-height: 1.38; margin-top: 0pt; margin-bottom: 0pt\" dir=\"ltr\"><span style=\"font-size: 10pt; font-family: Verdana; color: #000000; background-color: transparent; font-weight: 400; font-style: normal; font-variant: normal; text-decoration: none; vertical-align: baseline; white-space: pre-wrap\">Zesp\u00f3\u0142 zna\u0142 mnie bardzo dobrze. Owszem, bywa\u0142em ostry i wymagaj\u0105cy, ale by\u0142em pe\u0142en po\u015bwi\u0119cenia i oddania ka\u017cdemu z osobna i ca\u0142ej grupie, gdy chodzi\u0142o o obron\u0119 interes\u00f3w zespo\u0142u, lub pojedynczego cz\u0142onka. Nikt si\u0119 ju\u017c wi\u0119cej na ten temat nie odezwa\u0142. Powiedzieli mi p\u00f3\u017aniej, \u017ce widzieli w moich oczach bezgraniczn\u0105 determinacj\u0119 i lepiej by\u0142o nie wchodzi\u0107 mi wtedy w drog\u0119.<\/span><\/p>\n<p style=\"line-height: 1.38; margin-top: 0pt; margin-bottom: 0pt\" dir=\"ltr\"><span style=\"font-size: 10pt; font-family: Verdana; color: #000000; background-color: transparent; font-weight: 400; font-style: normal; font-variant: normal; text-decoration: none; vertical-align: baseline; white-space: pre-wrap\">-Czy kto\u015b ma jakie\u015b ulotki z Ursusa? &#8211; Zapyta\u0142em zupe\u0142nie przyjacielskim ju\u017c tonem.<\/span><\/p>\n<p style=\"line-height: 1.38; margin-top: 0pt; margin-bottom: 0pt\" dir=\"ltr\"><span style=\"font-size: 10pt; font-family: Verdana; color: #000000; background-color: transparent; font-weight: 400; font-style: normal; font-variant: normal; text-decoration: none; vertical-align: baseline; white-space: pre-wrap\">Mia\u0142o a\u017c pi\u0119cioro i oczywi\u015bcie ja sam mia\u0142 nimi zapakowan\u0105 torb\u0119 podr\u00f3\u017cn\u0105 i pokrowiec na garnitur. Kierowca zatrzyma\u0142 autobus. Pozbierali\u015bmy wszystko i poleci\u0142em zakopa\u0107 to w \u015bniegu. Tu nie b\u0119d\u0105 szuka\u0107, a w hotelu na pewno tak.<\/span><\/p>\n<p style=\"line-height: 1.38; margin-top: 0pt; margin-bottom: 0pt\" dir=\"ltr\"><span style=\"font-size: 10pt; font-family: Verdana; color: #000000; background-color: transparent; font-weight: 400; font-style: normal; font-variant: normal; text-decoration: none; vertical-align: baseline; white-space: pre-wrap\">Nie chcia\u0142em pod \u017cadnym pozorem nara\u017ca\u0107 zesp\u00f3\u0142 na problemy z patrolami. Tony ulotek i tak przesta\u0142y mie\u0107 swoj\u0105 dotychczasow\u0105 warto\u015b\u0107, &#8211; by\u0142y teraz stert\u0105 makulatury, kt\u00f3ra zawala\u0142a pomieszczenia biur Solidarno\u015bci we wszystkich miastach i, kt\u00f3ra sta\u0142a si\u0119 obiektem szale\u0144czego niszczenia przez wpadaj\u0105cych do tych biur milicjant\u00f3w, zomowc\u00f3w i innych aktywist\u00f3w komuny. O ile jednak w biurach by\u0142a owa makulatura normalno\u015bci\u0105, kt\u00f3rej spodziewali si\u0119 kontroluj\u0105cy, o tyle w autobusie wioz\u0105cym zesp\u00f3\u0142 pie\u015bni i ta\u0144ca mog\u0142a sta\u0107 si\u0119 powodem nieokre\u015blonych, acz na pewno niezwykle przykrych konsekwencji.<\/span><\/p>\n<p style=\"line-height: 1.38; margin-top: 0pt; margin-bottom: 0pt\" dir=\"ltr\"><span style=\"font-size: 10pt; font-family: Verdana; color: #000000; background-color: transparent; font-weight: 400; font-style: normal; font-variant: normal; text-decoration: none; vertical-align: baseline; white-space: pre-wrap\">Bez przeszk\u00f3d dojechali\u015bmy na plac przed Pa\u0142acem Kultury i nakaza\u0142em wszystkim pozostanie w autobusie, a sam z ch\u0142opakiem, kt\u00f3rego matka mia\u0142a czeka\u0107 przy jakim\u015b sklepie Wschodniej \u015aciany i z bliskim przyjacielem, emerytowanym kapitanem Wojska Polskiego &#8211; cz\u0142onkiem ch\u00f3ru, wyszed\u0142em z autokaru i udali\u015bmy si\u0119 we wskazanym przez tancerza kierunku.<\/span><\/p>\n<p style=\"line-height: 1.38; margin-top: 0pt; margin-bottom: 0pt\" dir=\"ltr\"><span style=\"font-size: 10pt; font-family: Verdana; color: #000000; background-color: transparent; font-weight: 400; font-style: normal; font-variant: normal; text-decoration: none; vertical-align: baseline; white-space: pre-wrap\">Zeszli\u015bmy do przej\u015bcia pod ziemi\u0105. Na kafelkowej \u015bcianie zobaczyli\u015bmy, czarn\u0105 farb\u0105 namalowan\u0105 karykatur\u0119 Jaruzelskiego, a obok napis: Jaruzelski, spierdalaj do Ruskich.<\/span><\/p>\n<p style=\"line-height: 1.38; margin-top: 0pt; margin-bottom: 0pt\" dir=\"ltr\"><span style=\"font-size: 10pt; font-family: Verdana; color: #000000; background-color: transparent; font-weight: 400; font-style: normal; font-variant: normal; text-decoration: none; vertical-align: baseline; white-space: pre-wrap\">Dwie, eleganckie starsze panie zatrzyma\u0142y si\u0119 pod malowid\u0142em i nie bacz\u0105c na obcych ni\u017csza z nich skonkludowa\u0142a: ten skur\u2026syn wypowiedzia\u0142 nam wojn\u0119.<\/span><\/p>\n<p style=\"line-height: 1.38; margin-top: 0pt; margin-bottom: 0pt\" dir=\"ltr\"><span style=\"font-size: 10pt; font-family: Verdana; color: #000000; background-color: transparent; font-weight: 400; font-style: normal; font-variant: normal; text-decoration: none; vertical-align: baseline; white-space: pre-wrap\">-Jaki psubrat, &#8211; doda\u0142a wy\u017csza.<\/span><\/p>\n<p style=\"line-height: 1.38; margin-top: 0pt; margin-bottom: 0pt\" dir=\"ltr\"><span style=\"font-size: 10pt; font-family: Verdana; color: #000000; background-color: transparent; font-weight: 400; font-style: normal; font-variant: normal; text-decoration: none; vertical-align: baseline; white-space: pre-wrap\">Obydwie spojrza\u0142y na nas, jakby dopiero teraz dostrzeg\u0142y, \u017ce nie s\u0105 same. Czworo oczu skrzy\u017cowa\u0142o si\u0119 w jednej sekundzie i, o ile my przesy\u0142ali\u015bmy ca\u0142\u0105 nasz\u0105 sympati\u0119 do tych nobliwych istot, o tyle one, zw\u0142aszcza ta niziutka, kt\u00f3ra przed chwil\u0105 zwyzywa\u0142a genera\u0142a mia\u0142y w oczach nie strach, a wr\u0119cz agresj\u0119. I w\u0142a\u015bnie ona wypali\u0142a nagle z najgrubszej rury: w dupie mam, mo\u017cecie mnie nawet wys\u0142a\u0107 na Syberi\u0119.<\/span><\/p>\n<p style=\"line-height: 1.38; margin-top: 0pt; margin-bottom: 0pt\" dir=\"ltr\"><span style=\"font-size: 10pt; font-family: Verdana; color: #000000; background-color: transparent; font-weight: 400; font-style: normal; font-variant: normal; text-decoration: none; vertical-align: baseline; white-space: pre-wrap\">Parskn\u0119li\u015bmy \u015bmiechem, po czym Olek, swoim niewiarygodnie niskim g\u0142osem powiedzia\u0142: droga pani, ca\u0142\u0105 dusz\u0105 zgadzamy si\u0119 z paniami i gdyby nas mieli gdzie\u015b wysy\u0142a\u0107, to chcia\u0142bym, \u017ceby panie by\u0142y w tej samej grupie.<\/span><\/p>\n<p style=\"line-height: 1.38; margin-top: 0pt; margin-bottom: 0pt\" dir=\"ltr\"><span style=\"font-size: 10pt; font-family: Verdana; color: #000000; background-color: transparent; font-weight: 400; font-style: normal; font-variant: normal; text-decoration: none; vertical-align: baseline; white-space: pre-wrap\">Podeszli\u015bmy do Warszawianek wyci\u0105gaj\u0105c r\u0119ce do przywitania. Przedstawiaj\u0105c si\u0119 doda\u0142em: jeste\u015bmy ze \u015al\u0105ska, w autobusie siedz\u0105 cz\u0142onkowie zespo\u0142u, kt\u00f3ry wczoraj ta\u0144czy\u0142 w Ursusie.<\/span><\/p>\n<p style=\"line-height: 1.38; margin-top: 0pt; margin-bottom: 0pt\" dir=\"ltr\"><span style=\"font-size: 10pt; font-family: Verdana; color: #000000; background-color: transparent; font-weight: 400; font-style: normal; font-variant: normal; text-decoration: none; vertical-align: baseline; white-space: pre-wrap\">-O, zesp\u00f3\u0142 \u015al\u0105sk?<\/span><\/p>\n<p style=\"line-height: 1.38; margin-top: 0pt; margin-bottom: 0pt\" dir=\"ltr\"><span style=\"font-size: 10pt; font-family: Verdana; color: #000000; background-color: transparent; font-weight: 400; font-style: normal; font-variant: normal; text-decoration: none; vertical-align: baseline; white-space: pre-wrap\">-Nie, nie. My jeste\u015bmy z kopalni i to jest zesp\u00f3\u0142 g\u00f3rniczy i jeste\u015bmy spod Rybnika.<\/span><\/p>\n<p style=\"line-height: 1.38; margin-top: 0pt; margin-bottom: 0pt\" dir=\"ltr\"><span style=\"font-size: 10pt; font-family: Verdana; color: #000000; background-color: transparent; font-weight: 400; font-style: normal; font-variant: normal; text-decoration: none; vertical-align: baseline; white-space: pre-wrap\">-To, po co\u015bcie tu przyjechali, przecie\u017c b\u0119dziecie mie\u0107 same k\u0142opoty.<\/span><\/p>\n<p style=\"line-height: 1.38; margin-top: 0pt; margin-bottom: 0pt\" dir=\"ltr\"><span style=\"font-size: 10pt; font-family: Verdana; color: #000000; background-color: transparent; font-weight: 400; font-style: normal; font-variant: normal; text-decoration: none; vertical-align: baseline; white-space: pre-wrap\">-Musimy odebra\u0107 matk\u0119 jednego z tancerzy. Nie by\u0142o wyj\u015bcia, nie zostawimy jej tutaj samej.<\/span><\/p>\n<p style=\"line-height: 1.38; margin-top: 0pt; margin-bottom: 0pt\" dir=\"ltr\"><span style=\"font-size: 10pt; font-family: Verdana; color: #000000; background-color: transparent; font-weight: 400; font-style: normal; font-variant: normal; text-decoration: none; vertical-align: baseline; white-space: pre-wrap\">-Dobre z was ch\u0142opaki. Powodzenia.<\/span><\/p>\n<p style=\"line-height: 1.38; margin-top: 0pt; margin-bottom: 0pt\" dir=\"ltr\"><span style=\"font-size: 10pt; font-family: Verdana; color: #000000; background-color: transparent; font-weight: 400; font-style: normal; font-variant: normal; text-decoration: none; vertical-align: baseline; white-space: pre-wrap\">&#8211; Do widzenia.<\/span><\/p>\n<p style=\"line-height: 1.38; margin-top: 0pt; margin-bottom: 0pt\" dir=\"ltr\"><span style=\"font-size: 10pt; font-family: Verdana; color: #000000; background-color: transparent; font-weight: 400; font-style: normal; font-variant: normal; text-decoration: none; vertical-align: baseline; white-space: pre-wrap\">Poszli\u015bmy do wyj\u015bcia na powierzchni\u0119. Matka rzeczywi\u015bcie czeka\u0142a, ale przyzna\u0142a si\u0119, \u017ce bra\u0142a pod uwag\u0119, i\u017c mogli\u015bmy si\u0119 nie zjawi\u0107. Planowa\u0142a po godzinie p\u00f3j\u015b\u0107 na dworzec kolejowy. Dzi\u0119kowa\u0142a niezmiernie, bo jednak poczu\u0142a si\u0119 w tej gromadzie znacznie lepiej. By\u0142 z ni\u0105 jaki\u015b krewny, kt\u00f3ry poinformowa\u0142 mnie, \u017ce by\u0142y ju\u017c naloty na siedziby Solidarno\u015bci i do prywatnych mieszka\u0144; \u0142amanie mebli, niszczenie drukarek, kopiarek i maszyn do pisania.<\/span><\/p>\n<p style=\"line-height: 1.38; margin-top: 0pt; margin-bottom: 0pt\" dir=\"ltr\"><span style=\"font-size: 10pt; font-family: Verdana; color: #000000; background-color: transparent; font-weight: 400; font-style: normal; font-variant: normal; text-decoration: none; vertical-align: baseline; white-space: pre-wrap\">Zacz\u0119\u0142y si\u0119 ju\u017c internowania. Zwijaj\u0105 &#8211; t\u0142umaczy\u0142 &#8211; dzia\u0142aczy Solidarno\u015bci z dom\u00f3w i wywo\u017c\u0105 w nieznane.<\/span><\/p>\n<p style=\"line-height: 1.38; margin-top: 0pt; margin-bottom: 0pt\" dir=\"ltr\"><span style=\"font-size: 10pt; font-family: Verdana; color: #000000; background-color: transparent; font-weight: 400; font-style: normal; font-variant: normal; text-decoration: none; vertical-align: baseline; white-space: pre-wrap\">Wyszli\u015bmy znowu na powierzchni\u0119 po stronie Pa\u0142acu. Zatrzyma\u0142em si\u0119 i skierowa\u0142em wzrok na g\u0142\u00f3wne wej\u015bcie do \u201edaru Stalina dla polskiego narodu\u201d.<\/span><\/p>\n<p style=\"line-height: 1.38; margin-top: 0pt; margin-bottom: 0pt\" dir=\"ltr\"><span style=\"font-size: 10pt; font-family: Verdana; color: #000000; background-color: transparent; font-weight: 400; font-style: normal; font-variant: normal; text-decoration: none; vertical-align: baseline; white-space: pre-wrap\">Przed Pa\u0142acem Kultury i Nauki uformowa\u0142 si\u0119 szpaler \u017co\u0142nierzy z pepechami gotowymi do strza\u0142u.<\/span><\/p>\n<p style=\"line-height: 1.38; margin-top: 0pt; margin-bottom: 0pt\" dir=\"ltr\"><span style=\"font-size: 10pt; font-family: Verdana; color: #000000; background-color: transparent; font-weight: 400; font-style: normal; font-variant: normal; text-decoration: none; vertical-align: baseline; white-space: pre-wrap\">-Olek, co si\u0119 dzieje? \u2013 Zapyta\u0142em przyjaciela.<\/span><\/p>\n<p style=\"line-height: 1.38; margin-top: 0pt; margin-bottom: 0pt\" dir=\"ltr\"><span style=\"font-size: 10pt; font-family: Verdana; color: #000000; background-color: transparent; font-weight: 400; font-style: normal; font-variant: normal; text-decoration: none; vertical-align: baseline; white-space: pre-wrap\">-Nie mam poj\u0119cia.<\/span><\/p>\n<p style=\"line-height: 1.38; margin-top: 0pt; margin-bottom: 0pt\" dir=\"ltr\"><span style=\"font-size: 10pt; font-family: Verdana; color: #000000; background-color: transparent; font-weight: 400; font-style: normal; font-variant: normal; text-decoration: none; vertical-align: baseline; white-space: pre-wrap\">Przechodz\u0105cy warszawiak odpowiedzia\u0142 niepytany: Tam rozpocz\u0105\u0142 si\u0119 Kongres Nauki i Kultury, pewnie zaraz wszystkich wyprowadz\u0105.<\/span><\/p>\n<p style=\"line-height: 1.38; margin-top: 0pt; margin-bottom: 0pt\" dir=\"ltr\"><span style=\"font-size: 10pt; font-family: Verdana; color: #000000; background-color: transparent; font-weight: 400; font-style: normal; font-variant: normal; text-decoration: none; vertical-align: baseline; white-space: pre-wrap\">-A niech to wszystko szlag trafi &#8211; zakl\u0105\u0142em.<\/span><\/p>\n<p style=\"line-height: 1.38; margin-top: 0pt; margin-bottom: 0pt\" dir=\"ltr\"><span style=\"font-size: 10pt; font-family: Verdana; color: #000000; background-color: transparent; font-weight: 400; font-style: normal; font-variant: normal; text-decoration: none; vertical-align: baseline; white-space: pre-wrap\">W tym samym momencie w drzwiach pocz\u0119\u0142y si\u0119 ukazywa\u0107 sylwetki wyprowadzanych ze \u015brodka ludzi.<\/span><\/p>\n<p style=\"line-height: 1.38; margin-top: 0pt; margin-bottom: 0pt\" dir=\"ltr\"><span style=\"font-size: 10pt; font-family: Verdana; color: #000000; background-color: transparent; font-weight: 400; font-style: normal; font-variant: normal; text-decoration: none; vertical-align: baseline; white-space: pre-wrap\">-A widzicie? Sukinsyny nawet intelektualistom nie dadz\u0105 spokoju. &#8211; Skomentowa\u0142 warszawiak.<\/span><\/p>\n<p style=\"line-height: 1.38; margin-top: 0pt; margin-bottom: 0pt\" dir=\"ltr\"><span style=\"font-size: 10pt; font-family: Verdana; color: #000000; background-color: transparent; font-weight: 400; font-style: normal; font-variant: normal; text-decoration: none; vertical-align: baseline; white-space: pre-wrap\">-No w\u0142a\u015bnie &#8211; podj\u0105\u0142em &#8211; chyba przede wszystkim oni s\u0105 powodem strachu komunist\u00f3w. Tak by\u0142o za Niemca, tak by\u0142o za Ruskich i tak jest teraz, za wojskowej junty.<\/span><\/p>\n<p style=\"line-height: 1.38; margin-top: 0pt; margin-bottom: 0pt\" dir=\"ltr\"><span style=\"font-size: 10pt; font-family: Verdana; color: #000000; background-color: transparent; font-weight: 400; font-style: normal; font-variant: normal; text-decoration: none; vertical-align: baseline; white-space: pre-wrap\">Nagle u\u015bwiadomi\u0142em sobie, \u017ce przecie\u017c nie zna\u0142em faceta. Ale tamten odchodz\u0105c rzuci\u0142 tylko kr\u00f3tko: &#8211; Chyba ma pan racj\u0119. A wy zwiewajcie st\u0105d zanim do was przyjd\u0105.<\/span><\/p>\n<p style=\"line-height: 1.38; margin-top: 0pt; margin-bottom: 0pt\" dir=\"ltr\"><span style=\"font-size: 10pt; font-family: Verdana; color: #000000; background-color: transparent; font-weight: 400; font-style: normal; font-variant: normal; text-decoration: none; vertical-align: baseline; white-space: pre-wrap\">I poszed\u0142 w zamy\u015bleniu.<\/span><\/p>\n<p style=\"line-height: 1.38; margin-top: 0pt; margin-bottom: 0pt\" dir=\"ltr\"><span style=\"font-size: 10pt; font-family: Verdana; color: #000000; background-color: transparent; font-weight: 400; font-style: normal; font-variant: normal; text-decoration: none; vertical-align: baseline; white-space: pre-wrap\">Spojrza\u0142em na przyjaciela i dostrzeg\u0142em \u0142zy kr\u0119c\u0105ce si\u0119 w oczach prawie sze\u015b\u0107dziesi\u0119cioletniego \u017co\u0142nierza.<\/span><\/p>\n<p style=\"line-height: 1.38; margin-top: 0pt; margin-bottom: 0pt\" dir=\"ltr\"><span style=\"font-size: 10pt; font-family: Verdana; color: #000000; background-color: transparent; font-weight: 400; font-style: normal; font-variant: normal; text-decoration: none; vertical-align: baseline; white-space: pre-wrap\">-Olek, spokojnie, mnie te\u017c chce si\u0119 rycze\u0107. Cdn.<\/span><\/p>\n","protected":false},"excerpt":{"rendered":"<p>Kto\u015b szybko zgasi\u0142 jednak jego wyw\u00f3d, kr\u00f3tkim: zawrzyj si\u0119 pierzy\u0144ski gi\u017adzie, i polecia\u0142o \u201eMy chcemy Boga\u201d. Zapyta\u0142em dla w\u0142asnego spokoju, czy s\u0105 wszyscy i da\u0142em polecenie wyjazdu.<\/p>\n","protected":false},"author":2,"featured_media":0,"comment_status":"open","ping_status":"open","sticky":false,"template":"","format":"standard","meta":[],"categories":[4],"tags":[],"_links":{"self":[{"href":"https:\/\/sporek.com\/blog\/index.php?rest_route=\/wp\/v2\/posts\/587"}],"collection":[{"href":"https:\/\/sporek.com\/blog\/index.php?rest_route=\/wp\/v2\/posts"}],"about":[{"href":"https:\/\/sporek.com\/blog\/index.php?rest_route=\/wp\/v2\/types\/post"}],"author":[{"embeddable":true,"href":"https:\/\/sporek.com\/blog\/index.php?rest_route=\/wp\/v2\/users\/2"}],"replies":[{"embeddable":true,"href":"https:\/\/sporek.com\/blog\/index.php?rest_route=%2Fwp%2Fv2%2Fcomments&post=587"}],"version-history":[{"count":0,"href":"https:\/\/sporek.com\/blog\/index.php?rest_route=\/wp\/v2\/posts\/587\/revisions"}],"wp:attachment":[{"href":"https:\/\/sporek.com\/blog\/index.php?rest_route=%2Fwp%2Fv2%2Fmedia&parent=587"}],"wp:term":[{"taxonomy":"category","embeddable":true,"href":"https:\/\/sporek.com\/blog\/index.php?rest_route=%2Fwp%2Fv2%2Fcategories&post=587"},{"taxonomy":"post_tag","embeddable":true,"href":"https:\/\/sporek.com\/blog\/index.php?rest_route=%2Fwp%2Fv2%2Ftags&post=587"}],"curies":[{"name":"wp","href":"https:\/\/api.w.org\/{rel}","templated":true}]}}