{"id":589,"date":"2018-12-23T14:22:10","date_gmt":"2018-12-23T18:22:10","guid":{"rendered":"http:\/\/sporek.com\/blog\/?p=589"},"modified":"2018-12-23T14:22:10","modified_gmt":"2018-12-23T18:22:10","slug":"pomnik-a-polonia-i-polska","status":"publish","type":"post","link":"https:\/\/sporek.com\/blog\/?p=589","title":{"rendered":"Pomnik, a Polonia i Polska"},"content":{"rendered":"<p style=\"line-height: 1.38; margin-top: 0pt; margin-bottom: 0pt\" dir=\"ltr\"><span style=\"font-size: 10pt; font-family: Verdana; color: #000000; background-color: transparent; font-weight: 400; font-style: normal; font-variant: normal; text-decoration: none; vertical-align: baseline; white-space: pre-wrap\">Drodzy Czytelnicy; wydarzenie opisane poni\u017cej staje si\u0119 jednym z tych, w historii Polonii ameryka\u0144skiej, kt\u00f3re mog\u0105 by\u0107 por\u00f3wnywalne tylko z takimi, jak w\u0142\u0105czenie Polski do NATO. <!--more-->Olbrzymia wi\u0119kszo\u015b\u0107 zar\u00f3wno Polonii, jak i medi\u00f3w, <em>(wszyscy dziennikarze, jakich znam, bez urazy)<\/em>, rodak\u00f3w w kraju i poza jego granicami mia\u0142a ogromne w\u0105tpliwo\u015bci i w\u0142a\u015bciwie nie wierzy\u0142a w powodzenie tej karko\u0142omnej akcji w obronie Pomnika Masakry Katy\u0144skiej w Jersey City. Ten wysi\u0142ek i heroiczna wr\u0119cz walka o NASZ Pomnik, o Pami\u0119\u0107 o polskich Bohaterach-M\u0119czennikach wpisuje si\u0119 w poczet najwi\u0119kszych osi\u0105gni\u0119\u0107 Polonii ameryka\u0144skiej w sprawie polsko\u015bci. Nie mieli\u015bmy wsparcia, ani od rz\u0105du RP, ani od dyplomat\u00f3w; nawet ksi\u0119\u017ca nabrali wody w usta i nie pad\u0142o ani jedno s\u0142owo, z ambon, aby Polonia si\u0119 po\u0142\u0105czy\u0142a i licznie przybywa\u0142a na manifestacje w obronie Pomnika. Tylko kilku ksi\u0119\u017cy by\u0142o z nami, &#8211; ich nazwiska znajd\u0105 si\u0119 w specjalnym opracowaniu na temat tej, niemo\u017cliwej rzekomo akcji Polonii. Lista ludzi, kt\u00f3rzy w r\u00f3\u017cny spos\u00f3b, personalnie walczyli wsp\u00f3lnie z nami wcale nie jest d\u0142uga i zdziwi\u0105 si\u0119 wszyscy, kiedy zostanie ona sporz\u0105dzona, jaka garstka Polonus\u00f3w walczy\u0142a o ten Pomnik. Historia ostatnich dziewi\u0119ciu miesi\u0119cy wskazuje na niezwykle znamienn\u0105 rzecz: Polonia ameryka\u0144ska robi\u0142a i robi dla spraw polskich ogromnie du\u017co: niewiarygodna wielka i r\u00f3\u017cnorodna pomoc dla Solidarno\u015bci; ogromne pieni\u0105dze na pomoc powodzianom, pogorzelcom, dzieciom, ofiarom katastrof; manifestacje w obronie dobrego imienia, protesty przeciwko szkalowaniu Polski, &#8211; wymienia\u0107 by mo\u017cna d\u0142ugo. A, co Polska robi dla Polonii ameryka\u0144skiej? My nie chcemy, \u017ceby robi\u0142a cokolwiek, &#8211; my chcemy tylko, \u017ceby jej przedstawiciele przestali si\u0119 p\u0142aszczy\u0107 przed byle urz\u0119dasem i, \u017ceby przedstawiciele rz\u0105du RP wspierali nasze inicjatywy, albo konkretnym dzia\u0142aniem, albo duchowo, moralnie, albo, \u017ceby nie wtr\u0105cali si\u0119 w og\u00f3le, je\u015bli mia\u0142oby to wygl\u0105da\u0107 tak, jak wygl\u0105da\u0142o w przypadku Pomnika Katy\u0144skiego. <\/span><\/p>\n<p style=\"line-height: 1.38; margin-top: 0pt; margin-bottom: 0pt\" dir=\"ltr\"><span style=\"font-size: 10pt; font-family: Verdana; color: #000000; background-color: transparent; font-weight: 400; font-style: normal; font-variant: normal; text-decoration: none; vertical-align: baseline; white-space: pre-wrap\">Dziewi\u0119\u0107 miesi\u0119cy problemu z Pomnikiem Masakry Katy\u0144skiej w Jersey City, NJ, ukaza\u0142o nieprawdopodobne zr\u00f3\u017cnicowania w patrzeniu na to, co NASZE, w kontek\u015bcie pr\u00f3b odebrania nam tego przez obcych.<\/span><\/p>\n<p style=\"line-height: 1.38; margin-top: 0pt; margin-bottom: 0pt\" dir=\"ltr\"><span style=\"font-size: 10pt; font-family: Verdana; color: #000000; background-color: transparent; font-weight: 400; font-style: normal; font-variant: normal; text-decoration: none; vertical-align: baseline; white-space: pre-wrap\">Obcy, to w tym przypadku burmistrz Jersey City i Rada Miasta.<\/span><\/p>\n<p style=\"line-height: 1.38; margin-top: 0pt; margin-bottom: 0pt\" dir=\"ltr\"><span style=\"font-size: 10pt; font-family: Verdana; color: #000000; background-color: transparent; font-weight: 400; font-style: normal; font-variant: normal; text-decoration: none; vertical-align: baseline; white-space: pre-wrap\">Pocz\u0105tek, to spontaniczna, jednoznaczna i powszechna reakcja po informacji, \u017ce burmistrz chce usun\u0105\u0107 Pomnik: <\/span><span style=\"font-size: 10pt; font-family: Verdana; color: #000000; background-color: transparent; font-weight: 700; font-style: normal; font-variant: normal; text-decoration: none; vertical-align: baseline; white-space: pre-wrap\">nie zgadzamy si\u0119!<\/span><span style=\"font-size: 10pt; font-family: Verdana; color: #000000; background-color: transparent; font-weight: 400; font-style: normal; font-variant: normal; text-decoration: none; vertical-align: baseline; white-space: pre-wrap\"> To jednak trwa\u0142o zaledwie dwa dni, po czym nast\u0105pi\u0142 podzia\u0142 na m\u0105drych i g\u0142upszych.<\/span><\/p>\n<p style=\"line-height: 1.38; margin-top: 0pt; margin-bottom: 0pt\" dir=\"ltr\"><span style=\"font-size: 10pt; font-family: Verdana; color: #000000; background-color: transparent; font-weight: 400; font-style: normal; font-variant: normal; text-decoration: none; vertical-align: baseline; white-space: pre-wrap\">M\u0105drzy, to: konsul, Kluby Gazety Polskiej, z Nowego Jorku i Filadelfii i \u201estary Komitet Pomnikowy\u201d z Nowakiem i Urbankowsk\u0105.<\/span><\/p>\n<p style=\"line-height: 1.38; margin-top: 0pt; margin-bottom: 0pt\" dir=\"ltr\"><span style=\"font-size: 10pt; font-family: Verdana; color: #000000; background-color: transparent; font-weight: 400; font-style: normal; font-variant: normal; text-decoration: none; vertical-align: baseline; white-space: pre-wrap\">G\u0142upsi, to ca\u0142a grupa Polonii skupiona wok\u00f3\u0142 mec. S\u0142awomira Platty.<\/span><\/p>\n<p style=\"line-height: 1.38; margin-top: 0pt; margin-bottom: 0pt\" dir=\"ltr\"><span style=\"font-size: 10pt; font-family: Verdana; color: #000000; background-color: transparent; font-weight: 400; font-style: normal; font-variant: normal; text-decoration: none; vertical-align: baseline; white-space: pre-wrap\">Zachowanie niekt\u00f3rych grup spo\u0142ecznych i instytucji polonijnych w stosunku do mec. Platty by\u0142o typowym przyk\u0142adem zachowania Polaka, w stosunku do rodaka, kt\u00f3remu \u201emo\u017ce si\u0119 co\u015b uda\u0107\u201d, czyli, natychmiastowe podcinanie szczebli w drabinie.<\/span><\/p>\n<p style=\"line-height: 1.38; margin-top: 0pt; margin-bottom: 0pt\" dir=\"ltr\"><span style=\"font-size: 10pt; font-family: Verdana; color: #000000; background-color: transparent; font-weight: 400; font-style: normal; font-variant: normal; text-decoration: none; vertical-align: baseline; white-space: pre-wrap\">S\u0142awek Platta zosta\u0142 znienawidzony przez zarz\u0105d Polsko-S\u0142owia\u0144skiej Federalnej Unii Kredytowej po tym, jak, \u00a0w 2016 wygra\u0142 wybory na funkcj\u0119 Wielkiego Marsza\u0142ka Parady Pu\u0142askiego, deklasuj\u0105c kandydatk\u0119-ulubienic\u0119 Unii Kredytowej. Sprawa ta jest materia\u0142em na osobne, du\u017ce opracowanie dotycz\u0105ce relacji polonijno-polonijnych. Niemniej przesun\u0119\u0142a si\u0119 ona i roztoczy\u0142a nie tylko na problem z Pomnikiem, ale r\u00f3wnie\u017c na kampani\u0119 wyborcz\u0105 mecenasa, jako jedynego kandydata Polonii do Senatu Stanu Nowy Jork. O tyle ten aspekt okaza\u0142 si\u0119 idiotyczny, ale i bardzo, bardzo polonijny, \u017ce przecie\u017c nie by\u0142o innego, polskiego kandydata, a w przypadku wej\u015bcia do senatu Polonia mia\u0142aby swojego przedstawiciela we w\u0142adzach stanowych. Ten przypadek, to zn\u00f3w materia\u0142 na olbrzymi\u0105 prac\u0119 nt: <\/span><span style=\"font-size: 10pt; font-family: Verdana; color: #000000; background-color: transparent; font-weight: 400; font-style: italic; font-variant: normal; text-decoration: none; vertical-align: baseline; white-space: pre-wrap\">\u201eJak nie warto mie\u0107 ambicje b\u0119d\u0105c Polonusem\u201d.<\/span><span style=\"font-size: 10pt; font-family: Verdana; color: #000000; background-color: transparent; font-weight: 400; font-style: normal; font-variant: normal; text-decoration: none; vertical-align: baseline; white-space: pre-wrap\"> Wr\u00f3\u0107my do Pomnika: \u201eGrupa Platty\u201d natychmiast znalaz\u0142a si\u0119 na pozycji \u201edo zestrzelenia\u201d, no, bo jest g\u0142upia; nie zna si\u0119 na polityce, nie zna si\u0119 na negocjacjach, wichrzy, rozbija i walczy z radnymi i samym burmistrzem o \u017celiwnego \u017co\u0142nierza z bagnetem w plecach, na wysokiej, marmurowej kolumnie. Kr\u00f3tko m\u00f3wi\u0105c &#8211; nie chce odda\u0107 &#8222;Swojego&#8221;. A przecie\u017c sympatyczny burmistrz chce ten monument przenie\u015b\u0107 \u201etylko\u201d 60 metr\u00f3w w prawo, co z tego, \u017ce tu\u017c nad wylot miejskich \u015bciek\u00f3w, odp\u0142ywu w\u00f3d burzowych, ale wci\u0105\u017c z widokiem na Manhattan&#8230; Rozpocz\u0119\u0142a si\u0119 nieprawdopodobna kampania maj\u0105ca na celu udowodnienie, \u017ce broni\u0107 swojego jest niesko\u0144czon\u0105 g\u0142upot\u0105, a oddanie swojego, sko\u0144czon\u0105 m\u0105dro\u015bci\u0105. Telewizja Republika, Gazeta Polska i niezale\u017cna.pl przesz\u0142y samych siebie. Do tego J. Pospieszalski do\u0142o\u017cy\u0142 swoje trzy grosze, zapraszaj\u0105c do \u201eWarto rozmawia\u0107\u201d niejakiego Edmunda Lewandowskiego z Kalifornii, kt\u00f3ry, siedz\u0105c w Polsce od kilku lat i szykuj\u0105c sobie, jakie\u015b tam synekury wyst\u0105pi\u0142 w roli\u2026 eksperta ds. Pomnika w New Jersey. Ju\u017c po pierwszych zdaniach tego eksperta wiedzia\u0142em, \u017ce ten program powinien si\u0119 nazywa\u0107 \u201e<\/span><span style=\"font-size: 10pt; font-family: Verdana; color: #000000; background-color: transparent; font-weight: 400; font-style: italic; font-variant: normal; text-decoration: none; vertical-align: baseline; white-space: pre-wrap\">Nie warto rozmawia\u0107<\/span><span style=\"font-size: 10pt; font-family: Verdana; color: #000000; background-color: transparent; font-weight: 400; font-style: normal; font-variant: normal; text-decoration: none; vertical-align: baseline; white-space: pre-wrap\">\u201d. W audycji obecny by\u0142 Stan Borys i Ania Maleady, promotorka wielkiego artysty. Akurat Ania i Stan znaj\u0105 Poloni\u0119 nowojorsk\u0105 i t\u0119 z New Jersey o niebo lepiej, ni\u017c polski kalifornijczyk, ale im Po\u015bpieszalski za du\u017co do m\u00f3wienia szans nie dawa\u0142&#8230;<\/span><\/p>\n<p style=\"line-height: 1.38; margin-top: 0pt; margin-bottom: 0pt\" dir=\"ltr\"><span style=\"font-size: 10pt; font-family: Verdana; color: #000000; background-color: transparent; font-weight: 400; font-style: normal; font-variant: normal; text-decoration: none; vertical-align: baseline; white-space: pre-wrap\">Nie b\u0119d\u0119 tu przytacza\u0142 link\u00f3w do w\/w \u201einstytucji\u201d propagandy sukcesu, ale powiem tylko, \u017ce zar\u00f3wno artyku\u0142y Rusi\u0144skiego, Antoniaka, Kapu\u015bci\u0144skiego, Wysockiego, czy telewizyjne rozmowy pod wodz\u0105, guru politycznego Tomasza Sakiewicza by\u0142y stekiem bzdur wypisywanych z daleka, ale w aureoli tuby \u201ejedynie s\u0142usznej\u201d. Dlaczego odezwali si\u0119 w tej sprawie i to autorytatywnie ministrowie Sasin i Macierewicz <\/span><span style=\"font-size: 10pt; font-family: Verdana; color: #000000; background-color: transparent; font-weight: 400; font-style: italic; font-variant: normal; text-decoration: none; vertical-align: baseline; white-space: pre-wrap\">(o Kwiatkowskim nie wspominam, bo ten pan przeszed\u0142 wszelkie granice kameleo\u0144stwa, je\u015bli chodzi o lojalno\u015b\u0107 w stosunku do ludzi, kt\u00f3rzy go wysforowali z 42 miejsca do wygrania wybor\u00f3w do sejmu)<\/span><span style=\"font-size: 10pt; font-family: Verdana; color: #000000; background-color: transparent; font-weight: 400; font-style: normal; font-variant: normal; text-decoration: none; vertical-align: baseline; white-space: pre-wrap\">, &#8211; Trudne do wyt\u0142umaczenia. Kiedy\u015b, jeszcze przed tym, jak oddali\u015bmy, jako nowojorski Klub Gazety Polskiej logo tej firmy na znak, \u017ce nie do ko\u0144ca zgadzamy si\u0119 z szefem, zada\u0142em cz\u0142onkom mojego klubu pytanie, co b\u0119d\u0105 robi\u0142y kluby i, o czym b\u0119d\u0105 m\u00f3wi\u0142y w\/w media, gdy PiS dojdzie do w\u0142adzy? Zaznaczam, \u017ce w komplecie reprezentowali\u015bmy pogl\u0105dy prawicowe i tako\u017c pozosta\u0142o do dzi\u015b, wszelako nigdy nie znaczy\u0142o to dla nas, \u017ce b\u0119dziemy mierni, bierni, ale wierni. I odpowied\u017a na moje pytanie pojawi\u0142a si\u0119 w\u0142a\u015bnie przy sprawie z Pomnikiem; oto media Tomasza Sakiewicza postanowi\u0142y promowa\u0107 Kluby Gazety Polskiej (zaledwie kilkuosobowe), w Nowym Jorku i Filadelfii, jako jedynych rozs\u0105dnych zbawicieli i obro\u0144c\u00f3w Pomnika i niszczy\u0107 tych, kt\u00f3rzy kiedy\u015b powiedzieli \u201cdo\u015b\u0107\u201d. Nawet by nas to bawi\u0142o, gdyby nie zacz\u0119to nazywa\u0107 nas (<\/span><span style=\"font-size: 10pt; font-family: Verdana; color: #000000; background-color: transparent; font-weight: 400; font-style: italic; font-variant: normal; text-decoration: none; vertical-align: baseline; white-space: pre-wrap\">tych z inn\u0105 teori\u0105 obrony Pami\u0119ci Ofiar Katy\u0144skich<\/span><span style=\"font-size: 10pt; font-family: Verdana; color: #000000; background-color: transparent; font-weight: 400; font-style: normal; font-variant: normal; text-decoration: none; vertical-align: baseline; white-space: pre-wrap\">), wichrzycielami, lud\u017ami rozbijaj\u0105cymi Poloni\u0119, tzw. dzia\u0142aczami polonijnymi, a nawet, jak mi to w sms-ie napisa\u0142 sam Guru, ruskimi agentami. Ale my robili\u015bmy swoje:<\/span><\/p>\n<p style=\"line-height: 1.38; margin-top: 0pt; margin-bottom: 0pt\" dir=\"ltr\"><span style=\"font-size: 10pt; font-family: Verdana; color: #000000; background-color: transparent; font-weight: 400; font-style: normal; font-variant: normal; text-decoration: none; vertical-align: baseline; white-space: pre-wrap\">1-uczestnictwo w ka\u017cdej debacie rady miejskiej,<\/span><\/p>\n<p style=\"line-height: 1.38; margin-top: 0pt; margin-bottom: 0pt\" dir=\"ltr\"><span style=\"font-size: 10pt; font-family: Verdana; color: #000000; background-color: transparent; font-weight: 400; font-style: normal; font-variant: normal; text-decoration: none; vertical-align: baseline; white-space: pre-wrap\">2-zarejestrowali\u015bmy w stanie New Jersey Komitet Obrony Pomnika Katy\u0144skiego i Obiekt\u00f3w Historycznych,<\/span><\/p>\n<p style=\"line-height: 1.38; margin-top: 0pt; margin-bottom: 0pt\" dir=\"ltr\"><span style=\"font-size: 10pt; font-family: Verdana; color: #000000; background-color: transparent; font-weight: 400; font-style: normal; font-variant: normal; text-decoration: none; vertical-align: baseline; white-space: pre-wrap\">3-rozpocz\u0119li\u015bmy zbieranie podpis\u00f3w pod petycj\u0105 o wycofanie przez rad\u0119 miasta rezolucji o przesuni\u0119ciu Pomnika,<\/span><\/p>\n<p style=\"line-height: 1.38; margin-top: 0pt; margin-bottom: 0pt\" dir=\"ltr\"><span style=\"font-size: 10pt; font-family: Verdana; color: #000000; background-color: transparent; font-weight: 400; font-style: normal; font-variant: normal; text-decoration: none; vertical-align: baseline; white-space: pre-wrap\">4-spotykali\u015bmy si\u0119 indywidualnie z radnymi i najzwyczajniej lobbowali\u015bmy w sprawie pozostawienia Pomnika, tam, gdzie go postawiono prawie 30 lat temu.<\/span><\/p>\n<p style=\"line-height: 1.38; margin-top: 0pt; margin-bottom: 0pt\" dir=\"ltr\"><span style=\"font-size: 10pt; font-family: Verdana; color: #000000; background-color: transparent; font-weight: 400; font-style: normal; font-variant: normal; text-decoration: none; vertical-align: baseline; white-space: pre-wrap\">5-agitowali\u015bmy w\u015br\u00f3d spo\u0142ecze\u0144stwa.<\/span><\/p>\n<p style=\"line-height: 1.38; margin-top: 0pt; margin-bottom: 0pt\" dir=\"ltr\"><span style=\"font-size: 10pt; font-family: Verdana; color: #000000; background-color: transparent; font-weight: 400; font-style: normal; font-variant: normal; text-decoration: none; vertical-align: baseline; white-space: pre-wrap\">W tym czasie tzw. \u201estary Komitet ds. Pomnika\u201d nie robi\u0142 nic, opr\u00f3cz wyzywania nas od g\u0142upk\u00f3w i zapewniania, \u017ce nasza walka jest bez sensu, bo <\/span><span style=\"font-size: 10pt; font-family: Verdana; color: #000000; background-color: transparent; font-weight: 400; font-style: italic; font-variant: normal; text-decoration: none; vertical-align: baseline; white-space: pre-wrap\">\u201cju\u017c dawno po herbacie\u201d, <\/span><span style=\"font-size: 10pt; font-family: Verdana; color: #000000; background-color: transparent; font-weight: 400; font-style: normal; font-variant: normal; text-decoration: none; vertical-align: baseline; white-space: pre-wrap\">a szefowie Klub\u00f3w Gazety Polskiej i media dookolne \u0142adowa\u0142y armaty, \u017ceby ostatecznie nas uwali\u0107. W tym te\u017c czasie ja, osobi\u015bcie otrzyma\u0142em dziesi\u0105tki sms-\u00f3w o tre\u015bci: <\/span><span style=\"font-size: 10pt; font-family: Verdana; color: #000000; background-color: transparent; font-weight: 400; font-style: italic; font-variant: normal; text-decoration: none; vertical-align: baseline; white-space: pre-wrap\">bardzo pana szanuj\u0119, jest pan jedynym rozs\u0105dnym w tej grupie, Platta ma ju\u017c pozamiatanie, bardzo pana lubi\u0119, ale media was roznios\u0105, jako tych, kt\u00f3rzy doprowadzili do usuni\u0119cia Pomnika, a przecie\u017c mo\u017ce si\u0119 pan sta\u0107 bohaterem Polonii, tylko niech pan usi\u0105dzie z konsulem przy jednym stole na konferencji prasowej i niech pan og\u0142osi, jako szef Komitetu, \u017ce rezygnujecie z referendum, nie wiecie, z kim zadzieracie, a referendum was totalnie pogr\u0105\u017cy, etc.<\/span><\/p>\n<p style=\"line-height: 1.38; margin-top: 0pt; margin-bottom: 0pt\" dir=\"ltr\"><span style=\"font-size: 10pt; font-family: Verdana; color: #000000; background-color: transparent; font-weight: 400; font-style: normal; font-variant: normal; text-decoration: none; vertical-align: baseline; white-space: pre-wrap\">A, od kogo te sms-y? Od przedstawiciela rz\u0105du RP <\/span><span style=\"font-size: 10pt; font-family: Verdana; color: #000000; background-color: transparent; font-weight: 400; font-style: italic; font-variant: normal; text-decoration: none; vertical-align: baseline; white-space: pre-wrap\">(powo\u0142ywa\u0142 si\u0119 na kole\u017ce\u0144sk\u0105 znajomo\u015b\u0107 z premierem Morawieckim, a pe\u0142ni tu funkcj\u0119 prezesa Izby Handlowej<\/span><span style=\"font-size: 10pt; font-family: Verdana; color: #000000; background-color: transparent; font-weight: 400; font-style: normal; font-variant: normal; text-decoration: none; vertical-align: baseline; white-space: pre-wrap\">). Co si\u0119 dzieje, kiedy kto\u015b, kogo spotkali\u015bcie raz w \u017cyciu, z kim zamienili\u015bcie dwa zdania na korytarzu w urz\u0119dzie miejskim, pisze wam o olbrzymim szacunku i kadzi o bohaterstwie? A no, odzywaj\u0105 si\u0119 wewn\u0119trzne dzwonki, a te zacz\u0119\u0142y tak dudni\u0107 w mojej m\u00f3zgownicy, \u017ce musia\u0142o to doprowadzi\u0107 do jednej tylko odpowiedzi: NIE. Poza wszystkim namawianie mnie do podj\u0119cia jednoosobowej decyzji w imieniu cz\u0142onk\u00f3w Komitetu i kilkunastu tysi\u0119cy sygnatariuszy by\u0142o namawianiem do plucia we w\u0142asn\u0105 twarz, ale te\u017c i dowodem na kompletne niezrozumienie demokracji i podstawowej uczciwo\u015bci.<\/span><\/p>\n<p style=\"line-height: 1.38; margin-top: 0pt; margin-bottom: 0pt\" dir=\"ltr\"><span style=\"font-size: 10pt; font-family: Verdana; color: #000000; background-color: transparent; font-weight: 400; font-style: normal; font-variant: normal; text-decoration: none; vertical-align: baseline; white-space: pre-wrap\">Media nas nie roznios\u0142y, ja nie \u017ca\u0142uj\u0119, \u017ce nie zosta\u0142em \u201ebohaterem polonijnym\u201d w tamtym znaczeniu tego s\u0142owa, natomiast los u\u015bmiechn\u0105\u0142 si\u0119 do \u2026 zwyci\u0119zc\u00f3w, jak to bardzo cz\u0119sto si\u0119 dzieje; upadek komuny, to nie sam Wa\u0142\u0119sa, ale Ojciec \u015awi\u0119ty i Ronald Reagan i wiele innych czynnik\u00f3w, mi\u0119dzy innymi ekonomicznych, a z Napoleonem, pod Moskw\u0105, wygra\u0142a zima i mr\u00f3z, a nie armia.<\/span><\/p>\n<p style=\"line-height: 1.38; margin-top: 0pt; margin-bottom: 0pt\" dir=\"ltr\"><span style=\"font-size: 10pt; font-family: Verdana; color: #000000; background-color: transparent; font-weight: 400; font-style: normal; font-variant: normal; text-decoration: none; vertical-align: baseline; white-space: pre-wrap\">Zupe\u0142nie przypadkiem okaza\u0142o si\u0119, \u017ce miasto stoi nad finansow\u0105 przepa\u015bci\u0105, \u017ce nie ma pieni\u0119dzy na szkolnictwo, bo nawet w\u0142adze stanowe odm\u00f3wi\u0142y dotowania. Policzyli szybciutko i wysz\u0142o, \u017ce na przeniesienie Pomnika nie ma funduszy, a ju\u017c przeprowadzenie referendum skazywa\u0142o miasto na konieczno\u015b\u0107 og\u0142oszenia niewyp\u0142acalno\u015bci. W konsekwencji burmistrz rezygnuje z pomys\u0142u przesuni\u0119cia pomnika. I tu wysz\u0142o kogo naprawd\u0119 pogr\u0105\u017cy\u0142oby referendum. Wi\u0119c, panowie zwr\u00f3\u0107cie uwag\u0119 swojemu koledze, burmistrzowi, \u017ce winien nam jest podzi\u0119kowania.<\/span><\/p>\n<p style=\"line-height: 1.38; margin-top: 0pt; margin-bottom: 0pt\" dir=\"ltr\"><span style=\"font-size: 10pt; font-family: Verdana; color: #000000; background-color: transparent; font-weight: 400; font-style: normal; font-variant: normal; text-decoration: none; vertical-align: baseline; white-space: pre-wrap\">I oto nast\u0105pi\u0142 pierwszy paradoks:, kiedy rada miasta og\u0142osi\u0142a, \u017ce pomnik pozostanie, i tzw. pierwsze g\u0142osowanie pozostawia\u0142o Pomnik na swoim miejscu, g\u0142\u00f3wnymi zwyci\u0119zcami og\u0142osi\u0142y si\u0119&#8230;Kluby Gazety Polskiej i konsul generalny RP. Natychmiast sko\u0144czy\u0142y si\u0119 sms-y, ukaza\u0142y si\u0119 ba\u0142wochwalcze artyku\u0142y, do kt\u00f3rych mam linki, ale nie b\u0119d\u0119 Czytelnikom zawraca\u0142 g\u0142owy niepotrzebn\u0105 i niezbyt po\u017cyteczn\u0105 lektur\u0105. Rado\u015b\u0107 trwa\u0142a kilka tygodni, bo oto, dwie panie, Amerykanka w\u0142oskiego pochodzenia i p\u00f3\u0142 Polka, p\u00f3\u0142 Latynoska, ale o urodzie absolutnie s\u0142owia\u0144skiej, postanowi\u0142y udowodni\u0107, \u017ce sformu\u0142owania w rezolucji czerwcowej by\u0142y w konflikcie z prawem. No i wnios\u0142y spraw\u0119 do s\u0105du. Nie wiadomo, po co, bo ta rezolucja przesta\u0142a mie\u0107 znaczenie w momencie, kiedy burmistrz i radni wycofali si\u0119 z pomys\u0142u przesuwania Pomnika. Nie pomog\u0142y nasze pro\u015bby, \u017ceby si\u0119 wycofa\u0142y, bo op\u00f3\u017ani to ca\u0142\u0105 spraw\u0119, a mo\u017ce jeszcze wkurzy\u0107 radnych i doprowadzi\u0107 do usuni\u0119cia Pomnika w og\u00f3le. I tu, ani konsul, ani Kluby GP, ani stary komitet nie zareagowali, za to nieustannie upominali nas i apelowali, aby\u015bmy ust\u0105pili. &#8222;Czo\u0142o-bicie&#8221; w stron\u0119 burmistrza i radnych by\u0142o wr\u0119cz niesmaczne.<\/span><\/p>\n<p style=\"line-height: 1.38; margin-top: 0pt; margin-bottom: 0pt\" dir=\"ltr\"><span style=\"font-size: 10pt; font-family: Verdana; color: #000000; background-color: transparent; font-weight: 400; font-style: normal; font-variant: normal; text-decoration: none; vertical-align: baseline; white-space: pre-wrap\">Dlaczego nie zareagowali? Bo wyniuchali, \u017ce te dwie panie s\u0105, jakby przeciwko nam. I sprawa jasna, &#8211; jak w ka\u017cdym westernie, tak i w Polonii musi by\u0107 \u201eThe Good, the Bad and the Ugly\u201d (<\/span><span style=\"font-size: 10pt; font-family: Verdana; color: #000000; background-color: transparent; font-weight: 400; font-style: italic; font-variant: normal; text-decoration: none; vertical-align: baseline; white-space: pre-wrap\">przypomnijcie sobie genialn\u0105 muzyk\u0119 z tego filmu {poprawia nast\u00f3j}:<\/span><span style=\"font-size: 10pt; font-family: Verdana; color: #000000; background-color: transparent; font-weight: 400; font-style: normal; font-variant: normal; text-decoration: none; vertical-align: baseline; white-space: pre-wrap\"> <\/span><span style=\"font-size: 10pt; font-family: Verdana; color: #0000ff; background-color: transparent; font-weight: 400; font-style: normal; font-variant: normal; text-decoration: none; vertical-align: baseline; white-space: pre-wrap\">https:\/\/www.youtube.com\/watch?v=-S7YW0FLRhs<\/span><span style=\"font-size: 10pt; font-family: Verdana; color: #000000; background-color: transparent; font-weight: 400; font-style: normal; font-variant: normal; text-decoration: none; vertical-align: baseline; white-space: pre-wrap\">), czyli dobry, z\u0142y i paskudny; czytaj oni dobrzy, my \u017ali i paskudni.<\/span><\/p>\n<p style=\"line-height: 1.38; margin-top: 0pt; margin-bottom: 0pt\" dir=\"ltr\"><span style=\"font-size: 10pt; font-family: Verdana; color: #000000; background-color: transparent; font-weight: 400; font-style: normal; font-variant: normal; text-decoration: none; vertical-align: baseline; white-space: pre-wrap\">Nie wiedzieli jednak \u201edobrzy\u201d, jak potoczy si\u0119 sprawa i nabrali wody w usta. Okaza\u0142o si\u0119, \u017ce dwie panie wygra\u0142y w s\u0105dzie i cho\u0107 nie mia\u0142o to specjalnego wp\u0142ywu na bieg wydarze\u0144, to odsun\u0119\u0142o spraw\u0119 tzw. drugiego g\u0142osowania o kolejny miesi\u0105c. I zn\u00f3w, \u017cadnego komentarza konsula, ani genialnych szef\u00f3w Klub\u00f3w GP (\u017ceby\u015bcie widzieli te wytryski intelektu w ich artyku\u0142ach\u2026, o matko i c\u00f3rko).<\/span><\/p>\n<p style=\"line-height: 1.38; margin-top: 0pt; margin-bottom: 0pt\" dir=\"ltr\"><span style=\"font-size: 10pt; font-family: Verdana; color: #000000; background-color: transparent; font-weight: 400; font-style: normal; font-variant: normal; text-decoration: none; vertical-align: baseline; white-space: pre-wrap\">A my zn\u00f3w: lobbowanie, spotkania, agitacja, &#8211; praca na najwy\u017cszych obrotach. Mec. Platta zagrzewa do walki, t\u0142umaczy, sam spotyka si\u0119 z radnymi w ich biurach, dzwoni, rozmawia.<\/span><\/p>\n<p style=\"line-height: 1.38; margin-top: 0pt; margin-bottom: 0pt\" dir=\"ltr\"><span style=\"font-size: 10pt; font-family: Verdana; color: #000000; background-color: transparent; font-weight: 400; font-style: normal; font-variant: normal; text-decoration: none; vertical-align: baseline; white-space: pre-wrap\">I wreszcie przyszed\u0142 upragniony, ale podszyty niepewno\u015bci\u0105 19 grudnia, 2018; posiedzenie rady miejskiej Jersey City, na kt\u00f3rym mia\u0142o nast\u0105pi\u0107 drugie g\u0142osowanie nad Pomnikiem. Musieli\u015bmy czeka\u0107 \u201ejeden dzie\u0144\u201d, bo obrady przeci\u0105gn\u0119\u0142y si\u0119 do grubo po p\u00f3\u0142nocy. Podczas dyskusji nad innymi problemami, w kt\u00f3rych do m\u00f3wnicy podchodzili Amerykanie do\u015bwiadczali\u015bmy na w\u0142asne uszy i oczy, jak niekoniecznie spolegliwie w stosunku do radnych zachowuj\u0105 si\u0119 i wyst\u0119puj\u0105 obywatele miasta. \u017badnej czo\u0142obitno\u015bci:<\/span><span style=\"font-size: 10pt; font-family: Verdana; color: #000000; background-color: transparent; font-weight: 400; font-style: italic; font-variant: normal; text-decoration: none; vertical-align: baseline; white-space: pre-wrap\"> \u201cjeste\u015bcie tu dla nas, nie my, dla was, wi\u0119c we\u017acie si\u0119 do roboty&#8221; <\/span><span style=\"font-size: 10pt; font-family: Verdana; color: #000000; background-color: transparent; font-weight: 400; font-style: normal; font-variant: normal; text-decoration: none; vertical-align: baseline; white-space: pre-wrap\">i tego typu teksty. Sk\u0105d w nas tyle ugrzecznienia i podda\u0144stwa\u2026? Przesta\u0144my zwala\u0107 na po\u0142o\u017cenie geograficzne i przesz\u0142o\u015b\u0107.<\/span><\/p>\n<p style=\"line-height: 1.38; margin-top: 0pt; margin-bottom: 0pt\" dir=\"ltr\"><span style=\"font-size: 10pt; font-family: Verdana; color: #000000; background-color: transparent; font-weight: 400; font-style: normal; font-variant: normal; text-decoration: none; vertical-align: baseline; white-space: pre-wrap\">Ostatecznie, o 1:15, nad ranem, 20 grudnia, radni zag\u0142osowali i wysz\u0142o 8 do 0 przy jednym nieobecnym, a wi\u0119c jednog\u0142o\u015bnie. To, co pokaza\u0142o si\u0119 te\u017c, jako wspania\u0142o\u015b\u0107 po tych miesi\u0105cach, to to, \u017ce z przeciwnik\u00f3w, stali\u015bmy si\u0119 z radnymi, przyjaci\u00f3\u0142mi.<\/span><\/p>\n<p style=\"line-height: 1.38; margin-top: 0pt; margin-bottom: 0pt\" dir=\"ltr\"><span style=\"font-size: 10pt; font-family: Verdana; color: #000000; background-color: transparent; font-weight: 400; font-style: normal; font-variant: normal; text-decoration: none; vertical-align: baseline; white-space: pre-wrap\">Niech sobie tam konsul t\u0142umaczy problemem z ustaw\u0105 o IPN, Netanjahu, sytuacj\u0105 geopolityczn\u0105, Zwi\u0105zkeim Zdradzieckim, strachem, \u017ce burmistrz usunie Pomnik (<\/span><span style=\"font-size: 10pt; font-family: Verdana; color: #000000; background-color: transparent; font-weight: 400; font-style: italic; font-variant: normal; text-decoration: none; vertical-align: baseline; white-space: pre-wrap\">to konsul nie wie, \u017ce burmistrz ma nad sob\u0105 Rad\u0119?<\/span><span style=\"font-size: 10pt; font-family: Verdana; color: #000000; background-color: transparent; font-weight: 400; font-style: normal; font-variant: normal; text-decoration: none; vertical-align: baseline; white-space: pre-wrap\">), jakimi\u015b \u201ehejtami\u201d pisanymi do burmistrza (<\/span><span style=\"font-size: 10pt; font-family: Verdana; color: #000000; background-color: transparent; font-weight: 400; font-style: italic; font-variant: normal; text-decoration: none; vertical-align: baseline; white-space: pre-wrap\">ka\u017cdy mo\u017ce powiedzie\u0107, \u017ce dosta\u0142 dzi\u015b 300 \u201ehejt\u00f3w\u201d<\/span><span style=\"font-size: 10pt; font-family: Verdana; color: #000000; background-color: transparent; font-weight: 400; font-style: normal; font-variant: normal; text-decoration: none; vertical-align: baseline; white-space: pre-wrap\">) i innymi bzdurami. My wiemy jedno: walka o swoje nigdy nie jest bezsensowna, tak jak walka o wolno\u015b\u0107. A teraz chcia\u0142bym rozwia\u0107 wszelkie w\u0105tpliwo\u015bci, komu zawdzi\u0119czamy, \u017ce Pomnik stoi nadal tam, gdzie go postawiono. Ot\u00f3\u017c nie by\u0142oby to mo\u017cliwe, gdyby nie mecenas S\u0142awomir Platta. To, \u017ce stan\u0105\u0142em na czele Komitetu Obrony Pomnika Katy\u0144skiego i Obiekt\u00f3w Historycznych, \u017ce mia\u0142em do wsp\u00f3\u0142pracy wspania\u0142ych Polonus\u00f3w z samego Jersey City i dalej, Nowego Jorku, Connecticut, Pensylwanii, Massachusetts, \u017ce mieli\u015bmy cudowne wsparcie od Rodak\u00f3w z Ojczyzny, ale i z Niemiec, Francji, Szwajcarii, Szwecji, Australii nawet, &#8211; uwaga \u2013 z Klub\u00f3w Gazety Polskiej z pa\u0144stw europejskich i z samej Polski, nie mia\u0142oby \u017cadnego znaczenia, gdyby nie postawa S\u0142awka Platty, &#8211; jeste\u015bmy przyjaci\u00f3\u0142mi, wi\u0119c mog\u0119 tak go nazywa\u0107, \u2013 bo to on w momencie, gdy zaczyna\u0142em mie\u0107 w\u0105tpliwo\u015bci, bra\u0142 mnie \u201ena dywan\u201d (<\/span><span style=\"font-size: 10pt; font-family: Verdana; color: #000000; background-color: transparent; font-weight: 400; font-style: italic; font-variant: normal; text-decoration: none; vertical-align: baseline; white-space: pre-wrap\">cho\u0107 dwa razy m\u0142odszy) <\/span><span style=\"font-size: 10pt; font-family: Verdana; color: #000000; background-color: transparent; font-weight: 400; font-style: normal; font-variant: normal; text-decoration: none; vertical-align: baseline; white-space: pre-wrap\">\u2013 najcz\u0119\u015bciej przez telefon \u2013 i stawia\u0142 do pionu. Nie mieli\u015bmy na nic czasu. Teraz dopiero skonkludowa\u0142em, \u017ce mia\u0142em zaledwie jedno \u201ewychodne\u201d, do przyjaciela na \u201eAndrzejki\u201d. Ca\u0142y ten \u201eci\u0105\u017cowy\u201d okres, te dziewi\u0119\u0107 miesi\u0119cy, to by\u0142a wyt\u0119\u017cona praca wspania\u0142ych Polonus\u00f3w, dla kt\u00f3rych, \u201eNASZE, POLSKIE\u201d, jest \u015bwi\u0119te.<\/span><\/p>\n<p style=\"line-height: 1.38; margin-top: 0pt; margin-bottom: 0pt\" dir=\"ltr\"><span style=\"font-size: 10pt; font-family: Verdana; color: #000000; background-color: transparent; font-weight: 400; font-style: normal; font-variant: normal; text-decoration: none; vertical-align: baseline; white-space: pre-wrap\">Dzi\u0119kuj\u0119 mec. S\u0142awomirowi Platcie, Cz\u0142onkom Komitetu, Polonii, Amerykanom z Jersey City i wszystkim Rodakom, kt\u00f3rzy nas wspierali. Wszyscy sprawili\u015bmy sobie wspania\u0142y prezent na Bo\u017ce Narodzenie, 2018.<\/span><\/p>\n<p style=\"line-height: 1.38; margin-top: 0pt; margin-bottom: 0pt\" dir=\"ltr\"><span style=\"font-size: 10pt; font-family: Verdana; color: #000000; background-color: transparent; font-weight: 400; font-style: normal; font-variant: normal; text-decoration: none; vertical-align: baseline; white-space: pre-wrap\">Zdrowych, spokojnych i B\u0142ogos\u0142awionych \u015awi\u0105t Bo\u017cego Narodzenia oraz wszelkiej pomy\u015blno\u015bci w Nowym, 2019 Roku.<\/span><\/p>\n<p style=\"line-height: 1.38; margin-top: 0pt; margin-bottom: 0pt\" dir=\"ltr\"><span style=\"font-size: 10pt; font-family: Verdana; color: #000000; background-color: transparent; font-weight: 400; font-style: normal; font-variant: normal; text-decoration: none; vertical-align: baseline; white-space: pre-wrap\">Jan Janusz Sporek<\/span><\/p>\n<p style=\"line-height: 1.38; margin-top: 0pt; margin-bottom: 0pt\" dir=\"ltr\"><span style=\"font-size: 10pt; font-family: Verdana; color: #000000; background-color: transparent; font-weight: 400; font-style: italic; font-variant: normal; text-decoration: none; vertical-align: baseline; white-space: pre-wrap\">Przewodnicz\u0105cy Komitetu Obrony Pomnika Katy\u0144skiego i Obiekt\u00f3w Historycznych<\/span><\/p>\n","protected":false},"excerpt":{"rendered":"<p>Drodzy Czytelnicy; wydarzenie opisane poni\u017cej staje si\u0119 jednym z tych, w historii Polonii ameryka\u0144skiej, kt\u00f3re mog\u0105 by\u0107 por\u00f3wnywalne tylko z takimi, jak w\u0142\u0105czenie Polski do NATO.<\/p>\n","protected":false},"author":2,"featured_media":0,"comment_status":"open","ping_status":"open","sticky":false,"template":"","format":"standard","meta":[],"categories":[3],"tags":[],"_links":{"self":[{"href":"https:\/\/sporek.com\/blog\/index.php?rest_route=\/wp\/v2\/posts\/589"}],"collection":[{"href":"https:\/\/sporek.com\/blog\/index.php?rest_route=\/wp\/v2\/posts"}],"about":[{"href":"https:\/\/sporek.com\/blog\/index.php?rest_route=\/wp\/v2\/types\/post"}],"author":[{"embeddable":true,"href":"https:\/\/sporek.com\/blog\/index.php?rest_route=\/wp\/v2\/users\/2"}],"replies":[{"embeddable":true,"href":"https:\/\/sporek.com\/blog\/index.php?rest_route=%2Fwp%2Fv2%2Fcomments&post=589"}],"version-history":[{"count":0,"href":"https:\/\/sporek.com\/blog\/index.php?rest_route=\/wp\/v2\/posts\/589\/revisions"}],"wp:attachment":[{"href":"https:\/\/sporek.com\/blog\/index.php?rest_route=%2Fwp%2Fv2%2Fmedia&parent=589"}],"wp:term":[{"taxonomy":"category","embeddable":true,"href":"https:\/\/sporek.com\/blog\/index.php?rest_route=%2Fwp%2Fv2%2Fcategories&post=589"},{"taxonomy":"post_tag","embeddable":true,"href":"https:\/\/sporek.com\/blog\/index.php?rest_route=%2Fwp%2Fv2%2Ftags&post=589"}],"curies":[{"name":"wp","href":"https:\/\/api.w.org\/{rel}","templated":true}]}}