{"id":59,"date":"2008-03-17T23:28:55","date_gmt":"2008-03-18T03:28:55","guid":{"rendered":"http:\/\/sporek.com\/blog\/?p=59"},"modified":"2008-07-03T15:03:24","modified_gmt":"2008-07-03T19:03:24","slug":"donalda-tuska-spotkanie-z-polonia-3","status":"publish","type":"post","link":"https:\/\/sporek.com\/blog\/?p=59","title":{"rendered":"Donalda Tuska spotkanie z Poloni\u0105 (3)"},"content":{"rendered":"<p><font size=\"2\" face=\"Arial\">Jest niedziela, 16 marca; od wizyty Premiera w USA min\u0105\u0142 tydzie\u0144 i wydarzy\u0142o si\u0119 mn\u00f3stwo r\u00f3\u017cnych -swoj\u0105 drog\u0105- dziwnych spraw. Chc\u0119 jednak kontynuowa\u0107 i nie b\u0119d\u0119 zbacza\u0142 z tematu.\u00a0<\/font><\/p>\n<p><font size=\"2\" face=\"Arial\">Wreszcie podjecha\u0142y czarne samochody. Sta\u0142em z kilkoma znajomymi przy g\u0142\u00f3wnym wej\u015bciu do sali przyj\u0119\u0107 i byli\u015bmy pewni, \u017ce Premier wejdzie tymi w\u0142a\u015bnie drzwiami. Niestety, samoch\u00f3d z pierwszym ministrem RP zatrzyma\u0142 si\u0119 dwadzie\u015bcia metr\u00f3w dalej.\u00a0Wyczaili to demnstruj\u0105cy i wychodz\u0105cego z samochodu Premiera powita\u0142y okrzyki: &#8222;Do Moskwy!&#8221;, &#8222;Tuska cuda, to ob\u0142uda&#8221; itp. Premier\u00a0przecisn\u0105\u0142 si\u0119 przez st\u0142oczonych\u00a0 wok\u00f3\u0142 samochodu\u00a0kamerzyst\u00f3w\u00a0i\u00a0znikn\u0105\u0142 za drzwiami, kt\u00f3re s\u0105\u00a0wy\u0142\u0105cznie dla personelu.\u00a0&#8222;Zaproszeni&#8221;,\u00a0zgromadzeni w hallu skomentowali t\u0119 sytuacj\u0119 pytaniem: &#8222;boi si\u0119 nas, czy co&#8230;?&#8221; <!--more--><\/font><\/p>\n<p><font size=\"2\" face=\"Arial\">Pracownicy konsulatu zapraszali nas do wej\u015bcia na sal\u0119 przyj\u0119\u0107\u00a0i zajmowania miejsc. Wypi\u0142em ju\u017c lampk\u0119 czerwonego wina, skosztowa\u0142em jak\u0105\u015b tam szynk\u0119, serek, troch\u0119 winogron i teraz rogl\u0105da\u0142em si\u0119, gdzie by tu usi\u0105\u015b\u0107. Wszystkie fotele, przykryte bia\u0142ymi nakryciami by\u0142y jeszcze wolne. Poszed\u0142em za grup\u0105 Franka Milewskiego, szefa Kongresu Polonii\u00a0Ameryka\u0144skiej w Nowym Jorku i zaj\u0119li\u015bmy miejsca w trzecim rz\u0119dzie. Drugi mia\u0142 karteczki z napisem &#8222;zarezerwowane&#8221;. Jako\u017c po pi\u0119ciu minutach konsul Kasprzyk przywita\u0142 wszystkich i zakomunikowa\u0142, \u017ce Premier ma jeszcze &#8222;pi\u0119ciominutow\u0105 rozmow\u0119 polityczn\u0105&#8221; (wiem, \u017ce na &#8222;zaplecze&#8221; zosta\u0142 wprowadzony Frank Spula, szef Kongresu Polonii Ameryka\u0144skiej z siedzib\u0105 g\u0142\u00f3wn\u0105 w CHicago). Konsul poprosi\u0142 nas te\u017c, aby\u015bmy si\u0119 przesun\u0119li o jeden rz\u0105d do przodu, wi\u0119c usiedli\u015bmy w drugim rz\u0119dzie. Chwil\u0119 potem wszed\u0142 Donald Tusk, i ministrowie Sikorski i Lisek. Trzeciego nazwiska nie pami\u0119tam i nie zanotowa\u0142em. Nast\u0105pi\u0142o kurtuazyjne przywitanie przez szefa Konsulatu, a potem zabra\u0142 g\u0142os Premier, m\u00f3wi\u0105c m. inn. \u017ce czuje si\u0119 w\u015br\u00f3d nas, jak w drugiej ojczy\u017anie i w og\u00f3le ubra\u0142 swoje przem\u00f3wienie w mn\u00f3stwo &#8222;ciep\u0142ych&#8221; s\u0142\u00f3wek wyra\u017anie przymilaj\u0105c si\u0119 zebranym. Siedzia\u0142em\u00a0za ministrem Sikorskim, a gdy Premier sko\u0144czy\u0142, usiad\u0142 tu\u017c obok niego i tu\u017c przede mn\u0105. Blisko\u015b\u0107 rz\u0105dowych VIP\u00f3w jako\u015b nie robi\u0142a na mnie wra\u017cenia. Ani jeden z nich nie imponuje mi intelektem, czy te\u017c jak\u0105\u015b specjalnie ciekaw\u0105 osobowo\u015bci\u0105. Nat\u0105pi\u0142o kolejne wyst\u0105pienie Konsula i tu przekona\u0142em si\u0119, i\u017c przedspotkaniowe os\u0105dy moich znajomych, \u017ce nie b\u0119dzie szans na pytania, a ju\u017c na pewno ja takiej szansy nie otrzymam kompletnie si\u0119 nie sprawdzi\u0142y; by\u0142y pytania i ja te\u017c t\u0119 szans\u0119 otrzyma\u0142em. Pytania by\u0142y conajmniej dziwne, jak na rang\u0119 tego spotkania. Cytuj\u0105c je nie b\u0119d\u0119 wymienia\u0142 nazwisk os\u00f3b &#8222;nie publicznych&#8221;, bo mo\u017ce sobie tego nie \u017cycz\u0105.\u00a0Zacz\u0119\u0142o si\u0119 od\u00a0grzeczno\u015bciowego wyst\u0105pienia Prezesa Kongresu Polonii Ameryka\u0144skiej, Franka Spuli. Pe\u0142ne kurtuazyjnych zwrot\u00f3w, czytane przem\u00f3wienie szefa najbardziej zas\u0142u\u017conej (politycznie) organizacji polonijnej zaskoczy\u0142o mnie brakiem cho\u0107by jednego zdania, w kt\u00f3rym Prezes przypomnia\u0142by szefowi polskiego rz\u0105du, \u017ce Kongres Polonii b\u0119dzie si\u0119 przypatrywa\u0142 realizacji obietnic danych spo\u0142ecze\u0144stwu w kampanii wyborczej. Nic takiego nie zosta\u0142o powiedziane, zatem wyst\u0105pienie prezesa Spuli mo\u017cna zaliczy\u0107 do serii grzeczno\u015bciowych pean\u00f3w, kt\u00f3re da\u0142y Premierowi jedynie asumpt do tego, \u017ceby wierzy\u0107, i\u017c najbardziej presti\u017cowa organizacja polityczna Polonii Ameryka\u0144skiej daje mu pe\u0142ne poparcie. Czy jest to odzwierciedleniem pogl\u0105d\u00f3w i uczu\u0107 cz\u0142onk\u00f3w tej organizacji? Chyba nie. Na pewno nie moich, a cz\u0142onkiem KPA jestem. Potem Konsul udzieli\u0142 g\u0142osu prezesce i jednocze\u015bnie dyrektorce wykonawczej Centrum Polsko-S\u0142owia\u0144skiego, Bo\u017cenie Kami\u0144skiej, kt\u00f3ra odczyta\u0142a ciep\u0142y i pe\u0142en serdeczno\u015bci list, a zaraz potem z delegacj\u0105 Centrum wr\u0119czy\u0142a Premierowi bukiet kwiat\u00f3w i statuetk\u0119 Empire State Building, jako pami\u0105tk\u0119 z Nowego Jorku. Trudno mi stwierdzi\u0107, czy by\u0142 to akt sympatii i uznania, bo CPS sprowadzaj\u0105c tutaj na spotkania z Poloni\u0105 takich ludzi, jak Henryk Paj\u0105k, Anna Walentynowicz, red. Michalkiewicz i innych zdecydowanych przeciwnik\u00f3w Platformy da\u0142o wyraz swoich orientacji politycznych. My\u015bl\u0119 wi\u0119c, \u017ce by\u0142 to raczej akt grzeczno\u015bciowego potraktowania Premiera, jako go\u015bcia, kt\u00f3remu nale\u017cy si\u0119 pami\u0105tkowy upominek i tym sposobem delegacja Centrum zawstydzi\u0142a tych zwolenik\u00f3w PO i pana Tuska, kt\u00f3rzy nie wpadli na pomys\u0142, aby jako\u015b swojego pupila uhonorowa\u0107. W trakcie spotkania okaza\u0142o si\u0119, \u017ce by\u0142 to jedyny &#8222;normalny&#8221; upominek, bo trudno zakwalifikowa\u0107 tzw. T-shirt, jako upominek dla szefa rz\u0105du, nawet je\u015bli jego wr\u0119czenie by\u0142o poparte stwierdzeniem, \u017ce koszulki te mia\u0142y by\u0107 &#8222;tarcz\u0105&#8221; na rozmowy w Waszyngtonie. Ale, czy zar\u00f3wno ten upominek, jak i ta soczysta, ale ma\u015blana mowa w wykonaniu prezeski Centrum Polsko-S\u0142owia\u0144skiego by\u0142y odzwierciedleniem pogl\u0105d\u00f3w cz\u0142onk\u00f3w, czy tylko samej pani prezes? Czy dosta\u0142a mandat od ca\u0142ej Rady Dyrektor\u00f3w, czy da\u0142a go sobie sama; czy konsultowa\u0142a swoje ciep\u0142e s\u0142owa z Cz\u0142onkami, czy da\u0142a sobie prawo reprezentowania 50 tysi\u0119cy\u00a0Polonus\u00f3w bez ich wiedzy? Je\u015bli sama da\u0142a sobie to prawo, to by\u0142 to b\u0142\u0105d; Uchybienie konstytucji orgaizacji, rodzaj samowoli. Szkoda, bo ju\u017c mia\u0142em nadziej\u0119, \u017ce ta organizacja wesz\u0142a na drog\u0119 pe\u0142nej demokracji&#8230; Po tych kurtuazyjnych gestach nast\u0105pi\u0142a seria pyta\u0144, a udzielaniem g\u0142os\u00f3w, jak przysta\u0142o na gospodarza zaj\u0105\u0142 si\u0119 Konsul Generalny RP w Nowym Jorku. Jak wspomnia\u0142em pytania by\u0142y conajmniej dziwne, bo na przyk\u0142ad trudno by\u0142o wielu ludziom zrozumie\u0107 trosk\u0119 pani pytaj\u0105cej o to,\u00a0 &#8222;-<span style=\"font-size: 12pt; font-family: 'Times New Roman'\" lang=\"PL\">&#8230;Czy Premier rozwa\u017cy\u00a0wsp\u00f3\u0142organizacj\u0119 obchod\u00f3w 20-lecia roku 1989 i czy we\u017amie w nich udzia\u0142 przyje\u017cd\u017caj\u0105c do Stan\u00f3w?&#8221;\u00a0&#8211; Inne pytanie, to: &#8222;Jak to z tym patriotyzmem w Polsce&#8230;czy jest patriotyzm, czy jest szowinizm i czy obecna ekipa ma w planie wychowanie patriotyczne m\u0142odzie\u017cy?&#8221;. Pytanie to wyra\u017anie zdenerwowa\u0142o Premiera, kt\u00f3ry do\u015b<font size=\"2\" face=\"Arial\">\u0107 ostro odpowiedzia\u0142, \u017ce gdyby pytaj\u0105cy nie wspomnia\u0142 o swojej kombatanckiej przesz\u0142o\u015bci, to nie podj\u0105\u0142by dyskusji na ten temat. Kto\u015b inny zapyta\u0142 jeszcze &#8222;jak obecnie ksztatuj\u0105 si\u0119 relacje mi\u0119dzy Polsk\u0105, a USA i w tym kontek\u015bcie co z relacjami z Rosj\u0105?&#8221;. Odpowied\u017a by\u0142a nieco zagmatwana, ale wysz\u0142o na to, \u017ce z obydwoma pa\u0144stwami mamy szans\u0119 na szalon\u0105 przyja\u017a\u0144, kt\u00f3re to stwierdzenie jest oczywistym zaprzeczeniem dw\u00f3m teoriom w jednym zdaniu. Pan, kt\u00f3ry wr\u0119czy\u0142 podkoszulki zada\u0142 wreszcie pytanie na miar\u0119 &#8222;go\u015bcia&#8221; z jakim by\u0142o to spotkanie i na miar\u0119 chwili. Jako\u017c jednak przed tym pytaniem Premier poprosi\u0142 o taki spos\u00f3b zadawania pyta\u0144, aby mo\u017cliwa by\u0142a raczej odpowied\u017a tak, lub nie. No, wi\u0119c pan X zada\u0142 pytanie: &#8222;Czy Polonia b\u0119dzie mia\u0142a swojego pos\u0142a lub dw\u00f3ch w polskim parlamencie?&#8221; I Donald Tusk, po sekundzie zastanowienia odpowiedzia\u0142: &#8222;TAK&#8221;. Napisa\u0142em du\u017cymi literami, bo to tak w\u0142a\u015bnie zabrzmia\u0142o. Przysz\u0142o\u015b\u0107 poka\u017ce, kiedy Premier przypomni sobie t\u0119 deklaracj\u0119, \u017ceby wprowadzi\u0107 swoje &#8222;TAK&#8221; w \u017cycie&#8230;?<\/font><\/span><\/font><\/p>\n<p><font size=\"2\" face=\"Arial\"><span style=\"font-size: 12pt; font-family: 'Times New Roman'\" lang=\"PL\">Nie taka by\u0142a kolejno\u015b<font size=\"2\" face=\"Arial\">\u0107 zadawanych pyta\u0144, ale swoje zostawi\u0142em sobie na koniec. Mia\u0142em dwa, &#8211; jedno do Premiera, drugie do ministra Sikorskiego.<br \/>\nDo Premiera: &#8222;Czy w pe\u0142ni \u015bwiadomie zrezygnowa\u0142 pan z referendum narodowego na temat Traktatu Lizbo\u0144skiego, przekazuj\u0105c jego losy w r\u0119ce pos\u0142\u00f3w?&#8221;<\/font><\/span><\/font><\/p>\n<p><font size=\"2\" face=\"Arial\"><span style=\"font-size: 12pt; font-family: 'Times New Roman'\" lang=\"PL\">Do ministra Sikorskiego: &#8222;Czy prawd\u0105 jest, \u017ce zredagowa\u0142 pan list\u0119 dzia\u0142aczy polonijnych, z kt\u00f3rymi zabroni\u0142 pan kontakt\u00f3w przedstawicielom polskiej dyplomacji poza granicami Polski i czy ma to co\u015b wsp\u00f3lnego z faktem, \u017ce w\u015br\u00f3d zaproszonych dzisiaj przedstawicieli Polonii brakuje akurat kilku znamienitych jej reprezentant\u00f3w?&#8221;<\/span><\/font><\/p>\n<p><font size=\"2\" face=\"Arial\"><span style=\"font-size: 12pt; font-family: 'Times New Roman'\" lang=\"PL\">Premier w pierwszej sekwencji swojej odpowiedzi powiedzia\u0142, \u017ce postara si\u0119 odpowiedzie<font size=\"2\" face=\"Arial\">\u0107 na moje pierwsze pytanie, za\u015b na drugie &#8222;pan minister Sikorski wyda stosowne o\u015bwiadczenie&#8221;. I zacz\u0105\u0142 odpowiada\u0107 ko\u0142uj\u0105c na temat honoru, autorytetu kraju w\u015br\u00f3d innych nacji, dobrego imienia Polski itp, a\u017c w pewnym momencie sam si\u0119 chyba domy\u015bli\u0142, \u017ce m\u00f3wi nie na temat i &#8222;wr\u00f3ci\u0142&#8221;: &#8222;&#8230;a co si\u0119 tyczy referendum, to podj\u0105\u0142em tak\u0105 decyzj\u0119, bo spo\u0142ecze\u0144stwo i tak nie przysz\u0142oby w potrzebnych do referendum ponad pi\u0119\u0107dziesi\u0119ciu procentach. Wiemy z do\u015bwiadczenia kontynuowa\u0142 -, \u017ce Polacy nie s\u0105 aktywni w takich kwestiach i nie mog\u0142em pozwoli\u0107 na rozci\u0105ganie tego procesu w czasie&#8221; &#8211;\u00a0to w skr\u00f3cie odpowied\u017a Premiera, kt\u00f3ry zna sw\u00f3j nar\u00f3d, jak w\u0142asn\u0105 kiesze\u0144 i zanim referendum zosta\u0142o w og\u00f3le poddane do przemy\u015blenia, ju\u017c wiedzia\u0142, \u017ce nar\u00f3d nie b\u0119dzie si\u0119 nim interesowa\u0142. Co\u015b niesamowitego. Niestety, nie by\u0142o czasu na przed\u0142u\u017cenie dyskusji. Premier sko\u0144czy\u0142, a ja czeka\u0142em na odpowied\u017a pana Sikorskiego. Niestety, nie doczeka\u0142em si\u0119. Chwil\u0119 p\u00f3\u017aniej Konsul\u00a0zako\u0144czy\u0142 spotkanie. I sta\u0142a si\u0119 rzecz dziwna, a przy tym szalenie niedyplomatyczna, aczkolwiek w wykonaniu dyplomaty i to z funkcj\u0105 szefa resortu spraw zagranicznych. Ot\u00f3\u017c pan minister Sikorski, wstaj\u0105c odwr\u00f3ci\u0142 si\u0119 do mnie i\u00a0lekko si\u0119 nachylaj\u0105c, powiedzia\u0142: &#8222;Niech pan nie czyta gazet, a je\u015bli ju\u017c, to niech pan nie wierzy we wszystko, co tam pisz\u0105&#8221;.\u00a0 Przyznam, \u017ce oniemia\u0142em z wra\u017cenia. Trzy osoby, kt\u00f3re wsta\u0142y ze swoich krzese\u0142 i znajdowa\u0142y si\u0119 obok mnie te\u017c nie mog\u0142y uwierzy\u0107, \u017ce us\u0142ysza\u0142y to, co us\u0142ysza\u0142y i to z ust szefa polskiej dyplomacji. Zd\u0105\u017cy\u0142em odpowiedzie\u0107, \u017ce pisz\u0105 o tym ca\u0142kiem niepo\u015bledni dziennikarze, na co\u00a0minister spraw zagranicznych powiedzia\u0142: &#8222;Mi\u0142o by\u0142o pozna\u0107&#8221; i skierowa\u0142 kroki w stron\u0119 tylnego wyj\u015bcia z sali. Nawet nie poczu\u0142em si\u0119, jakby mi kto\u015b da\u0142 w g\u0119b\u0119;\u00a0najzwyczajniej prostactwo zachowania I-ego dyplomaty RP nie by\u0142o w stanie mnie zabole\u0107. Gdyby Rzeczpospolita by\u0142aby kobiet\u0105, powiedzia\u0142bym :&#8221;wsp\u00f3\u0142czuj\u0119 ci, droga przyjaci\u00f3\u0142ko&#8221;.<\/font><\/span><\/font><\/p>\n<p><font size=\"2\" face=\"Arial\"><span style=\"font-size: 12pt; font-family: 'Times New Roman'\" lang=\"PL\"><font size=\"2\" face=\"Arial\">Nast\u0119pne p\u00f3\u0142 godziny to lu\u017ane rozmowy, komentarze, dojadanie i dopijanie tego, co jeszcze zdobi\u0142o st\u00f3\u0142 z zimn\u0105 p\u0142yt\u0105, owocami i winem. Mam po tym spotkaniu dziwnie niemi\u0142e wra\u017cenie, \u017ce by\u0142o ono zaplanowane do tzw. &#8222;odb\u0119bnienia&#8221;. Dyskusja nie by\u0142a mo\u017cliwa, bo czasu ma\u0142o; ci kt\u00f3rzy mo\u017ce mieli jakie\u015b sensowne pytania nie doczekali si\u0119 na udzielenie im g\u0142osu (te\u017c z braku czasu), ci za\u015b, kt\u00f3rzy zabrali innym czas chcieli si\u0119 raczej popisywa\u0107 w\u0105tpliw\u0105 erudycj\u0105 zamiast stawia\u0107 pytania kr\u00f3tko, a tre\u015bciwie. <\/font><\/span><\/font><\/p>\n<p><font size=\"2\" face=\"Arial\"><span style=\"font-size: 12pt; font-family: 'Times New Roman'\" lang=\"PL\"><font size=\"2\" face=\"Arial\">Co do szefa rz\u0105du i towarzysz\u0105cych mu osobisto\u015bci, to my\u015bl\u0119, \u017ce Premier, je\u015bli dobrze skonkluduje,\u00a0musi sie domy\u015ble\u0107, \u017ce nie ma zbyt serdecznych wielbicieli w\u015br\u00f3d Polonii nowojorskiej (cho\u0107by te kilkadziesi\u0105t brakuj\u0105cych, acz zaproszonych os\u00f3b i niezbyt przyjazne okrzyki na zewn\u0105trz). Inni z pana premierowej \u015bwity nie zabierali g\u0142osu, a ten, kt\u00f3ry w\/g obietnic Premiera mia\u0142 odpowiedzie\u0107 na zadane pytanie chyba po prostu stch\u00f3rzy\u0142.\u00a0<\/font><\/span><\/font><\/p>\n<p><font size=\"2\" face=\"Arial\"><span style=\"font-size: 12pt; font-family: 'Times New Roman'\" lang=\"PL\"><\/span><\/font><font size=\"2\" face=\"Arial\"><span style=\"font-size: 12pt; font-family: 'Times New Roman'\" lang=\"PL\"><font size=\"2\" face=\"Arial\">Towarzysz\u0105ce temu wydarzeniu kamery i notesy (szczeg\u00f3lnie te notesy i te kamery, kt\u00f3re &#8222;przenios\u0142y&#8221; echa tego &#8222;spektaklu&#8221; do kraju, ale i te codzienne, polonijne), zanotowa\u0142y przede wszystkim awantur\u0119 dw\u00f3ch rodak\u00f3w na zewn\u0105trz, przed przybyciem premiera, potem to, \u017ce premier &#8222;czu\u0142 si\u0119 tutaj, jak w drugiej ojczy\u017anie&#8221; i w\u0142a\u015bciwie nic poza tym, ani pyta\u0144, ani odpowiedzi. Sporo uczestnicz\u0105cych &#8222;zaproszonych&#8221; jako\u015b zauwa\u017cy\u0142o to i owo, ale media nie. Tak, czy naczej, dwa dni po tej niedzieli dowiedzieli\u015bmy si\u0119, \u017ce nasz Premier, ju\u017c nast\u0119pnego dnia, w poniedzia\u0142ek, mia\u0142 znacznie wi\u0119cej czasu dla przedstawicieli organizacji \u017cydowskich, ni\u017c dla rodak\u00f3w (w\u015br\u00f3d kt\u00f3rych pono\u0107 czu\u0142 si\u0119\u00a0 jak w drugiej ojczy\u017anie). A mo\u017ce dlatego, \u017ce to &#8222;nasze&#8221; spotkanie nie odby\u0142o si\u0119 na specjalne \u017c\u0105danie organizacji polonijnych? To mo\u017ce kto\u015b wyt\u0142umaczy, dlaczego pro\u015bba Centrum Polsko-S\u0142owia\u0144skiego o takie spotkanie zosta\u0142a potraktowana negatywnie? Mo\u017ce kto\u015b wyt\u0142umaczy, dlaczego tak wa\u017cny przedstawiciel polskiego rz\u0105du nie ma czasu na spotkanie z rodakami w najwi\u0119kszym skupisku Polonii na Wschodnim Wybrze\u017cu? Obawiam si\u0119, \u017ce s\u0105 to pytania, na kt\u00f3re odpowied\u017a nie nadejdzie nigdy. Do tezy o &#8222;oszcz\u0119dnym pa\u0144stwie&#8221; dosz\u0142y\u00a0wi\u0119c rachunki za wynaj\u0119cie luksusowej sali przyj\u0119\u0107. <\/font><\/span><\/font><\/p>\n","protected":false},"excerpt":{"rendered":"<p>Jest niedziela, 16 marca; od wizyty Premiera w USA min\u0105\u0142 tydzie\u0144 i wydarzy\u0142o si\u0119 mn\u00f3stwo r\u00f3\u017cnych -swoj\u0105 drog\u0105- dziwnych spraw. Chc\u0119 jednak kontynuowa\u0107 i nie b\u0119d\u0119 zbacza\u0142 z tematu.\u00a0 Wreszcie podjecha\u0142y czarne samochody. Sta\u0142em z kilkoma znajomymi przy g\u0142\u00f3wnym wej\u015bciu do sali przyj\u0119\u0107 i byli\u015bmy pewni, \u017ce Premier wejdzie tymi w\u0142a\u015bnie drzwiami. Niestety, samoch\u00f3d z [&hellip;]<\/p>\n","protected":false},"author":2,"featured_media":0,"comment_status":"open","ping_status":"open","sticky":false,"template":"","format":"standard","meta":[],"categories":[1],"tags":[],"_links":{"self":[{"href":"https:\/\/sporek.com\/blog\/index.php?rest_route=\/wp\/v2\/posts\/59"}],"collection":[{"href":"https:\/\/sporek.com\/blog\/index.php?rest_route=\/wp\/v2\/posts"}],"about":[{"href":"https:\/\/sporek.com\/blog\/index.php?rest_route=\/wp\/v2\/types\/post"}],"author":[{"embeddable":true,"href":"https:\/\/sporek.com\/blog\/index.php?rest_route=\/wp\/v2\/users\/2"}],"replies":[{"embeddable":true,"href":"https:\/\/sporek.com\/blog\/index.php?rest_route=%2Fwp%2Fv2%2Fcomments&post=59"}],"version-history":[{"count":0,"href":"https:\/\/sporek.com\/blog\/index.php?rest_route=\/wp\/v2\/posts\/59\/revisions"}],"wp:attachment":[{"href":"https:\/\/sporek.com\/blog\/index.php?rest_route=%2Fwp%2Fv2%2Fmedia&parent=59"}],"wp:term":[{"taxonomy":"category","embeddable":true,"href":"https:\/\/sporek.com\/blog\/index.php?rest_route=%2Fwp%2Fv2%2Fcategories&post=59"},{"taxonomy":"post_tag","embeddable":true,"href":"https:\/\/sporek.com\/blog\/index.php?rest_route=%2Fwp%2Fv2%2Ftags&post=59"}],"curies":[{"name":"wp","href":"https:\/\/api.w.org\/{rel}","templated":true}]}}