{"id":597,"date":"2019-04-15T00:57:00","date_gmt":"2019-04-15T04:57:00","guid":{"rendered":"http:\/\/sporek.com\/blog\/?p=597"},"modified":"2019-04-19T16:54:16","modified_gmt":"2019-04-19T20:54:16","slug":"gdzie-bylas-polonio","status":"publish","type":"post","link":"https:\/\/sporek.com\/blog\/?p=597","title":{"rendered":"Gdzie by\u0142a\u015b, Polonio?"},"content":{"rendered":"<p><strong style=\"font-weight: normal\" id=\"docs-internal-guid-ef43fac7-7fff-1010-aff2-9385d010ae3e\"><\/p>\n<p dir=\"ltr\" style=\"line-height: 1.38; margin-top: 0pt; margin-bottom: 0pt\"><span style=\"font-size: 10pt; font-family: Verdana; color: #000000; background-color: transparent; font-weight: 400; font-style: normal; font-variant: normal; text-decoration: none; vertical-align: baseline; white-space: pre-wrap\">Od czterech miesi\u0119cy, od 19 grudnia, 2018, grupa Polonus\u00f3w, kt\u00f3rzy obronili Pomnik Masakry Katy\u0144skiej nie us\u0142ysza\u0142a jednego nawet s\u0142owa &#8222;przepraszam&#8221;, jednego nawet &#8222;dzi\u0119kujemy&#8221;. <!--more-->Dziewi\u0119\u0107 miesi\u0119cy niezwyk\u0142ej aktywno\u015bci przeciwko nam: konsul, Lubaczewski, kluby Gazety Polskiej, Sakiewicz, ministrowie Sasin, Macierewicz, Kwiatkowski, jeden tzw. &#8222;weteran&#8221;, komitet pod wodz\u0105 Nowaka i Urbankowskiej i kilku &#8222;cywilnych&#8221;, kt\u00f3rzy (wiem to z wiarygodnego \u017ar\u00f3d\u0142a), nazywali nas zdrajcami.<\/span><\/p>\n<p><\/strong><strong style=\"font-weight: normal\" id=\"docs-internal-guid-ef43fac7-7fff-1010-aff2-9385d010ae3e\"><\/p>\n<p dir=\"ltr\" style=\"line-height: 1.38; margin-top: 0pt; margin-bottom: 0pt\"><span style=\"font-size: 10pt; font-family: Verdana; color: #000000; background-color: transparent; font-weight: 400; font-style: normal; font-variant: normal; text-decoration: none; vertical-align: baseline; white-space: pre-wrap\">Ca\u0142a ta &#8222;plejada gwiazd&#8221; wypar\u0142a si\u0119 polsko\u015bci, postanowi\u0142a sponiewiera\u0107 pami\u0119\u0107 ponad dwudziestu tysi\u0119cy, zdradziecko zamordowanych, polskich Bohater\u00f3w &#8211; M\u0119czennik\u00f3w; pisali artyku\u0142y g\u0142upie, g\u0142upsze, beznadziejnie g\u0142upie; u\u017cywali poni\u017caj\u0105cych okre\u015ble\u0144: &#8222;nieodpowiedzialna grupa, tzw. dzia\u0142aczy polonijnych&#8221;; Filozofowali, \u017ce grunty s\u0105 w\u0142asno\u015bci\u0105 miasta i Pomnik nie ma szans i lepiej go przenie\u015b\u0107. Wszystkowiedz\u0105cy, wszechogarniaj\u0105cy guru z Warszawy, wyrokowa\u0142, \u017ce obro\u0144cy Pomnika psuj\u0105 relacje mi\u0119dzy Polsk\u0105, a USA. Gdy tylko pojawi\u0142a si\u0119 pierwsza jask\u00f3\u0142ka, daj\u0105ca nadziej\u0119, \u017ce Pomnik zostanie, podleg\u0142a guru Gazeta Polska i niezale\u017cna.pl og\u0142osi\u0142y, \u017ce to zas\u0142uga Klub\u00f3w GP, &#8211; negocjowali, lobbowali, zbierali podpisy i tego typu cuda-wianki, &#8211; nie napisa\u0142y tylko, kiedy, gdzie, ilu radnych przekonali, ile podpis\u00f3w zebrali. K\u0142amstwo, goni\u0142o k\u0142amstwo &#8211; jeden z najbardziej za\u0142ganych artyku\u0142\u00f3w, jakie czyta\u0142em, podpisany przez Wysockiego (kimkolwiek ten pan jest). Konsul ostrzega\u0142, \u017ceby nie porywa\u0107 si\u0119 na wymuszanie przeprowadzenia referendum bo Pomnik wyl\u0105duje w magazynie. Wszyscy oni zgodnie twierdzili i ok\u0142amywali spo\u0142eczno\u015b\u0107, czytelnik\u00f3w i widz\u00f3w, \u017ce ohydnie zamordowani, polscy oficerowie, elita, inteligencja, patrioci, najlepiej b\u0119d\u0105 si\u0119 mieli w okolicy \u015bmierdz\u0105cych \u015bciek\u00f3w burzowych. Dezinformacja by\u0142a tak wielka, a przy tym tak wredna, \u017ce podobnego przyk\u0142adu mo\u017cna by szuka\u0107 chyba jedynie w najwi\u0119kszym okresie rozkwitu propagandy sowieckiej.<\/span><\/p>\n<p dir=\"ltr\" style=\"line-height: 1.38; margin-top: 0pt; margin-bottom: 0pt\"><span style=\"font-size: 10pt; font-family: Verdana; color: #000000; background-color: transparent; font-weight: 400; font-style: normal; font-variant: normal; text-decoration: none; vertical-align: baseline; white-space: pre-wrap\">I oto, 7 kwietnia, w niedzielne popo\u0142udnie wszyscy oni zjawili si\u0119 pod Pomnikiem, obchodzi\u0107 uroczysto\u015bci rocznicowe. Powiadamiani byli wszyscy, opr\u00f3cz Komitetu Ochrony Pomnika Katy\u0144skiego i Obiekt\u00f3w Historycznych, opr\u00f3cz mecenasa S\u0142awomira Platty, czyli tych, kt\u00f3rzy sprawili, \u017ce obchody nadal mog\u0142y si\u0119 odby\u0107 na Exchange Place.<\/span><\/p>\n<p dir=\"ltr\" style=\"line-height: 1.38; margin-top: 0pt; margin-bottom: 0pt\"><span style=\"font-size: 10pt; font-family: Verdana; color: #000000; background-color: transparent; font-weight: 400; font-style: normal; font-variant: normal; text-decoration: none; vertical-align: baseline; white-space: pre-wrap\">Dzie\u0144 przed uroczysto\u015bciami \u00a0zadzwoni\u0142em do g\u0142\u00f3wnego organizatora, poinformowa\u0107, ze wprawdzie niezaproszeni, ale chcemy by\u0107 pod Pomnikiem i chc\u0119 zg\u0142osi\u0107 ch\u0119\u0107 zbiorowego od\u015bpiewania Te Deum (pie\u015bni dzi\u0119kczynnej), &#8211; pan przewodnicz\u0105cy Nowak, kategorycznie zabroni\u0142 \u015bpiewania tej pie\u015bni. Kilkunastominutowe t\u0142umaczenie przynios\u0142o jedynie obietnic\u0119, \u017ce zaraz \u00a0zadzwoni on do wszystkich cz\u0142onk\u00f3w swojego komitetu i zapyta, czy zgadzaj\u0105 si\u0119 na od\u015bpiewanie Te Deum. Naliczy\u0142 co\u015b ko\u0142o jedenastu cz\u0142onk\u00f3w komitetu odpowiedzialnych za organizacj\u0119 uroczysto\u015bci&#8230; Po godzinie zadzwoni\u0142em ponownie, ale us\u0142ysza\u0142em, \u017ce &#8222;ani jeden cz\u0142onek nie wyrazi\u0142 zgody na od\u015bpiewanie Te Deum &#8211; powt\u00f3rz\u0119 &#8211; Pie\u015bni Dzi\u0119kczynnej do Boga. By\u0142em w szoku. Zapyta\u0142em, czy w takim razie mog\u0119 zabra\u0107 g\u0142os? \u00a0Us\u0142ysza\u0142em, \u017ce tak, ale pod warunkiem nie wracania do okresu &#8222;bitwy o Pomnik&#8221;. To by\u0142 drugi szok.<\/span><\/p>\n<p dir=\"ltr\" style=\"line-height: 1.38; margin-top: 0pt; margin-bottom: 0pt\"><span style=\"font-size: 10pt; font-family: Verdana; color: #000000; background-color: transparent; font-weight: 400; font-style: normal; font-variant: normal; text-decoration: none; vertical-align: baseline; white-space: pre-wrap\">Mam pytanie do organizator\u00f3w, do Klub\u00f3w GP, do ubranego w jaki\u015b dziwny, \u0142aciaty, drelich &#8222;weterana&#8221; &#8211; dlaczego nie poszli\u015bcie nad \u015bcieki? Zatrzymam si\u0119 na chwil\u0119 na tym &#8222;weteranie&#8221;, a to dlatego, \u017ce mia\u0142 on na r\u0119kawie bia\u0142o-czerwon\u0105 opask\u0119 z literami AK, co symbolizuje, oczywi\u015bcie Armi\u0119 Krajow\u0105. Ot\u00f3\u017c panie przebierany &#8222;weteranie&#8221;, je\u015bli zobacz\u0119 pana raz jeszcze z t\u0105 opask\u0105, to nie r\u0119cz\u0119 za siebie. Wycieranie sobie g\u0119by bohaterami i pr\u00f3by robienia wra\u017cenia z u\u017cyciem symboli, kt\u00f3re s\u0105 zastrze\u017cone wy\u0142\u0105cznie dla Tamtych Bohater\u00f3w, jest wyj\u0105tkowo prymitywne i nie mo\u017ce by\u0107 tolerowane. Dziwi\u0119 si\u0119 obecnym na uroczysto\u015bci, prawdziwym weteranom, &#8211; jak mo\u017cecie znosi\u0107 takie co\u015b? Pozna\u0142em kiedy\u015b cz\u0142owieka, kt\u00f3ry opowiedzia\u0142 mi histori\u0119 swojego brata, kt\u00f3ry walczy\u0142 w AK, a po wojnie przez trzy lata ukrywa\u0142 si\u0119 nie chc\u0105c podzieli\u0107 losu bezlito\u015bnie mordowanych, w ci\u0119\u017ckich torturach, swoich wsp\u00f3\u0142-\u017co\u0142nierzy. Po trzech latach, podczas, kt\u00f3rych kilka razy w roku, potajemnie odwiedza\u0142 swoj\u0105 \u017con\u0119 i c\u00f3rk\u0119, zosta\u0142 zadenuncjowany przez swojego s\u0105siada. Ubowcy wywlekli go z domu za w\u0142osy, kopali po ca\u0142ym ciele, walili na o\u015blep kolbami karabin\u00f3w, a \u017conie i c\u00f3rce kazali na to patrze\u0107. Po kilkunastu minutach, nieprzytomnego, zalanego krwi\u0105, polskiego patriot\u0119, Polacy wrzucili na ty\u0142 \u0142azika i odjechali. Nie wr\u00f3ci\u0142 nigdy. Wspomniany wy\u017cej, przebrany w &#8222;co\u015b&#8221; i za &#8222;kogo\u015b&#8221; weteran, by\u0142 jedynym cz\u0142owiekiem, kt\u00f3ry przywdzia\u0142 opask\u0119 AK i obnosi\u0142 si\u0119 z tym, jakby to by\u0142a bransoletka. Pomijam fakt, \u017ce weteranem nie jest si\u0119 tylko, dlatego, \u017ce by\u0142o si\u0119 w wojsku (o ile ten pan w og\u00f3le odby\u0142 s\u0142u\u017cb\u0119 wojskow\u0105&#8230;?). Oto definicja weterana:<\/span><\/p>\n<p dir=\"ltr\" style=\"line-height: 1.38; margin-top: 0pt; margin-bottom: 0pt\"><span style=\"font-size: 10pt; font-family: Verdana; color: #000000; background-color: transparent; font-weight: 400; font-style: normal; font-variant: normal; text-decoration: none; vertical-align: baseline; white-space: pre-wrap\">Weteran (\u0142ac. veteranus, od vetus dpn. veteris: stary) \u2013 \u017co\u0142nierz bior\u0105cy udzia\u0142 w operacjach poza granicami pa\u0144stwa. W Polsce weteranem mo\u017ce zosta\u0107 \u017co\u0142nierz lub funkcjonariusz, kt\u00f3ry pe\u0142ni\u0142 s\u0142u\u017cb\u0119 poza granicami kraju nie kr\u00f3cej, ni\u017c sze\u015b\u0107dziesi\u0105t dni. <\/span><\/p>\n<p dir=\"ltr\" style=\"line-height: 1.38; margin-top: 0pt; margin-bottom: 0pt\"><span style=\"font-size: 10pt; font-family: Verdana; color: #000000; background-color: transparent; font-weight: 400; font-style: normal; font-variant: normal; text-decoration: none; vertical-align: baseline; white-space: pre-wrap\">A, jak si\u0119 zapu\u015bci brod\u0119, to absolutnie nie znaczy, \u017ce si\u0119 jest Januszem Sporkiem, &#8211; taki \u017cart&#8230;<\/span><\/p>\n<p dir=\"ltr\" style=\"line-height: 1.38; margin-top: 0pt; margin-bottom: 0pt\"><span style=\"font-size: 10pt; font-family: Verdana; color: #000000; background-color: transparent; font-weight: 400; font-style: normal; font-variant: normal; text-decoration: none; vertical-align: baseline; white-space: pre-wrap\">Mam pytanie do tych wszystkich, kt\u00f3rzy &#8222;wysy\u0142ali&#8221; katy\u0144skich M\u0119czennik\u00f3w nad \u015bciek, &#8211; czy przeprosili\u015bcie ICH, podczas sk\u0142adania kwiat\u00f3w?<\/span><\/p>\n<p dir=\"ltr\" style=\"line-height: 1.38; margin-top: 0pt; margin-bottom: 0pt\"><span style=\"font-size: 10pt; font-family: Verdana; color: #000000; background-color: transparent; font-weight: 400; font-style: normal; font-variant: normal; text-decoration: none; vertical-align: baseline; white-space: pre-wrap\">Polonio, &#8211; chc\u0119 bardzo mocno podkre\u015bli\u0107 fakt, \u017ce Pomnik obroni\u0142a garstka Polonus\u00f3w. Jest nas tu podobno milion z hakiem, &#8211; o Pomnik walczy\u0142o troch\u0119 ponad sto os\u00f3b. To, gdzie by\u0142a\u015b, Polonio? Gdzie by\u0142y szko\u0142y, harcerze, ch\u00f3ry, biznesmeni, weterani, ligi morskie, dzia\u0142acze, tancerze, ksi\u0119\u017ca &#8211; opr\u00f3cz Ksi\u0119dza J\u00f3zefa od \u015aw. Antoniego Padewskiego z Jersey City, &#8211; nauczyciele, arty\u015bci? Gdzie by\u0142a Unia Kredytowa, Centrum Polsko-S\u0142owia\u0144skie, Krakusy, Ambery, kongresy, koalicje, &#8230;? Gdzie by\u0142a\u015b POLONIO?! Walka o Pomnik mog\u0142a trwa\u0107 dwa dni, gdyby radni i burmistrz zobaczyli tysi\u0105ce Polak\u00f3w pod Pomnikiem, gdyby konsul nie zagra\u0142 poza naszymi plecami z Lubaczewskim i Klubami GP, uk\u0142adaj\u0105c si\u0119 z burmistrzem. Ale, nie. Trzeba by\u0142o pokaza\u0107, \u017ce nienawidzi si\u0119 S\u0142awomira Platt\u0119. Polonia, ta uprawniona do g\u0142osowania zaprzepa\u015bci\u0142a szans\u0119 na naszego senatora. To wystawcie innego kandydata. Mo\u017ce Matyszczyk, mo\u017ce Chmielewski, Spula, \u015aliwowski, &#8211; dawa\u0107, panowie, zg\u0142aszajcie si\u0119. A w dodatku ten wstr\u0119tny mecenas &#8222;podjudza\u0142&#8221; &#8222;nieodpowiedzialnych Polaczk\u00f3w\u201d do stawania przeciw m\u0105drym posuni\u0119ciom konsula, guru, z Warszawy, Klub\u00f3w GP, weterana, burmistrza i innych. Nie musieliby\u015bmy walczy\u0107 dziewi\u0119\u0107 miesi\u0119cy, &#8211; gdyby\u015bmy byli razem. Doprawdy nie wiem, co tu jeszcze robi Go\u0142ubiewski&#8230;?<\/span><\/p>\n<p dir=\"ltr\" style=\"line-height: 1.38; margin-top: 0pt; margin-bottom: 0pt\"><span style=\"font-size: 10pt; font-family: Verdana; color: #000000; background-color: transparent; font-weight: 400; font-style: normal; font-variant: normal; text-decoration: none; vertical-align: baseline; white-space: pre-wrap\">A obchody rocznicowe, 7 kwietnia? Garstka Polak\u00f3w. Najwi\u0119ksz\u0105 grup\u0119 stanowili obro\u0144cy Pomnika, niezaproszeni, niechciani. Prowadz\u0105ca nie potrafi\u0142a poprawnie wypowiedzie\u0107 nazw\u0119 Komitetu Ochrony Pomnika Katy\u0144skiego i Obiekt\u00f3w Historycznych, &#8211; pomijam wszystkie jej g\u0142upie wpadki. Dok\u0105d zaprowadzi\u0142a nas poprawno\u015b\u0107 polityczna, &#8211; dok\u0105d zaprowadzi\u0142o nas przemilczanie wszystkiego z\u0142a, jakie toczy Poloni\u0119? Dok\u0105d zaprowadzi\u0142a nas oboj\u0119tno\u015b\u0107 na to, co z nami robi\u0105 tubylcy?<\/span><\/p>\n<p dir=\"ltr\" style=\"line-height: 1.38; margin-top: 0pt; margin-bottom: 0pt\"><span style=\"font-size: 10pt; font-family: Verdana; color: #000000; background-color: transparent; font-weight: 400; font-style: normal; font-variant: normal; text-decoration: none; vertical-align: baseline; white-space: pre-wrap\">Nie mamy lobby, nie mamy si\u0142y, nie mamy \u017cadnego znaczenia, opr\u00f3cz wygodnych plec\u00f3w do poklepywania, wyszczerzonych u\u015bmiech\u00f3w do cykni\u0119cia zdj\u0119cia z politykiem, obiadki, bale, &#8211; zgrywa, lukier na ciastku, cienka warstewka. Mia\u0142 racj\u0119 radny Lovaro, m\u00f3wi\u0105c: \u201cPomnik stoi, ale pod Pomnikiem Polonii strasznie niewiele\u201d. To jego s\u0142owa w ostatni\u0105, pami\u0119tn\u0105, zwyci\u0119sk\u0105 noc.<\/span><\/p>\n<p dir=\"ltr\" style=\"line-height: 1.38; margin-top: 0pt; margin-bottom: 0pt\"><span style=\"font-size: 10pt; font-family: Verdana; color: #000000; background-color: transparent; font-weight: 400; font-style: normal; font-variant: normal; text-decoration: none; vertical-align: baseline; white-space: pre-wrap\">A, gdzie obchodziliby\u015bmy \u00a0tegoroczne uroczysto\u015bci rocznicowe, gdyby nie mecenas Platta? Gdyby nie ca\u0142kowite odrzucenie przez nas obrzydliwego porozumienia z Fulopem, kt\u00f3ry robi\u0142 z konsulem, co chcia\u0142, gdzie by\u0142yby te uroczysto\u015bci zorganizowane, panowie z Klub\u00f3w GP &#8211; N. Jork i Filadelfii? Wasze i tego waszego guru, wytryski intelektualne mog\u0142y zaprowadzi\u0107 Pomnik nad \u015bciek, ale kto mia\u0142by go przenie\u015b\u0107, za jakie pieni\u0105dze, jak\u0105 technik\u0105? Opr\u00f3cz uczu\u0107, trzeba mie\u0107 jeszcze troch\u0119 szarych kom\u00f3rek. Zabrak\u0142o wam jednego i drugiego. Po co stali\u015bcie przy \u017bo\u0142nierzu? Trzeba by\u0142o i\u015b\u0107 nad \u015bciek i tam celebrowa\u0107.<\/span><\/p>\n<p dir=\"ltr\" style=\"line-height: 1.38; margin-top: 0pt; margin-bottom: 0pt\"><span style=\"font-size: 10pt; font-family: Verdana; color: #000000; background-color: transparent; font-weight: 400; font-style: normal; font-variant: normal; text-decoration: none; vertical-align: baseline; white-space: pre-wrap\">Oczywi\u015bcie ju\u017c s\u0142ysz\u0119 te podsumowania: Sporek dzieli, Sporek to cham, wsadza kij w mrowisko, &#8211; m\u00f3wcie sobie, co chcecie. I tak wam nie powiem, gdzie to mam. Ale jestem szcz\u0119\u015bliwy, \u017ce mog\u0119 patrze\u0107 w lustro. I, najwa\u017cniejsze, \u017ce mog\u0119 stan\u0105\u0107 przed dwudziestoma tysi\u0105cami dusz polskich Bohater\u00f3w-M\u0119czennik\u00f3w, popatrze\u0107 w g\u00f3r\u0119 i powiedzie\u0107; jestem Wam wdzi\u0119czny, za nasz\u0105 wolno\u015b\u0107 i jestem Wam wdzi\u0119czny, \u017ce pomogli\u015bcie nam to wszystko wygra\u0107. Niech B\u00f3g go\u015bci Was w swoim kr\u00f3lestwie, po wieczne czasy. <\/span><\/p>\n<p dir=\"ltr\" style=\"line-height: 1.38; margin-top: 0pt; margin-bottom: 0pt\"><span style=\"font-size: 10pt; font-family: Verdana; color: #000000; background-color: transparent; font-weight: 400; font-style: normal; font-variant: normal; text-decoration: none; vertical-align: baseline; white-space: pre-wrap\">POLONIO, MAMY JESZCZE DO ZA\u0141ATWIENIA SPRAW\u0118 ZNAN\u0104, JAKO S447. B\u0118DZIEMY ZBIERA\u0106 PODPISY POD PETYCJ\u0104, PRZY KO\u015aCIO\u0141ACH , NA ULICACH. WSZ\u0118DZIE. MO\u017bE POJEDZIEMY DO WASZYNGTONU? <\/span><\/p>\n<p dir=\"ltr\" style=\"line-height: 1.38; margin-top: 0pt; margin-bottom: 0pt\"><span style=\"font-size: 10pt; font-family: Verdana; color: #000000; background-color: transparent; font-weight: 400; font-style: normal; font-variant: normal; text-decoration: none; vertical-align: baseline; white-space: pre-wrap\">B\u0104D\u0179MY RAZEM; &#8211; W TEJ SPRAWIE NIE MAMY INNEGO WYJ\u015aCIA. <\/span><\/p>\n<p dir=\"ltr\" style=\"line-height: 1.38; margin-top: 0pt; margin-bottom: 0pt\"><span id=\"docs-internal-guid-1d62609a-7fff-a0d7-7124-06fae144fc2c\"><\/span><\/p>\n<p dir=\"ltr\" style=\"line-height: 1.38; margin-top: 0pt; margin-bottom: 0pt\"><span style=\"font-size: 10pt; font-family: Verdana; color: #000000; background-color: transparent; font-weight: 400; font-style: normal; font-variant: normal; text-decoration: none; vertical-align: baseline; white-space: pre-wrap\">Mimo bzdur, jakie wygaduje Sakiewicz, nazywaj\u0105c nas antysemitami.<\/span><\/p>\n<p><\/strong><\/p>\n","protected":false},"excerpt":{"rendered":"<p>Od czterech miesi\u0119cy, od 19 grudnia, 2018, grupa Polonus\u00f3w, kt\u00f3rzy obronili Pomnik Masakry Katy\u0144skiej nie us\u0142ysza\u0142a jednego nawet s\u0142owa &#8222;przepraszam&#8221;, jednego nawet &#8222;dzi\u0119kujemy&#8221;.<\/p>\n","protected":false},"author":2,"featured_media":0,"comment_status":"open","ping_status":"open","sticky":false,"template":"","format":"standard","meta":[],"categories":[3],"tags":[],"_links":{"self":[{"href":"https:\/\/sporek.com\/blog\/index.php?rest_route=\/wp\/v2\/posts\/597"}],"collection":[{"href":"https:\/\/sporek.com\/blog\/index.php?rest_route=\/wp\/v2\/posts"}],"about":[{"href":"https:\/\/sporek.com\/blog\/index.php?rest_route=\/wp\/v2\/types\/post"}],"author":[{"embeddable":true,"href":"https:\/\/sporek.com\/blog\/index.php?rest_route=\/wp\/v2\/users\/2"}],"replies":[{"embeddable":true,"href":"https:\/\/sporek.com\/blog\/index.php?rest_route=%2Fwp%2Fv2%2Fcomments&post=597"}],"version-history":[{"count":0,"href":"https:\/\/sporek.com\/blog\/index.php?rest_route=\/wp\/v2\/posts\/597\/revisions"}],"wp:attachment":[{"href":"https:\/\/sporek.com\/blog\/index.php?rest_route=%2Fwp%2Fv2%2Fmedia&parent=597"}],"wp:term":[{"taxonomy":"category","embeddable":true,"href":"https:\/\/sporek.com\/blog\/index.php?rest_route=%2Fwp%2Fv2%2Fcategories&post=597"},{"taxonomy":"post_tag","embeddable":true,"href":"https:\/\/sporek.com\/blog\/index.php?rest_route=%2Fwp%2Fv2%2Ftags&post=597"}],"curies":[{"name":"wp","href":"https:\/\/api.w.org\/{rel}","templated":true}]}}