{"id":599,"date":"2019-05-01T09:34:12","date_gmt":"2019-05-01T13:34:12","guid":{"rendered":"http:\/\/sporek.com\/blog\/?p=599"},"modified":"2019-05-01T09:34:12","modified_gmt":"2019-05-01T13:34:12","slug":"wybory-do-psfuk-2019","status":"publish","type":"post","link":"https:\/\/sporek.com\/blog\/?p=599","title":{"rendered":"Wybory do PSFUK 2019"},"content":{"rendered":"<p style=\"line-height: 1.38; margin-top: 0pt; margin-bottom: 0pt\" dir=\"ltr\"><span style=\"font-size: 10pt; font-family: Verdana; color: #000000; background-color: transparent; font-weight: 400; font-style: normal; font-variant: normal; text-decoration: none; vertical-align: baseline; white-space: pre-wrap\">Wyj\u0105tkowo w tym roku powinni\u015bmy wzi\u0105\u0107 udzia\u0142 w g\u0142osowaniu do Rady Dyrektor\u00f3w Polsko-S\u0142owia\u0144skiej Federalnej Unii Kredytowej. Jest to ostatnia szansa, \u017ceby usun\u0105\u0107 z tej rady cz\u0142owieka, kt\u00f3ry ju\u017c si\u0119 w tej radzie mocno zestarza\u0142.<!--more-->Przypomn\u0119: nawet prezydent USA podlega przepisom o kadencyjno\u015bci i wi\u0119cej, ni\u017c dwie s\u0142u\u017cy\u0107 narodowi nie mo\u017ce. Ale nie z Matyszczykiem te numery. Teraz wiem, dlaczego uchwa\u0142a rady dyrektor\u00f3w o kadencyjno\u015bci nigdy nie przesz\u0142a. Przyjrza\u0142bym si\u0119 w takim razie, czy przypadkiem nie uchwalili jakich\u015b emerytur dla &#8222;wytrwa\u0142ych&#8221; i &#8222;wiecznych&#8221; dyrektor\u00f3w, bo przecie\u017c tak nienormalnie walczy\u0107 o bycie dyrektorem mo\u017ce tylko kto\u015b, komu albo si\u0119 to mocno oplaca, albo posmarowali mu fotel butaprenem, lubo te\u017c jakowym\u015b innym &#8222;gorilla super glue&#8221;. Nie odpu\u015bci, &#8211; ponad 20 lat. <\/span><\/p>\n<p style=\"line-height: 1.38; margin-top: 0pt; margin-bottom: 0pt\" dir=\"ltr\"><span style=\"font-size: 10pt; font-family: Verdana; color: #000000; background-color: transparent; font-weight: 400; font-style: normal; font-variant: normal; text-decoration: none; vertical-align: baseline; white-space: pre-wrap\">Oto fragment (beznadziejnej) paplaniny Krzysztofa Matyszczyka w kompletnie nieznanym Radiu Deon24: (Ile zap\u0142acili\u015bmy za ten wywiad, panie prezesie\u2026?)<\/span><\/p>\n<p style=\"line-height: 1.38; margin-top: 0pt; margin-bottom: 0pt\" dir=\"ltr\"><span style=\"font-size: 10pt; font-family: Verdana; color: #000000; background-color: transparent; font-weight: 400; font-style: normal; font-variant: normal; text-decoration: none; vertical-align: baseline; white-space: pre-wrap\">Obecny prezes Rady Dyrektor\u00f3w PSFUK, chyba omy\u0142kowo rozpocz\u0105\u0142 od stwierdzenia, \u017ce <\/span><span style=\"font-size: 10pt; font-family: Verdana; color: #000000; background-color: transparent; font-weight: 700; font-style: italic; font-variant: normal; text-decoration: none; vertical-align: baseline; white-space: pre-wrap\">\u201cUnia jest w\u0142asno\u015bci\u0105 cz\u0142onk\u00f3w\u201d.<\/span><span style=\"font-size: 10pt; font-family: Verdana; color: #000000; background-color: transparent; font-weight: 400; font-style: normal; font-variant: normal; text-decoration: none; vertical-align: baseline; white-space: pre-wrap\"> Zupe\u0142nie, tak samo powiedzia\u0142 na Katolickim Uniwersytecie Lubelskim, jego kole\u015b, Chmielewski. Co za zbie\u017cno\u015b\u0107 pogl\u0105d\u00f3w\u2026 Co\u015b nieprawdopodobnego, naprawd\u0119 Unia jest w\u0142asno\u015bci\u0105 cz\u0142onk\u00f3w? Ci dwaj panowie, przez ponad sze\u015b\u0107 lat wydawali setki tysi\u0119cy dolar\u00f3w, z bankowego dorobku W\u0141A\u015aCICIELI, \u017ceby tzw. <\/span><span style=\"font-size: 10pt; font-family: Verdana; color: #000000; background-color: transparent; font-weight: 700; font-style: italic; font-variant: normal; text-decoration: none; vertical-align: baseline; white-space: pre-wrap\">\u201cw\u0142a\u015bciciele\u201d<\/span><span style=\"font-size: 10pt; font-family: Verdana; color: #000000; background-color: transparent; font-weight: 400; font-style: normal; font-variant: normal; text-decoration: none; vertical-align: baseline; white-space: pre-wrap\"> nie mieli nic do powiedzenia, nie mieli prawa do zadawania pyta\u0144. Zarabiali prawnicy anga\u017cowani przeciw \u201cw\u0142a\u015bcicielom\u201d, zarabia\u0142y urz\u0119dy, zarabia\u0142y s\u0105dy.<\/span><\/p>\n<p style=\"line-height: 1.38; margin-top: 0pt; margin-bottom: 0pt\" dir=\"ltr\"><span style=\"font-size: 10pt; font-family: Verdana; color: #000000; background-color: transparent; font-weight: 400; font-style: normal; font-variant: normal; text-decoration: none; vertical-align: baseline; white-space: pre-wrap\">&#8211; A W\u0141A\u015aCICIELE? Oczywi\u015bcie, tracili, bo to z naszych pieni\u0119dzy ci dwaj panowie bronili swoich tylnych cz\u0119\u015bci s\u0142u\u017c\u0105cych do siedzenia na fotelach.<\/span><\/p>\n<p style=\"line-height: 1.38; margin-top: 0pt; margin-bottom: 0pt\" dir=\"ltr\"><span style=\"font-size: 10pt; font-family: Verdana; color: #000000; background-color: transparent; font-weight: 400; font-style: normal; font-variant: normal; text-decoration: none; vertical-align: baseline; white-space: pre-wrap\">A dalej, w propagandowej paplaninie, elokwentny do granic Krzysztof Matyszczyk przeprowadza -za pieni\u0105dze W\u0141A\u015aCICIELI-, w\u0142asn\u0105 kampani\u0119 wyborcz\u0105 i -skandalicznie nieuczciwie- rozszerza t\u0119 kampani\u0119 na dw\u00f3ch innych kandydat\u00f3w, ca\u0142kowicie pomijaj\u0105c pozosta\u0142ych czworo. <\/span><\/p>\n<p style=\"line-height: 1.38; margin-top: 0pt; margin-bottom: 0pt\" dir=\"ltr\"><span style=\"font-size: 10pt; font-family: Verdana; color: #000000; background-color: transparent; font-weight: 400; font-style: normal; font-variant: normal; text-decoration: none; vertical-align: baseline; white-space: pre-wrap\">Cytuj\u0119 i zaznaczam, \u017ce forma jest oryginalna: <\/span><span style=\"font-size: 10pt; font-family: Verdana; color: #000000; background-color: transparent; font-weight: 700; font-style: italic; font-variant: normal; text-decoration: none; vertical-align: baseline; white-space: pre-wrap\">\u201cPoza swoj\u0105 osob\u0105 jest jeszcze dw\u00f3ch mecenas\u00f3w: pan Mariusz \u015aniarowski i pan Henry Walentowicz\u2026\u201d<\/span><\/p>\n<p style=\"line-height: 1.38; margin-top: 0pt; margin-bottom: 0pt\" dir=\"ltr\"><span style=\"font-size: 10pt; font-family: Verdana; color: #000000; background-color: transparent; font-weight: 700; font-style: italic; font-variant: normal; text-decoration: none; vertical-align: baseline; white-space: pre-wrap\">\u201eWszystkie osoby, kt\u00f3re wymieni\u0142em maj\u0105 do\u015bwiadczenie w dzia\u0142alno\u015bci dla polonijnych organizacji\u2026\u201d<\/span><\/p>\n<p style=\"line-height: 1.38; margin-top: 0pt; margin-bottom: 0pt\" dir=\"ltr\"><span style=\"font-size: 10pt; font-family: Verdana; color: #000000; background-color: transparent; font-weight: 400; font-style: normal; font-variant: normal; text-decoration: none; vertical-align: baseline; white-space: pre-wrap\">\u017beby\u015bcie Pa\u0144stwo nie my\u015bleli, \u017ce zmy\u015blam: <\/span><a href=\"https:\/\/deon24.com\/zdecydujmy-kto-bedzie-zarzadzal-nasza-unia-do-oddania-glosu-na-rade-dyrektorow-zachecaja-krzysztof-matyszczyk-i-robert-radkowski\/\" style=\"text-decoration: none\"><span style=\"font-size: 10pt; font-family: Verdana; color: #1155cc; background-color: #ffffff; font-weight: 400; font-style: normal; font-variant: normal; text-decoration: underline; vertical-align: baseline; white-space: pre-wrap\">https:\/\/deon24.com\/zdecydujmy-kto-bedzie-zarzadzal-nasza-unia-do-oddania-glosu-na-rade-dyrektorow-zachecaja-krzysztof-matyszczyk-i-robert-radkowski\/<\/span><\/a><\/p>\n<p style=\"line-height: 1.38; margin-top: 0pt; margin-bottom: 0pt\" dir=\"ltr\"><span style=\"font-size: 10pt; font-family: Verdana; color: #000000; background-color: transparent; font-weight: 400; font-style: normal; font-variant: normal; text-decoration: none; vertical-align: baseline; white-space: pre-wrap\">Pierwsze siedem s\u0142\u00f3w tej propagandy, to fenomenalny przyk\u0142ad (nie)polskiego u\u017cywania polskich s\u0142\u00f3w. No, c\u00f3\u017c, to ma do siebie \u201cnowomowa\u201d, albo&#8230; wt\u00f3rny analfabetyzm.<\/span><\/p>\n<p style=\"line-height: 1.38; margin-top: 0pt; margin-bottom: 0pt\" dir=\"ltr\"><span style=\"font-size: 10pt; font-family: Verdana; color: #000000; background-color: transparent; font-weight: 400; font-style: normal; font-variant: normal; text-decoration: none; vertical-align: baseline; white-space: pre-wrap\">Musimy to rozumie\u0107 jednoznacznie: Matyszczyk innych kandydat\u00f3w nie widzi i nie uznaje, cho\u0107, jako przewodnicz\u0105cy powinien uczciwie poinformowa\u0107 W\u0141A\u015aCICIELI o wszystkich kandydatach. Tak by\u0142oby demokratycznie, ale, jak ju\u017c kiedy\u015b napisa\u0142em demokracja i niekt\u00f3re organizacje polonijne, to dwie obce sobie sprawy, a szczeg\u00f3lnie w przypadku Unii Kredytowej i szczeg\u00f3lnie w przypadku Krzysztofa Matyszczyka. Wybrane maj\u0105 by\u0107 trzy i w\u0142a\u015bnie te trzy, to te, kt\u00f3re <\/span><span style=\"font-size: 10pt; font-family: Verdana; color: #000000; background-color: transparent; font-weight: 400; font-style: italic; font-variant: normal; text-decoration: none; vertical-align: baseline; white-space: pre-wrap\">&#8222;maj\u0105<\/span><span style=\"font-size: 10pt; font-family: Verdana; color: #000000; background-color: transparent; font-weight: 400; font-style: normal; font-variant: normal; text-decoration: none; vertical-align: baseline; white-space: pre-wrap\"> (czy rzeczywi\u015bcie maj\u0105?) <\/span><span style=\"font-size: 10pt; font-family: Verdana; color: #000000; background-color: transparent; font-weight: 400; font-style: italic; font-variant: normal; text-decoration: none; vertical-align: baseline; white-space: pre-wrap\">do\u015bwiadczenie w dzia\u0142alno\u015bci dla Polonii\u201d<\/span><span style=\"font-size: 10pt; font-family: Verdana; color: #000000; background-color: transparent; font-weight: 400; font-style: normal; font-variant: normal; text-decoration: none; vertical-align: baseline; white-space: pre-wrap\">. A jakie osi\u0105gni\u0119cia w dzia\u0142alno\u015bci dla Polonii ma &#8222;Wieczny Prezes&#8221;, Matyszczyk? Odpowiedzcie sobie sami: miliony dolar\u00f3w wydawanych niegospodarnie, bonusy dla CEO, przy lekcewa\u017ceniu zwyk\u0142ych pracownik\u00f3w; do dzi\u015b niewyja\u015bnione ogromne kwoty dla zespo\u0142u Golec Uorkiestra, autobusy w Chicago na spotkanie z prezydentem, wynaj\u0119cie statku na rybo\u0142\u00f3wstwo (podobno sto tysi\u0119cy dolar\u00f3w z hakiem), tzw. konferencje strategiczne organizowane poza siedzib\u0105 Unii Kredytowej i poza Nowym Jorkiem i w og\u00f3le poza Stanami Zjednoczonymi, dziesi\u0105tki tysi\u0119cy dolar\u00f3w na bilety lotnicze, hotele, \u017carcie, rozrywki dla kilkudziesi\u0119ciu os\u00f3b, w tym oczywi\u015bcie i na pierwszym miejscu tych JEDENASTU NIEWSPANIA\u0141YCH, wybranych przez W\u0141A\u015aCICIELI. To, po to was wybrali\u015bmy? Pa\u0144stwo <\/span><span style=\"font-size: 10pt; font-family: Verdana; color: #000000; background-color: transparent; font-weight: 400; font-style: italic; font-variant: normal; text-decoration: none; vertical-align: baseline; white-space: pre-wrap\">derektorstwo, <\/span><span style=\"font-size: 10pt; font-family: Verdana; color: #000000; background-color: transparent; font-weight: 400; font-style: normal; font-variant: normal; text-decoration: none; vertical-align: baseline; white-space: pre-wrap\">\u00a0my wiemy, \u017ce takie decyzje przyjmowane s\u0105 przez podniesienie r\u0119ki, co najmniej sze\u015bciorga z was, a w szczeg\u00f3lnych przypadkach przez dziewi\u0119cioro. Czy wy, w og\u00f3le macie jakie\u015b sumienia<\/span><span style=\"font-size: 10pt; font-family: Verdana; color: #000000; background-color: transparent; font-weight: 700; font-style: normal; font-variant: normal; text-decoration: none; vertical-align: baseline; white-space: pre-wrap\">? Czy zdajecie sobie spraw\u0119, \u017ce kradniecie pieni\u0105dze zarobione i wypracowane przez ci\u0119\u017cko haruj\u0105cych na codzie\u0144 polskich emigrant\u00f3w? Czy zdajecie sobie spraw\u0119, \u017ce okradacie ca\u0142y, ci\u0119\u017cko na was pracuj\u0105cy personel, kt\u00f3ry \u015bwieci oczami przed W\u0141A\u015aCICIELAMI? Kt\u00f3ry jest mi\u0142y, sympatyczny, uczynny, ale zastraszony, bo kwestia wyrzucenia z pracy, to mo\u017ce by\u0107 chwila kiepskiego humoru so\u0142tysa? Wiecie o tym? Rozmawiacie z pracownikami, czy ju\u017c oderwali\u015bcie si\u0119 od rzeczywisto\u015bci? Osobi\u015bcie nie daje wam absolutorium!<\/span><\/p>\n<p style=\"line-height: 1.38; margin-top: 0pt; margin-bottom: 0pt\" dir=\"ltr\"><span style=\"font-size: 10pt; font-family: Verdana; color: #000000; background-color: transparent; font-weight: 400; font-style: normal; font-variant: normal; text-decoration: none; vertical-align: baseline; white-space: pre-wrap\">Dzialam w Polonii od 30 lat; s\u0142ysza\u0142em o dyrygentach Zwi\u0105zku \u015apiewak\u00f3w Polskich, s\u0142ysza\u0142em o prezesach Pulaski Association, Pulaski Parade, Fund. Ko\u015bciuszkowskiej, Fundacji Kulturalnej w Clark, Ligi Morskiej, SWAPu i dziesi\u0105tkach innych Polonusach, kt\u00f3rych nazwiska by\u0142y i s\u0105 wymieniane, jako dzia\u0142aczy polonijnych. Nigdy nie slyszalem o Sniarowskim, ani o Walentowiczu. Wniosek jest prosty: NA NICH G\u0141OSOWA\u0106 NIE WOLNO.<\/span><\/p>\n<p style=\"line-height: 1.38; margin-top: 0pt; margin-bottom: 0pt\" dir=\"ltr\"><span style=\"font-size: 10pt; font-family: Verdana; color: #000000; background-color: transparent; font-weight: 400; font-style: normal; font-variant: normal; text-decoration: none; vertical-align: baseline; white-space: pre-wrap\">Poza wszystkim, pan Matyszczyk, chyba si\u0119 zagalopowa\u0142, &#8211; przecie\u017c jeszcze jest prezesem rady dyrektor\u00f3w, a pozwala sobie na kampani\u0119 wyborcz\u0105 wy\u0142\u0105cznie trojga kandydat\u00f3w, w tym swojej. Czy nie jest to dyskryminacja? Bezczelno\u015b\u0107 obecnego \u201cjeszcze prezesa\u201d, jak zawsze s\u0142u\u017cy\u0107 ma \u201cjedynie s\u0142usznej sprawie\u201d wybrania do rady wy\u0142\u0105cznie \u201csamych swoich\u201d.<\/span><\/p>\n<p style=\"line-height: 1.38; margin-top: 0pt; margin-bottom: 0pt\" dir=\"ltr\"><span style=\"font-size: 10pt; font-family: Verdana; color: #000000; background-color: transparent; font-weight: 400; font-style: normal; font-variant: normal; text-decoration: none; vertical-align: baseline; white-space: pre-wrap\">T\u0119 bezczeln\u0105 dzia\u0142alno\u015b\u0107 prezesa Matyszczyka wspiera i to dwoma r\u0119kami dyrektor wykonawczy, Bogdan Chmielewski, &#8211; wg moich osobistych z nim do\u015bwiadcze\u0144, spec od naci\u0105gania danych. To ten pan, w 2009 roku, \u017ceby zaszkodzi\u0107 mojej osobie, jako kandydatowi do rady dyrektor\u00f3w, po\u0142\u0105czy\u0142 moj\u0105 personaln\u0105 po\u017cyczk\u0119 z \u2026-uwaga-, Lini\u0105 Kredytow\u0105 mojej szko\u0142y i razem z Matyszczykiem kazali napisa\u0107 pod moim \u017cyciorysem, \u017ce jestem winien Unii Kredytowej ponad 20 tysi\u0119cy i nie nadaj\u0119 si\u0119 na dyrektora. \u00a0Kampania negowania mnie, jako kandydata rozp\u0119tana by\u0142a do granic mo\u017cliwo\u015bci, tak si\u0119 strasznie bali, \u017cebym przypadkiem nie wszed\u0142 do tej rady, ale skutki by\u0142y takie same, jak w przypadku \u201cPasji Chrystusa\u201d i rozp\u0119tanej przeciwko temu filmowi i Gibsonowi, kampanii nienawi\u015bci i negacji ze strony \u017byd\u00f3w, &#8211; czyli, odwrotne. Wybory do Rady Dyrektor\u00f3w Unii Kredytowej, w 2009 roku by\u0142y jedynymi w historii (\u201cnaszego\u201d?) banku, w kt\u00f3rych wzi\u0119\u0142o udzia\u0142 ponad 10 tysi\u0119cy cz\u0142onk\u00f3w, z czego ponad 4 tysi\u0105ce g\u0142os\u00f3w oddano na mnie. W rozmowie z nowo wybran\u0105 rad\u0105 dyrektor\u00f3w, na moje pytanie, dlaczego, jako CEO zgodzi\u0142 si\u0119 na t\u0119 wredn\u0105 notatk\u0119 pod moim \u017cyciorysem, nasz\u201dwybitny wykonawczy\u201d ze stoickim spokojem i u\u015bmieszkiem na twarzy oznajmi\u0142, \u017ce taka by\u0142a sugestia prezesa Matyszczyka i on j\u0105 \u201cwykona\u0142\u201d. (A, co, a jak? Od czego \u201cwykonawczy\u201d\u2026? I to mia\u0142o zamkn\u0105\u0107 dyskusj\u0119 i by\u0107 wystarczaj\u0105cym wyt\u0142umaczeniem. <\/span><\/p>\n<p style=\"line-height: 1.38; margin-top: 0pt; margin-bottom: 0pt\" dir=\"ltr\"><span style=\"font-size: 10pt; font-family: Verdana; color: #000000; background-color: transparent; font-weight: 400; font-style: normal; font-variant: normal; text-decoration: none; vertical-align: baseline; white-space: pre-wrap\">Nawiasem m\u00f3wi\u0105c, strasznie mnie (nie) przekonuje do oszcz\u0119dzania w naszej Unii cyferka 0.01 przy pozycji \u201cprocenty\u201d. Panie \u201cWykonawczy\u201d, pan jeste\u015b od tego, \u017ceby ta cyferka ros\u0142a, a nie od zatwierdzania setek tysi\u0119cy na niegospodarn\u0105 dzia\u0142alno\u015b\u0107 niebankow\u0105, np. polityk\u0119, bale, wyjazdy, obiadki. Jak rz\u0105dzi\u0142a PO, to zapraszano np. Protasiewicza (to ten od dawania lekcji historii celnikom, kiedy wraca\u0142 z Brukseli, gdzie reprezentowa\u0142 Polsk\u0119), jak rz\u0105dzi PiS, to jest Duda, Anders &#8211; ta pani przeje\u017adzi\u0142a i przelata\u0142a ponad 600 tysi\u0119cy z\u0142otych, a efekty jej dzia\u0142alno\u015bci zerowe. Pan jeste\u015b odpowiedzialny za spos\u00f3b wydawania 10 tysi\u0119cy dolar\u00f3w przez dyrektor\u00f3w, jakie dostaj\u0105 w postaci kart kredytowych. Pan ma ich rozlicza\u0107, bo to pieni\u0105dze W\u0141A\u015aCICIELI, a nie ich. I nie pana. Oczywi\u015bcie procenty z oszcz\u0119dno\u015bci mog\u0105 nic nie obchodzi\u0107 szefa naszej Unii, zw\u0142aszcza, kiedy jednorazowo, na \u015bwi\u0119ta dostaje 125 tysi\u0119cy zielonych.<\/span><\/p>\n<p style=\"line-height: 1.38; margin-top: 0pt; margin-bottom: 0pt\" dir=\"ltr\"><span style=\"font-size: 10pt; font-family: Verdana; color: #000000; background-color: transparent; font-weight: 400; font-style: normal; font-variant: normal; text-decoration: none; vertical-align: baseline; white-space: pre-wrap\">Przypomnia\u0142o mi si\u0119 jak, podczas ubieg\u0142orocznego zebrania wyborczego, w <\/span><span style=\"font-size: 10pt; font-family: Verdana; color: #000000; background-color: transparent; font-weight: 400; font-style: italic; font-variant: normal; text-decoration: none; vertical-align: baseline; white-space: pre-wrap\">namiocie wezyra, <\/span><span style=\"font-size: 10pt; font-family: Verdana; color: #000000; background-color: transparent; font-weight: 400; font-style: normal; font-variant: normal; text-decoration: none; vertical-align: baseline; white-space: pre-wrap\">kiedy zapyta\u0142em, czy prawd\u0105 jest, \u017ce Golce dosta\u0142y 700 tysi\u0119cy dolar\u00f3w, &#8211; niemi\u0142osiernie panuj\u0105cy CEO, Chmielewski o\u015bwiadczy\u0142, \u017ce nie by\u0142o to prawd\u0105, ale od razu doda\u0142, \u017ce ten wydatek jest tajemnic\u0105 s\u0142u\u017cbow\u0105, &#8211; w domy\u015ble czytamy, \u017ce tajemnic\u0105 jest tylko, niekt\u00f3rych dla cz\u0142onk\u00f3w rady dyrektor\u00f3w i wszystkich W\u0141A\u015aCICIELI, bo o prawdziwej kwocie wie tylko kilka os\u00f3b. Nie interesuje mnie, czy by\u0142o to 700, czy 500, czy dwa tysi\u0105ce, &#8211; napisa\u0142em o tym kilka lat temu, bo cz\u0119sto je\u017cd\u017c\u0119 do Rajczy, a to jest siedem km od Mil\u00f3wki, a tam Golce, a ludzie lubi\u0105 gada\u0107\u2026 No i, wygadali. Interesuje mnie, \u017ce dw\u00f3ch, nieodpowiedzialnych i niegospodarnych facet\u00f3w robi z naszymi pieni\u0119dzmi, co im si\u0119 \u017cywnie podoba. A robi\u0105 to w imi\u0119 idei, \u017ce Unia Kredytowa jest W\u0141ASNO\u015aCI\u0104 CZ\u0141ONK\u00d3W.<\/span><\/p>\n<p style=\"line-height: 1.38; margin-top: 0pt; margin-bottom: 0pt\" dir=\"ltr\"><span style=\"font-size: 10pt; font-family: Verdana; color: #000000; background-color: transparent; font-weight: 400; font-style: normal; font-variant: normal; text-decoration: none; vertical-align: baseline; white-space: pre-wrap\">OBUD\u0179CIE SI\u0118 W\u0141A\u015aCICIELE!!!<\/span><\/p>\n<p style=\"line-height: 1.38; margin-top: 0pt; margin-bottom: 0pt\" dir=\"ltr\"><span style=\"font-size: 10pt; font-family: Verdana; color: #000000; background-color: transparent; font-weight: 400; font-style: normal; font-variant: normal; text-decoration: none; vertical-align: baseline; white-space: pre-wrap\">Dostaj\u0119, jak co roku dziesi\u0105tki pyta\u0144: na kogo g\u0142osowa\u0107?<\/span><\/p>\n<p style=\"line-height: 1.38; margin-top: 0pt; margin-bottom: 0pt\" dir=\"ltr\"><span style=\"font-size: 10pt; font-family: Verdana; color: #000000; background-color: transparent; font-weight: 400; font-style: normal; font-variant: normal; text-decoration: none; vertical-align: baseline; white-space: pre-wrap\">Odpowiadam: <\/span><\/p>\n<p style=\"line-height: 1.38; margin-top: 0pt; margin-bottom: 0pt\" dir=\"ltr\"><span style=\"font-size: 10pt; font-family: Verdana; color: #000000; background-color: transparent; font-weight: 400; font-style: normal; font-variant: normal; text-decoration: none; vertical-align: baseline; white-space: pre-wrap\">Kandydatury na kt\u00f3re nale\u017cy odda\u0107 g\u0142osy to: <\/span><span style=\"font-size: 10pt; font-family: Verdana; color: #000000; background-color: transparent; font-weight: 700; font-style: normal; font-variant: normal; text-decoration: none; vertical-align: baseline; white-space: pre-wrap\">Marek Chrz\u0105szcz, Dr. Pawe\u0142 Maci\u0105g (na balocie Pawe\u0142 Maci\u0105g, Ph.D.) i Ma\u0142gorzata W\u0105do\u0142owski.<\/span><span style=\"font-size: 10pt; font-family: Verdana; color: #000000; background-color: transparent; font-weight: 400; font-style: normal; font-variant: normal; text-decoration: none; vertical-align: baseline; white-space: pre-wrap\"> (mo\u017cna, oczywi\u015bcie g\u0142osowa\u0107 tylko na jednego, dw\u00f3ch, albo na ca\u0142\u0105 tr\u00f3jk\u0119). Nie mo\u017cna zaznaczy\u0107 wi\u0119cej, ni\u017c trzy kratki.<\/span><\/p>\n<p><span style=\"font-size: 10pt; font-family: Verdana; color: #000000; background-color: transparent; font-weight: 400; font-style: normal; font-variant: normal; text-decoration: none; vertical-align: baseline; white-space: pre-wrap\">Natomiast przepowiednia jest nast\u0119puj\u0105ca: Matyszczyk, \u015aniarowski i Walentowicz dostan\u0105 po 2 tysi\u0105ce g\u0142os\u00f3w z hakiem, a reszta odpadnie. I pozamiatane. <\/span><span style=\"font-size: 10pt; font-family: Verdana; color: #000000; background-color: transparent; font-weight: 700; font-style: normal; font-variant: normal; text-decoration: none; vertical-align: baseline; white-space: pre-wrap\">Oczywi\u015bcie, o ile znowu zignorujemy te wybory.<\/span><\/p>\n","protected":false},"excerpt":{"rendered":"<p>Wyj\u0105tkowo w tym roku powinni\u015bmy wzi\u0105\u0107 udzia\u0142 w g\u0142osowaniu do Rady Dyrektor\u00f3w Polsko-S\u0142owia\u0144skiej Federalnej Unii Kredytowej. Jest to ostatnia szansa, \u017ceby usun\u0105\u0107 z tej rady cz\u0142owieka, kt\u00f3ry ju\u017c si\u0119 w tej radzie mocno zestarza\u0142.<\/p>\n","protected":false},"author":2,"featured_media":0,"comment_status":"open","ping_status":"open","sticky":false,"template":"","format":"standard","meta":[],"categories":[3],"tags":[],"_links":{"self":[{"href":"https:\/\/sporek.com\/blog\/index.php?rest_route=\/wp\/v2\/posts\/599"}],"collection":[{"href":"https:\/\/sporek.com\/blog\/index.php?rest_route=\/wp\/v2\/posts"}],"about":[{"href":"https:\/\/sporek.com\/blog\/index.php?rest_route=\/wp\/v2\/types\/post"}],"author":[{"embeddable":true,"href":"https:\/\/sporek.com\/blog\/index.php?rest_route=\/wp\/v2\/users\/2"}],"replies":[{"embeddable":true,"href":"https:\/\/sporek.com\/blog\/index.php?rest_route=%2Fwp%2Fv2%2Fcomments&post=599"}],"version-history":[{"count":0,"href":"https:\/\/sporek.com\/blog\/index.php?rest_route=\/wp\/v2\/posts\/599\/revisions"}],"wp:attachment":[{"href":"https:\/\/sporek.com\/blog\/index.php?rest_route=%2Fwp%2Fv2%2Fmedia&parent=599"}],"wp:term":[{"taxonomy":"category","embeddable":true,"href":"https:\/\/sporek.com\/blog\/index.php?rest_route=%2Fwp%2Fv2%2Fcategories&post=599"},{"taxonomy":"post_tag","embeddable":true,"href":"https:\/\/sporek.com\/blog\/index.php?rest_route=%2Fwp%2Fv2%2Ftags&post=599"}],"curies":[{"name":"wp","href":"https:\/\/api.w.org\/{rel}","templated":true}]}}