{"id":6,"date":"2006-12-17T20:55:31","date_gmt":"2006-12-18T00:55:31","guid":{"rendered":"http:\/\/sporek.com\/blog\/?p=6"},"modified":"2006-12-17T20:55:31","modified_gmt":"2006-12-18T00:55:31","slug":"kopalnia-wujek-%e2%80%a6","status":"publish","type":"post","link":"https:\/\/sporek.com\/blog\/?p=6","title":{"rendered":"Kopalnia Wujek \u2026"},"content":{"rendered":"<p goog_ds_charIndex=\"36\" align=\"left\" class=\"MsoNormal\"><span goog_ds_charIndex=\"37\" lang=\"PL\">&#8230; wstyd, ha\u0144ba, zbrodnia nieukarana.<\/span><\/p>\n<p goog_ds_charIndex=\"78\" align=\"left\" class=\"MsoNormal\"><span goog_ds_charIndex=\"79\" lang=\"PL\">Najwi\u0119kszy wstyd, najwi\u0119ksza kompromitacja systemu komunistycznego, najtragiczniejsze zako\u0144czenia robotniczych protest\u00f3w: Pozna\u0144, Radom, Gda\u0144sk, Kopalnia Wujek. <\/span><\/p>\n<p goog_ds_charIndex=\"243\" align=\"left\" class=\"MsoNormal\"><span goog_ds_charIndex=\"244\" lang=\"PL\">Telewizja Polonia nada\u0142a w minionym tygodniu dwa wtrz\u0105saj\u0105ce programy. Jeden zatytu\u0142owany \u201eProsta historia\u201d, drugi \u201eSprawiedliwo\u015b\u0107\u201d.\u00a0\u00a0<!--more--><\/span><\/p>\n<p goog_ds_charIndex=\"388\" align=\"left\" class=\"MsoNormal\"><span goog_ds_charIndex=\"389\" lang=\"PL\">Pierwszy z nich to straszliwe wspomnienia matki Jana Stanisi\u0144skiego, dwudziestojednoletniego, zamordowanego bestialsko przez ZOMO w Kopalni Wujek.<\/span><\/p>\n<p goog_ds_charIndex=\"538\" align=\"left\" class=\"MsoNormal\"><span goog_ds_charIndex=\"539\" lang=\"PL\">Drugi po\u015bwi\u0119cony wspomnieniom tych, kt\u00f3rzy zostali postrzeleni i prze\u017cyli, oraz cz\u0142onk\u00f3w rodzin tych, kt\u00f3rzy, niestety oddali \u017cycie.<\/span><\/p>\n<p goog_ds_charIndex=\"674\" align=\"left\" class=\"MsoNormal\"><span goog_ds_charIndex=\"675\" lang=\"PL\">Wyobra\u017amy sobie dziewi\u0119tnastolatka, ktory po wypadku ojca na budowie bierze na siebie obowi\u0105zek utrzymania rodziny. Z ma\u0142ej miejscowo\u015bci ko\u0142o Koszalina wyje\u017cd\u017ca na \u015al\u0105sk i rozpoczyna prac\u0119 w kopalni. Wysy\u0142a matce pieni\u0105dze i oszcz\u0119dza, aby jego dwie m\u0142odsze siostry mog\u0142y w przysz\u0142o\u015bci studiowa\u0107. Opowie\u015b\u0107 matki tego ch\u0142opca jest tak straszliwie wtrz\u0105saj\u0105ca, \u017ce przyznam bez wstydu, \u0142zy lecia\u0142y mi po twarzy bez jakiejkolwiek mo\u017cliwo\u015bci kontroli. Nie mog\u0142em si\u0119 opanowa\u0107.<\/span><\/p>\n<p goog_ds_charIndex=\"1149\" align=\"left\" class=\"MsoNormal\"><span goog_ds_charIndex=\"1150\" lang=\"PL\">17 grudnia, 1981 Ja\u015b Stanisi\u0144ski mia\u0142 przyjecha\u0107 do rodzinnej miejscowo\u015bci, do matki i si\u00f3str na dwutygodniowy urlop. Niestety, 16 grudnia \u015bmiertelne strza\u0142y zomowc\u00f3w rozdzieli\u0142y na zawsze syna od matki, brata, od si\u00f3str. <\/span><\/p>\n<p goog_ds_charIndex=\"1375\" align=\"left\" class=\"MsoNormal\"><span goog_ds_charIndex=\"1376\" lang=\"PL\">Ta zm\u0119czona \u017cyciem, wyko\u0144czona tragedi\u0105 rodzicielki, kt\u00f3ra straci\u0142a wchodz\u0105cego w doros\u0142e \u017cycie syna kobieta, czeka na sprawiedliwo\u015b\u0107, czeka na najmniejszy objaw skruchy tych, kt\u00f3rzy po kolejnych rozprawach wracaj\u0105 do wolnego \u017cycia, maj\u0105c na r\u0119kach krew kompletnie niewinnych ludzi. Kolejne rozprawy nie daj\u0105 efektu, nie przynosz\u0105 wyja\u015bnie\u0144. Nie od dzi\u015b wiadomo, \u017ce system komunistyczny opanowa\u0142 proces zacierania \u015blad\u00f3w i dowod\u00f3w do perfekcji. Te procesy nigdy nie doprowadz\u0105 do ukarania i ujawnienia winnych. Ich twarze nie s\u0105 pokazywane na ekranie. Ich prywatno\u015bci strze\u017ce prawo. Prawo, kt\u00f3re chroni zbrodniarzy, prawo, kt\u00f3re dobija ofiary. <\/span><\/p>\n<p goog_ds_charIndex=\"2023\" align=\"left\" class=\"MsoNormal\"><span goog_ds_charIndex=\"2024\" lang=\"PL\">Matka m\u00f3wi o tym, jak nieprzytomnego, z przestrzelonym m\u00f3zgiem syna, zomowcy ok\u0142adali pa\u0142ami tylko dlatego, \u017ce dawa\u0142 jeszcze oznaki \u017cycia. Czy\u017c to wspomnienie nie jest dobijaniem tej kobiety? Je\u017adzi do Katowic na rozprawy ju\u017c trzyna\u015bcie lat. I przez trzyna\u015bcie lat, trzy tury rozpraw nie przynios\u0142y \u017cadnego resultatu. Komuni\u015bci perfidnie zatarli \u015blady, zamotali i skomplikowali histori\u0119; siedz\u0105cy na \u0142awach oskar\u017conych zomowcy przyj\u0119li metod\u0119 \u201ena milczenie\u201d. Nie m\u00f3wi\u0105, a je\u015bli cokolwiek, to tylko, \u017ce wierz\u0105 w sprawiedliwy wyrok. Na wolno\u015bci jest Jaruzelski i Kiszczak. Dwaj g\u0142\u00f3wni sprawcy najwi\u0119kszej tragedii w powojennej Polsce. Oni dali przyzwolenie na strzelanie do obywateli polskich, oni wypowiedzieli narodowi wojn\u0119, wzi\u0119li nar\u00f3d w p\u00f3\u0142toraroczn\u0105 niewol\u0119 perfidnie staraj\u0105c si\u0119 uratowa\u0107 system, z mordercz\u0105 kalkulacj\u0105 pokazuj\u0105c Moskwie, \u017ce daj\u0105 sobie rad\u0119. Dzi\u015b maj\u0105 wysokie emerytury, \u017cyj\u0105 najspokojniej czekaj\u0105c na sw\u00f3j koniec. To pewne, \u017ce historia oceni ich negatywnie, to raczej pewne, \u017ce b\u0119d\u0105 przez histori\u0119 nazwani zbrodniarzami, bo s\u0105 nimi w ca\u0142ym tego s\u0142owa znaczeniu. Powinna si\u0119 nad nimi odby\u0107 druga \u201eNorymberga\u201d. A za co s\u0105dzony jest by\u0142y przyw\u00f3dca Iranu, jak nie za ludob\u00f3jstwo na w\u0142asnym narodzie? Ameryko, gdzie jeste\u015b, by broni\u0107 polskiego ludu? Dro\u017cszy ci lud iracki&#8230;?<\/span><\/p>\n<p goog_ds_charIndex=\"3321\" align=\"left\" class=\"MsoNormal\"><span goog_ds_charIndex=\"3322\" lang=\"PL\">Ja\u015b Stanisi\u0144ski zmar\u0142, nie odzyskawszy przytomno\u015bci, 25 stycznia, 1982 roku. Jego matka przechowuje he\u0142m, w ktorym po obu stronach s\u0105 dwie dziury,-jedna dziura, kt\u00f3r\u0105 zomowska kula wbi\u0142a si\u0119 w m\u0142ody m\u00f3zg, druga, kt\u00f3r\u0105 wysz\u0142a po przeciwnej stronie g\u0142owy. Takiej pami\u0105tki po swoim synu doczeka\u0142a sie od komunistycznej ojczyzny Matka-Polka.<\/span><\/p>\n<p goog_ds_charIndex=\"3662\" align=\"left\" class=\"MsoNormal\"><span goog_ds_charIndex=\"3663\" lang=\"PL\">\u201eSprawiedliwo\u015b\u0107\u201d, drugi z program\u00f3w, to oskar\u017cenie nie tylko zomowskich morderc\u00f3w, ale oskar\u017cenie systemu, kt\u00f3ry nie daje szans na sprawiedliwo\u015b\u0107. To pytania i wspomnienia matek, ojc\u00f3w, \u017con, si\u00f3str, c\u00f3rek i syn\u00f3w, przyjaci\u00f3\u0142, oraz tych, kt\u00f3rzy prze\u017cyli. Jednym z tych, kt\u00f3rzy prze\u017cyli jest ponad osiemdziesi\u0119cioletni ju\u017c dzisiaj, emerytowany g\u00f3rnik. On z kolei ma na pami\u0105tk\u0119 kul\u0119, kt\u00f3r\u0105 sam sobie wyj\u0105\u0142 z rany. Nieludzko wstrz\u0105saj\u0105cy jest fakt, \u017ce temu cz\u0142owiekowi uda\u0142o si\u0119 niegdy\u015b prze\u017cy\u0107 ob\u00f3z koncentracyjny Auschwitz-Burkenau. Czterdzie\u015bci lat p\u00f3\u017aniej cudem unikn\u0105\u0142 \u015bmierci z r\u0105k polskiego bandyty w mundurze pa\u0144stwowego funkcjonariusza. <\/span><\/p>\n<p goog_ds_charIndex=\"4309\" align=\"left\" class=\"MsoNormal\"><span goog_ds_charIndex=\"4310\" lang=\"PL\">Jakim cudem znajduj\u0105 si\u0119 jeszcze ludzie, kt\u00f3rzy id\u0105 pod will\u0119 Jaruzelskiego i wznosz\u0105 okrzyki gloryfikuj\u0105ce tego szubrawca, okrzyki dzi\u0119kuj\u0105ce mu za uratowanie ojczyzny?\u00a0 Jak to si\u0119 sta\u0142o i dzieje nadal, \u017ce Kiszczak, pierwszy \u017candarm PRL-u nie doczekal wyroku skazuj\u0105cego?<\/span><\/p>\n<p goog_ds_charIndex=\"4585\" align=\"left\" class=\"MsoNormal\"><span goog_ds_charIndex=\"4586\" lang=\"PL\">Rumunia jest pierwszym krajem dawnego Uk\u0142adu Warszawskiego, kt\u00f3ry pot\u0119pi\u0142 komunizm, jako system zbrodniczy i przyj\u0105\u0142 na ten temat uchwa\u0142\u0119 parlamentu. Wszyscy wiemy, \u017ce wyrok na Nicolae Ceausescu wykonano natychmiast. Nikt nie \u017c\u0105da kary \u015bmierci dla polskich by\u0142ych kacyk\u00f3w KC PZPR,-\u00a0 ja te\u017c nie postuluj\u0119 czego\u015b takiego. Ale nazwanie ich po imieniu, osadzenie w wi\u0119zieniu, wymierzenie kary, kt\u00f3ra by\u0142aby cho\u0107 symbolicznym uk\u0142onem w stron\u0119 ofiar i ich rodzin powinno by\u0107 dokonane bardzo dawno. A kto tego zaniedba\u0142? Oczywi\u015bcie ka\u017cdy, po kolei rz\u0105d Wolnej Polski. Nie interesowa\u0142 sie tym, ani rz\u0105d Jaruzelskiego,-gdyby ten rz\u0105d si\u0119 tym zaj\u0105\u0142 by\u0142oby to dziwne), ani Wa\u0142\u0119sy,(tu dziwne jest to, \u017ce si\u0119 tym nie zaj\u0105\u0142&#8230;), \u00a0ani Kwa\u015bniewskiego-(gdyby si\u0119 zaj\u0105\u0142, to te\u017c by\u0142oby dziwne); nie bed\u0119 ju\u017c wymienia\u0142 litanii premier\u00f3w, bo \u017caden z nich te\u017c nie kiwn\u0105\u0142 w tej sprawie palcem. Wida\u0107 ludzie mog\u0105 gin\u0105\u0107, byle oni mieli sto\u0142ki. Obecny rz\u0105d ma z tym problem, poniewa\u017c trzeba by zmieni\u0107 konstytucj\u0119. A kto wsp\u00f3lredagowa\u0142 konstytucj\u0119? Niejaki A. Kwa\u015bniewski,- ko\u0142o zamkni\u0119te.<\/span><\/p>\n<p goog_ds_charIndex=\"5652\" align=\"left\" class=\"MsoNormal\"><span goog_ds_charIndex=\"5653\" lang=\"PL\">Jak to si\u0119 dzieje i jakiej pojemno\u015bci m\u00f3zgi maj\u0105 m\u0142odzi ludzie, \u017ce wst\u0119puj\u0105 do SLD-, partii, kt\u00f3ra jest niczym innym, jak przed\u0142u\u017ceniem \u017cycia PZPR?<\/span><\/p>\n<p goog_ds_charIndex=\"5803\" align=\"left\" class=\"MsoNormal\"><span goog_ds_charIndex=\"5804\" lang=\"PL\">Jak to si\u0119 dzieje, \u017ce by\u0142y minister Obrony Narodowej, niejaki Szmajdzi\u0144ski ma czelno\u015b\u0107 m\u00f3wi\u0107 dzi\u015b, \u017ce propozycja zdegradowania Jaruzelskiego, to objaw ma\u0142o\u015bci i kompleks\u00f3w obecnie rz\u0105dz\u0105cych Bli\u017aniak\u00f3w. I patrzy na to nar\u00f3d, pokazuj\u0105 to \u015brodki masowego przekazu. A przecie\u017c zignorowanie tych blu\u017anierc\u00f3w, nie cytowanie ich, nie pokazywanie, by\u0142oby najprostszym i znakomitym sposobem na to, aby im u\u015bwiadomi\u0107, \u017ce ich teorie s\u0105 na tyle same w sobie zbrodnicze, \u017ce w\u0142a\u015bnie nie warte pokazywania i cytowania. Przewodnicz\u0105cy SLD ma niespe\u0142na czterdzie\u015bci lat, sekretarz tej partii jest jego r\u00f3wie\u015bnikiem- byli wi\u0119c ledwie nastolatkami, kiedy ta najstraszniejsza tragedia mia\u0142a miejsce. Nie by\u0142o iosch na \u015bwiecie, gdy zabijano w Poznaniu i Radomiu. Byli niemowl\u0119tami zapewne, gdy inny Janek, Janek Wi\u015bniewski zgin\u0105\u0142 w strzelaninie do bezbronnych pracownik\u00f3w Stoczni Gda\u0144skiej, w 1970 roku. I ta zbrodnia te\u017c nigdy nie zosta\u0142a wyja\u015bniona. Sprawcy tej zbrodni te\u017c nigdy nie zostali ujawnieni. Nigdy nikt nie poni\u00f3s\u0142 za t\u0119 zbrodni\u0119 kary. Jak mo\u017cna w og\u00f3le dawa\u0107 prawo takim ludziom do wypowiadania si\u0119 na temat Jaruzelskiego, kt\u00f3rego obaj broni\u0105, jak w\u0142asn\u0105 matk\u0119? Jak mo\u017cna dawa\u0107 im mo\u017cliwo\u015b\u0107 wypowiadania si\u0119 na temat los\u00f3w Polski tera\u017aniejszych, przesz\u0142ych i przysz\u0142ych, trudno zrozumie\u0107. Chyba&#8230;, \u017ce chce si\u0119 Polsce zaszkodzi\u0107&#8230;?<\/span><\/p>\n<p goog_ds_charIndex=\"7133\" align=\"left\" class=\"MsoNormal\"><span goog_ds_charIndex=\"7134\" lang=\"PL\">Nie-rzetelno\u015b\u0107 dziennikarska? Brak etyki?<\/span><\/p>\n<p goog_ds_charIndex=\"7178\" align=\"left\" class=\"MsoNormal\"><span goog_ds_charIndex=\"7179\" lang=\"PL\">Nie! Trzeba dobija\u0107 Kaczy\u0144skich, p\u00f3ki odkryj\u0105 wszystko, co dzia\u0142o si\u0119 w tym kraju, p\u00f3ki dosi\u0119gn\u0105 kar\u0105 winnych tego, czym Polska jest dzisiaj, czym by\u0142a przedtem. Ohyda dzia\u0142ania tych \u201eopozycjonist\u00f3w\u201d jest przera\u017caj\u0105ca. <\/span><\/p>\n<p goog_ds_charIndex=\"7401\" align=\"left\" class=\"MsoNormal\"><span goog_ds_charIndex=\"7402\" lang=\"PL\">Na grobie m\u0142odziutkiego Jasia Stanisi\u0144skiego widnieje napis &#8211; motto: <\/span><\/p>\n<p goog_ds_charIndex=\"7474\" align=\"left\" class=\"MsoNormal\"><span goog_ds_charIndex=\"7475\" lang=\"PL\">\u201eZa dzie\u0144 dla jutra,<\/span><\/p>\n<p goog_ds_charIndex=\"7498\" align=\"left\" class=\"MsoNormal\"><span goog_ds_charIndex=\"7499\" lang=\"PL\">za ten rok s\u0142oneczny, <\/span><\/p>\n<p goog_ds_charIndex=\"7524\" align=\"left\" class=\"MsoNormal\"><span goog_ds_charIndex=\"7525\" lang=\"PL\">odm\u00f3w, o Polsko <\/span><\/p>\n<p goog_ds_charIndex=\"7544\" align=\"left\" class=\"MsoNormal\"><span goog_ds_charIndex=\"7545\" lang=\"PL\">Odpoczynek Wieczny\u201d.<\/span><\/p>\n<p goog_ds_charIndex=\"7568\" align=\"left\" class=\"MsoNormal\"><span goog_ds_charIndex=\"7569\" lang=\"PL\">Dopisuje pod tym:<\/span><\/p>\n<p goog_ds_charIndex=\"7589\" align=\"left\" class=\"MsoNormal\"><span goog_ds_charIndex=\"7590\" lang=\"PL\">-Zgin\u0105\u0142 z r\u0105k rodak\u00f3w, na rozkaz polskich dow\u00f3dc\u00f3w &#8211; przyw\u00f3dc\u00f3w &#8211; morderc\u00f3w.<\/span><\/p>\n","protected":false},"excerpt":{"rendered":"<p>&#8230; wstyd, ha\u0144ba, zbrodnia nieukarana. Najwi\u0119kszy wstyd, najwi\u0119ksza kompromitacja systemu komunistycznego, najtragiczniejsze zako\u0144czenia robotniczych protest\u00f3w: Pozna\u0144, Radom, Gda\u0144sk, Kopalnia Wujek. Telewizja Polonia nada\u0142a w minionym tygodniu dwa wtrz\u0105saj\u0105ce programy. Jeden zatytu\u0142owany \u201eProsta historia\u201d, drugi \u201eSprawiedliwo\u015b\u0107\u201d.\u00a0\u00a0<\/p>\n","protected":false},"author":2,"featured_media":0,"comment_status":"open","ping_status":"open","sticky":false,"template":"","format":"standard","meta":[],"categories":[4],"tags":[],"_links":{"self":[{"href":"https:\/\/sporek.com\/blog\/index.php?rest_route=\/wp\/v2\/posts\/6"}],"collection":[{"href":"https:\/\/sporek.com\/blog\/index.php?rest_route=\/wp\/v2\/posts"}],"about":[{"href":"https:\/\/sporek.com\/blog\/index.php?rest_route=\/wp\/v2\/types\/post"}],"author":[{"embeddable":true,"href":"https:\/\/sporek.com\/blog\/index.php?rest_route=\/wp\/v2\/users\/2"}],"replies":[{"embeddable":true,"href":"https:\/\/sporek.com\/blog\/index.php?rest_route=%2Fwp%2Fv2%2Fcomments&post=6"}],"version-history":[{"count":0,"href":"https:\/\/sporek.com\/blog\/index.php?rest_route=\/wp\/v2\/posts\/6\/revisions"}],"wp:attachment":[{"href":"https:\/\/sporek.com\/blog\/index.php?rest_route=%2Fwp%2Fv2%2Fmedia&parent=6"}],"wp:term":[{"taxonomy":"category","embeddable":true,"href":"https:\/\/sporek.com\/blog\/index.php?rest_route=%2Fwp%2Fv2%2Fcategories&post=6"},{"taxonomy":"post_tag","embeddable":true,"href":"https:\/\/sporek.com\/blog\/index.php?rest_route=%2Fwp%2Fv2%2Ftags&post=6"}],"curies":[{"name":"wp","href":"https:\/\/api.w.org\/{rel}","templated":true}]}}