{"id":60,"date":"2008-03-21T22:05:59","date_gmt":"2008-03-22T02:05:59","guid":{"rendered":"http:\/\/sporek.com\/blog\/?p=60"},"modified":"2008-03-22T06:05:07","modified_gmt":"2008-03-22T10:05:07","slug":"kraj-ojczysty-polonia","status":"publish","type":"post","link":"https:\/\/sporek.com\/blog\/?p=60","title":{"rendered":"Kraj Ojczysty,  a Polonia"},"content":{"rendered":"<p><span style=\"font-size: 11pt; font-family: Arial\" lang=\"PL\">Czytaj\u0105c komentarze Internaut\u00f3w do relacji z wizyty Donalda Tuska w USA trzeba by si\u0119 zastanowi<span style=\"font-size: 11pt; font-family: Arial\" lang=\"PL\">\u0107, czy przypadkiem dezintegracja Polonii z Ojczyzn\u0105 nie sta\u0142a si\u0119 jednym z najwi\u0119kszych sukces\u00f3w komunist\u00f3w i obecnych ich mutant\u00f3w. Chyba, \u017ce\u00a0nienawi\u015b<span style=\"font-size: 11pt; font-family: Arial\" lang=\"PL\">\u0107, ch\u0119<span style=\"font-size: 11pt; font-family: Arial\" lang=\"PL\">\u0107 wykpienia za wszelk\u0105 cen\u0119, obrzucenia b\u0142otem jest tak przemo\u017cna w\u015br\u00f3d komentuj\u0105cych, \u017ce nie trzeba im by\u0142o ani Kiszczaka, ani prymitywnych, ale jak\u017ce przepe\u0142nionych drwin\u0105 i\u00a0nienawi\u015bci\u0105<span style=\"font-size: 11pt; font-family: Arial\" lang=\"PL\">, wypowiedzi obecnego szefa polskiej dyplomacji. Rados\u0142aw Sikorski tak si\u0119 ostatnio zap\u0119dzi\u0142, \u017ce swoj\u0105, pe\u0142n\u0105 ohydnego b\u0142ota wypowied\u017a na temat wstrzymywania g\u0142osowania nad Traktatem Lizbo\u0144skim, nazwa\u0142 &#8222;j\u0119zykiem dyplomnacji&#8221;. <!--more-->Nie zrobi\u0142bym go nawet s\u0119dzi\u0105 regionalnych zawod\u00f3w w wolnej amerykance. Ten m\u0142ody cz\u0142owiek powinien wi\u0119cej czyta<span style=\"font-size: 11pt; font-family: Arial\" lang=\"PL\">\u0107, a najlepiej \u017cyciorysy Dyplomat\u00f3w (przez du\u017ce D, oczywi\u015bcie). Ale wygl\u0105da na to, \u017ce zapatrzy\u0142 si\u0119 w Cyrankiewicza, Gomu\u0142k\u0119, Kiszczaka i im podobnych. Ten pan na pewno zostanie sklasyfikowany, jako najmniej kompetentny minister spraw zagranicznych w ca\u0142ej tysi\u0105cletniej historii Polski. Tak nie zachowuje si\u0119 dyplomata. To, co on wyprawia, to jakie\u015b ujadanie na wiejskim podw\u00f3rku zakompleksionych, upitych (bo trze\u017awi tak by si\u0119 nie zachowywali) ch\u0142opk\u00f3w. NIestety, to wszystko idzie w eter bezkrytycznych medi\u00f3w i wp\u0142ywa opiniotw\u00f3rczo na r\u00f3wnie bezkrytyczne spo\u0142ecze\u0144stwo, a przynajmniej na t\u0119 jej bezkrytyczn\u0105 cz\u0119\u015b<span style=\"font-size: 11pt; font-family: Arial\" lang=\"PL\">\u0107, kt\u00f3ra wy\u0142apuje te opinie i powtarza, jak mantr\u0119 w komentarzach. A tymczasem,- Polonia, kochani Rodacy, to ta cz\u0119\u015b<span style=\"font-size: 11pt; font-family: Arial\" lang=\"PL\">\u0107 P<\/span>olski, bez kt\u00f3rej nie by\u0142oby pomocy w stanie wojennym, nie by\u0142oby nacisk\u00f3w na Prezydenta Reagana, nie by\u0142oby NATO. Pomoc dla Solidarno\u015bci w postaci sprz\u0119tu komputerowego p\u0142yn\u0119\u0142a, jak Ocean szeroki. Taka sama pomoc dochodzi\u0142a do zabiedzonego spo\u0142ecze\u0144stwa w postaci \u017cywno\u015bci, ubra\u0144, a przede wszystkim duchowo spo\u0142ecze\u0144stwo polskie mog\u0142o czu<span style=\"font-size: 11pt; font-family: Arial\" lang=\"PL\">\u0107 wsparcie\u00a0 Polonii poprzez Glos Ameryki, Woln\u0105 Europ\u0119. Wszyscy wiedz\u0105, \u017ce bez udzia\u0142u Polonii komunizm nie upad\u0142by, bo Solidarno\u015b<span style=\"font-size: 11pt; font-family: Arial\" lang=\"PL\">\u0107 by\u0142a do tego jednak za s\u0142aba, spo\u0142ecze\u0144stwo potwornie zastraszane. Otucha i wsparcie, jakie dali spo\u0142ecze\u0144stwu Polacy zza granicy by\u0142y w\u0142a\u015bnie na miar\u0119 tego zwyci\u0119stwa. Czy chcecie mi powiedzie<span style=\"font-size: 11pt; font-family: Arial\" lang=\"PL\">\u0107, \u017ce nasz \u015awi\u0119ty Papie\u017c nie mia\u0142 prawa wspiera<span style=\"font-size: 11pt; font-family: Arial\" lang=\"PL\">\u0107 duchowo polskiego narodu tylko dlatego, \u017ce mieszka\u0142 w Watykanie&#8230;? <\/span><\/span>Nie wierz\u0119, \u017ce te upodlaj\u0105ce komentarze typu &#8222;co wy tam wiecie, Polaczki z Hameryki&#8221; pisane s\u0105 przez ludzi, kt\u00f3rzy przeszli przez t\u0119 historyczn\u0105 zawieruch\u0119 komunistycznego pi\u0119<span style=\"font-size: 11pt; font-family: Arial\" lang=\"PL\">\u0107dziesi\u0119ciolecia. Nie wierz\u0119, \u017ce pisz\u0105 to ludzie, kt\u00f3rzy prze\u017cyli czasy Bezpieki,\u00a0czasy ludzkiego upodlenia w imi\u0119 &#8222;\u015bwi\u0119tych idei&#8221; faceta, kt\u00f3ry sp\u0119dza\u0142 wakacje w Poroninie. Ale tym bardziej mo\u017ce martwi<span style=\"font-size: 11pt; font-family: Arial\" lang=\"PL\">\u0107, \u017ce m\u0142odzi ludzie coraz mniej wiedz\u0105 o tamtych czasach. Dzi\u015b mo\u017cna w Polsce dosta<span style=\"font-size: 11pt; font-family: Arial\" lang=\"PL\">\u0107 po g\u0119bie od rozbuchanych cywil\u00f3w, &#8211; wtedy dostawa\u0142o si\u0119 od w\u0142adzy. W stanie wojennym &#8222;ludowy&#8221; milicjant waln\u0105\u0142 mnie w facjat\u0119 tak, \u017ce naruszy\u0142 mi kilka z\u0119b\u00f3w tylko za to, \u017ce nie mia\u0142em brody, a by\u0142a w\u00a0dowodzie osobistym. Njapierw chcia\u0142 mnie goli<span style=\"font-size: 11pt; font-family: Arial\" lang=\"PL\">\u0107 zyletk\u0105 na sucho, a gdy do przyczepy, kt\u00f3ra sta\u0142a na rogatkach miasta, gdzie mnie zatrzymano wszed\u0142 porucznik i ochrzani\u0142 idiot\u0119 za wyg\u0142upy tak si\u0119 w\u015bciek\u0142, \u017ce wyszed\u0142 za mna na parking i mnie po prostu za\u0142atwi\u0142. <\/span>Dentysta, do kt\u00f3rego prawie si\u0119 doczo\u0142ga\u0142em, bo ciosy w brzuch zwin\u0119\u0142y moje cia\u0142o w p\u00f3\u0142, zamkn\u0105\u0142 przede mn\u0105 drzwi (Panie \u015bwie<span style=\"font-size: 11pt; font-family: Arial\" lang=\"PL\">\u0107 <\/span>nad jego dusz\u0105). Zrobi\u0142 to ze strachu, \u017ce pomo\u017ce komu\u015b, kto jest &#8222;scigany&#8221; przez SB. Nie by\u0142o nam wtedy do \u015bmiechu, nie by\u0142o nam wtedy do kpin z Rodak\u00f3w za granic\u0105. Oni byli nasz\u0105 ostoj\u0105.<\/span><\/span><\/span>\u00a0<\/span><\/span><\/span><\/span><\/span><\/span><\/span><\/span><\/span><span style=\"font-size: 11pt; font-family: Arial\" lang=\"PL\"><span style=\"font-size: 11pt; font-family: Arial\" lang=\"PL\"><span style=\"font-size: 11pt; font-family: Arial\" lang=\"PL\"><span style=\"font-size: 11pt; font-family: Arial\" lang=\"PL\"><span style=\"font-size: 11pt; font-family: Arial\" lang=\"PL\"><span style=\"font-size: 11pt; font-family: Arial\" lang=\"PL\"><span style=\"font-size: 11pt; font-family: Arial\" lang=\"PL\">A co si\u0119 dzieje i dzia\u0142o, gdy polskie rzeki wyla\u0142y, lub wylewaj\u0105? Zbierane przez Poloni\u0119 dolary pomaga\u0142y w wi\u0119kszej mierze, ni\u017c czyni\u0142y to w\u0142adze polskie, bo p\u0142yn\u0119\u0142y bezpo\u015brednio, bez ogl\u0105dania si\u0119 na przepisy, ustawy i urz\u0119dowe &#8222;progi i bariery&#8221;. Dzi\u015b m\u0142odzi Internauci popisuj\u0105 si\u0119 drwinami z demonstruj\u0105cych Polonus\u00f3w jeden przez drugiego, jakby rozdzielane by\u0142y za to nagrody. A to nie podoba si\u0119 im j\u0119zyk, a to b\u0142\u0119dy na plakatach&#8230; Kochani, czy nie widzicie, \u017ce TVN (zw\u0142aszcza 24) karmi Was wy\u0142\u0105cznie tanimi efektami, byle tylko mia\u0142y posmak sensacji? Czy zauwa\u017cyli\u015bcie, \u017ce nie pokazano Wam fragment\u00f3w ze spotkania w restauracji, gdzie Donald Tusk odpowiada\u0142 na pytania, a Rados\u0142aw Sikorski na pytanie nie odpowiedzia\u0142? Czy pokazano Wam fragment, w kt\u00f3rym pan Tusk oceni\u0142, \u017ce Polacy to takie spo\u0142ecze\u0144stwo, kt\u00f3re do referendum nie p\u00f3jdzie, bo si\u0119 tym nie interesuje, a zatem ON pdj\u0105\u0142 za nie decyzj\u0119&#8230;? To tacy jeste\u015bcie patrioci, \u017ce europejska konstytucja jest Wam dro\u017csza, ni\u017c polska? Jak znacie histori\u0119 ostatniego dwudziestolecia? Wybrali\u015bcie PO i nie wiedzieli\u015bcie, \u017ce w\u0142a\u015bnie Donald Tusk bra\u0142 udzia\u0142 w obaleniu rz\u0105du Jana Olszewskiego, kt\u00f3ry to rz\u0105d, jako pierwszy po zawaleniu si\u0119 komunizmu chcia\u0142 dekomunizacji? Czy na jakimkolwiek spotkaniu z D. Tuskiem sta<span style=\"font-size: 11pt; font-family: Arial\" lang=\"PL\">\u0107 Was by\u0142o na odwag\u0119, by zapyta<span style=\"font-size: 11pt; font-family: Arial\" lang=\"PL\">\u0107, w czym rz\u0105d Olszewskiego by\u0142 tak zly, \u017ce trzeba go by\u0142o zmieni<span style=\"font-size: 11pt; font-family: Arial\" lang=\"PL\">\u0107 z dnia na dzie\u0144? Nie. I dlatego jest, jak jest. Problem, kt\u00f3ry Czesi, Niemcy, W\u0119grzy maj\u0105 ju\u017c dawno &#8221; z g\u0142owy&#8221;, pozostaje w Polsce problemem ci\u0105gle nierozwi\u0105zanym. A tzw. &#8222;po-komunistyczna&#8221;, wolna Polska\u00a0desygnowa\u0142a na prezydenta najpierw sprawc\u0119 stanu wojennego, a potem, gdy tw\u00f3rca Solidarno\u015bci nie sprawdzi\u0142 si\u0119, jako kolejny prezydent, wybra\u0142a i to na dwie kadencje postkomucha, a do rz\u0105dzenia desygnowa\u0142a postkomunistyczn\u0105 parti\u0119.\u00a0\u00a0Mamy efekty: beznadziejnie wynegocjowana Europa, beznadziejnie wynegocjowany Irak, przekr\u0119ty, machloje, sprzedane gazety, telewizja, huty, cementownie i&#8230;pokornie, schylona g\u0142owa przed Europ\u0105 i USA. \u017badnych korzy\u015bci. Przykre jest to, \u017ce jeste\u015bcie potwornie, do b\u00f3lu kr\u00f3tkowzroczni. Piel\u0119gniarki i lekarze, nauczyciele i policjanci prosz\u0105 o podwy\u017cki i&#8230;nic. Organizacje \u017cydowskie raz &#8222;poprosi\u0142y&#8221; pana Tuska na spotkanie w polskim konsulacie w Nowym Jorku i&#8230;od razu obieca\u0142, \u017ce b\u0119dzie zwraca\u0142 maj\u0105tki&#8230;75 miliard\u00f3w z\u0142otych!!! Kolejny cud, kolejne obiecanki. Czy\u017cby? Wyobra\u017acie sobie, \u017ce zak\u0142adacie w\u0142asn\u0105 rodzin\u0119. Macie j\u0105 i \u017cyjecie wed\u0142ug swoich, rodzinnych praw. Kto\u015b jednak ci\u0105gle usiluje narzuci<span style=\"font-size: 11pt; font-family: Arial\" lang=\"PL\">\u0107 wam swoje racje, prawa i zarz\u0105dzenia (wi\u0119kszo\u015bci ma\u0142\u017ce\u0144stw przeszkadza zwyk\u0142a te\u015bciowa). Kto\u015b m\u00f3wi wam, \u017ce trzeba si\u0119 pozbyt po\u0142owy maj\u0105tku, bo tak b\u0119dzie lepiej, kto\u015b dyktuje Wam, \u017ce nie mo\u017cecie sia<span style=\"font-size: 11pt; font-family: Arial\" lang=\"PL\">\u0107, hodowa<span style=\"font-size: 11pt; font-family: Arial\" lang=\"PL\">\u0107 byd\u0142a, sadzi<span style=\"font-size: 11pt; font-family: Arial\" lang=\"PL\">\u0107 las\u00f3w itp. I co, &#8211;\u00a0tak pokornie zgadzacie si\u0119? Czym tak bardziej od Was m\u0105drzejsi s\u0105 ci u w\u0142adzy, opr\u00f3cz tego, \u017ce s\u0105 u w\u0142adzy? To zwykli ludzie, tyle, \u017ce zmanierowani w\u0142adz\u0105. Polscy dyplomaci nie maj\u0105 \u017cadnego przygotowania dyplomatycznego, polscy szefowie kolejnych rz\u0105d\u00f3w, to zwykli dzia\u0142acze partyjni, a nie przygotowani do rz\u0105dzenia dyplomaci.<\/span><\/span><\/span><\/span><\/span><\/span><\/span><\/span><\/span><\/span><\/span><\/span><\/span><\/span><\/p>\n<p><span style=\"font-size: 11pt; font-family: Arial\" lang=\"PL\"><span style=\"font-size: 11pt; font-family: Arial\" lang=\"PL\"><span style=\"font-size: 11pt; font-family: Arial\" lang=\"PL\"><span style=\"font-size: 11pt; font-family: Arial\" lang=\"PL\"><span style=\"font-size: 11pt; font-family: Arial\" lang=\"PL\"><span style=\"font-size: 11pt; font-family: Arial\" lang=\"PL\"><span style=\"font-size: 11pt; font-family: Arial\" lang=\"PL\"><span style=\"font-size: 11pt; font-family: Arial\" lang=\"PL\"><span style=\"font-size: 11pt; font-family: Arial\" lang=\"PL\"><span style=\"font-size: 11pt; font-family: Arial\" lang=\"PL\"><span style=\"font-size: 11pt; font-family: Arial\" lang=\"PL\"><span style=\"font-size: 11pt; font-family: Arial\" lang=\"PL\"><span style=\"font-size: 11pt; font-family: Arial\" lang=\"PL\"><span style=\"font-size: 11pt; font-family: Arial\" lang=\"PL\">\u00a0A za co krytykujecie Poloni\u0119? Za b\u0142\u0119dy ortograficzne i literowe? Sp\u00f3jrzcie, jakie b\u0142\u0119dy robicie w swoich komentarzach. O ile m\u00f3wicie, \u017ce ci &#8222;tutaj&#8221; ju\u017c zapomnieli j\u0119zyka polskiego, to jak wyt\u0142umaczycie Wasz\u0105 ortografi\u0119? W takim razie uczcie si\u0119 ode mnie,- jestem w Stanach dwadzie\u015bcia lat i nie zapomnia\u0142em. Nie \u0142apcie si\u0119 skrajno\u015bci. A wiecie czego najbardziej mi \u017cal? M\u0142odego pokolenia Polak\u00f3w, kt\u00f3rzy gdy ockn\u0105 si\u0119 z irlanckiego snu i ob\u0142udnych &#8222;cud\u00f3w&#8221;, b\u0119d\u0105, niestety r\u0119k\u0119 trzymali g\u0142eboko w nocniku. A rz\u0105dz\u0105cy tymczasem tak si\u0119 ustawi\u0105, \u017ce nic im ju\u017c nie zagrozi, a najmniej bieda. Kiedy\u015b, jeden z najbardziej dowcipnych konferansjer\u00f3w rozpoczyna\u0142 od s\u0142\u00f3w: &#8222;gdy ma si\u0119 znajomo\u015bci u organizator\u00f3w koncertu, to si\u0119 ma miejsca w dobrym rz\u0119dzie, a gdy si\u0119 ma znajomych w rz\u0105dzie, to si\u0119 jest dobrze urzadzonym&#8221;. Nic si\u0119 nie zmieni\u0142o. A on to m\u00f3wi\u0142 przynajmniej 30-40 lat temu. Wyluzujcie troch\u0119 i zacznijcie si\u0119 zastanawia<span style=\"font-size: 11pt; font-family: Arial\" lang=\"PL\">\u0107 nad cudami, kt\u00f3rych nie ma, nad szybkim oddawaniem Polski obcym, nad\u00a0brakiem kontrakt\u00f3w\u00a0w Iraku, nad \u017c\u0105daniami Europy, ale te\u017c i nad tym, czy ci, kt\u00f3rzy nie ch\u0105 Polski odda<span style=\"font-size: 11pt; font-family: Arial\" lang=\"PL\">\u0107 tak o, za bezcen nie maj\u0105 jednak stuprocentowej racji.<\/span><\/span><\/span><\/span><\/span><\/span><\/span><\/span><\/span><\/span><\/span><\/span><\/span><\/span><\/span><\/span><\/p>\n","protected":false},"excerpt":{"rendered":"<p>Czytaj\u0105c komentarze Internaut\u00f3w do relacji z wizyty Donalda Tuska w USA trzeba by si\u0119 zastanowi\u0107, czy przypadkiem dezintegracja Polonii z Ojczyzn\u0105 nie sta\u0142a si\u0119 jednym z najwi\u0119kszych sukces\u00f3w komunist\u00f3w i obecnych ich mutant\u00f3w. Chyba, \u017ce\u00a0nienawi\u015b\u0107, ch\u0119\u0107 wykpienia za wszelk\u0105 cen\u0119, obrzucenia b\u0142otem jest tak przemo\u017cna w\u015br\u00f3d komentuj\u0105cych, \u017ce nie trzeba im by\u0142o ani Kiszczaka, ani [&hellip;]<\/p>\n","protected":false},"author":2,"featured_media":0,"comment_status":"open","ping_status":"open","sticky":false,"template":"","format":"standard","meta":[],"categories":[3],"tags":[],"_links":{"self":[{"href":"https:\/\/sporek.com\/blog\/index.php?rest_route=\/wp\/v2\/posts\/60"}],"collection":[{"href":"https:\/\/sporek.com\/blog\/index.php?rest_route=\/wp\/v2\/posts"}],"about":[{"href":"https:\/\/sporek.com\/blog\/index.php?rest_route=\/wp\/v2\/types\/post"}],"author":[{"embeddable":true,"href":"https:\/\/sporek.com\/blog\/index.php?rest_route=\/wp\/v2\/users\/2"}],"replies":[{"embeddable":true,"href":"https:\/\/sporek.com\/blog\/index.php?rest_route=%2Fwp%2Fv2%2Fcomments&post=60"}],"version-history":[{"count":0,"href":"https:\/\/sporek.com\/blog\/index.php?rest_route=\/wp\/v2\/posts\/60\/revisions"}],"wp:attachment":[{"href":"https:\/\/sporek.com\/blog\/index.php?rest_route=%2Fwp%2Fv2%2Fmedia&parent=60"}],"wp:term":[{"taxonomy":"category","embeddable":true,"href":"https:\/\/sporek.com\/blog\/index.php?rest_route=%2Fwp%2Fv2%2Fcategories&post=60"},{"taxonomy":"post_tag","embeddable":true,"href":"https:\/\/sporek.com\/blog\/index.php?rest_route=%2Fwp%2Fv2%2Ftags&post=60"}],"curies":[{"name":"wp","href":"https:\/\/api.w.org\/{rel}","templated":true}]}}