{"id":600,"date":"2019-05-05T00:57:25","date_gmt":"2019-05-05T04:57:25","guid":{"rendered":"http:\/\/sporek.com\/blog\/?p=600"},"modified":"2019-05-05T20:29:37","modified_gmt":"2019-05-06T00:29:37","slug":"absolutorium-nie","status":"publish","type":"post","link":"https:\/\/sporek.com\/blog\/?p=600","title":{"rendered":"Absolutorium? NIE!!!"},"content":{"rendered":"<p dir=\"ltr\" style=\"line-height: 1.38; margin-top: 0pt; margin-bottom: 0pt\"><span style=\"font-size: 10pt; font-family: Verdana; color: #000000; background-color: transparent; font-weight: 400; font-style: normal; font-variant: normal; text-decoration: none; vertical-align: baseline; white-space: pre-wrap\">Du\u017co si\u0119 niegdy\u015b m\u00f3wi\u0142o w naszej Unii Kredytowej o tzw. \u201ctransparentno\u015bci\u201d &#8211; czyli, m\u00f3wi\u0105c po polsku \u201cprzejrzysto\u015bci\u201d. Dok\u0142adnie to, czego w komentarzu do poprzedniego artyku\u0142u za\u017c\u0105da\u0142 pan Andrzej. Przejrzysto\u015b\u0107 w naszej Unii, to historia, \u017ceby nie powiedzie\u0107 pre-historia. By\u0142y kiedy\u015b spotkania rady dyrektor\u00f3w z cz\u0142onkami; dyskutowa\u0142o si\u0119, zadawa\u0142o si\u0119 pytania, &#8211; komu to przeszkadza\u0142o?<!--more--><\/span><\/p>\n<p><strong style=\"font-weight: normal\" id=\"docs-internal-guid-8ded1ba2-7fff-ba56-7863-6b05fba23cff\"><\/p>\n<p dir=\"ltr\" style=\"line-height: 1.38; margin-top: 0pt; margin-bottom: 0pt\"><span style=\"font-size: 10pt; font-family: Verdana; color: #000000; background-color: transparent; font-weight: 400; font-style: normal; font-variant: normal; text-decoration: none; vertical-align: baseline; white-space: pre-wrap\">Jak to, komu? Matyszczykowi i Chmielewskiemu. A, jak co\u015b komu\u015b nie pasuje, jak co\u015b komu\u015b przeszkadza, to musz\u0105 by\u0107, jakie\u015b przyczyny, ale my nie wiemy, o co chodzi, a jak nie wiadomo, o co chodzi, to chodzi o\u2026 &#8211; No, o co\u2026?. <\/span><\/p>\n<p dir=\"ltr\" style=\"line-height: 1.38; margin-top: 0pt; margin-bottom: 0pt\"><span style=\"font-size: 10pt; font-family: Verdana; color: #000000; background-color: transparent; font-weight: 400; font-style: normal; font-variant: normal; text-decoration: none; vertical-align: baseline; white-space: pre-wrap\">Mo\u017ce chodzi o jakiego\u015b mercedesa, a mo\u017ce jakie\u015b nieplanowane remonty, albo z\u0142ote klamki, lub takie\u017c sedesy w willi, kt\u00f3rego\u015b funkcyjnego \u2026? No, co\u015b musi by\u0107 na rzeczy. Cz\u0142onkowie czasem zadaj\u0105 trudne pytania, wi\u0119c mo\u017ce lepiej nie organizowa\u0107 tych spotka\u0144 informacyjnych\u2026<\/span><\/p>\n<p dir=\"ltr\" style=\"line-height: 1.38; margin-top: 0pt; margin-bottom: 0pt\"><span style=\"font-size: 10pt; font-family: Verdana; color: #000000; background-color: transparent; font-weight: 400; font-style: normal; font-variant: normal; text-decoration: none; vertical-align: baseline; white-space: pre-wrap\">Niedawno w Polsce by\u0142a afera, bo prezes banku ustawi\u0142 zarobki swojej tzw. Asystentki na poziomie, gdzie\u015b tak w okolicach 70 tysi\u0119cy z\u0142otych. Czy \u017c\u0105danie przejrzysto\u015bci nie by\u0142oby, jak najbardziej adekwatnym \u017c\u0105daniem? Babsko bra\u0142o wielokrotno\u015b\u0107 \u015bredniej, polskiej pensji przez spory kawa\u0142ek czasu i nie bardzo wiadomo, co ona takiego robi\u0142a, \u017ce zarabia\u0142a tak\u0105 fors\u0119. <\/span><\/p>\n<p dir=\"ltr\" style=\"line-height: 1.38; margin-top: 0pt; margin-bottom: 0pt\"><span style=\"font-size: 10pt; font-family: Verdana; color: #000000; background-color: transparent; font-weight: 400; font-style: normal; font-variant: normal; text-decoration: none; vertical-align: baseline; white-space: pre-wrap\">Przejrzysto\u015b\u0107. Po tej aferze pojawi\u0142 si\u0119 niewybredny dowcip o baknsterskich prezesach, ot\u00f3\u017c spotyka si\u0119 dw\u00f3ch prezes\u00f3w:<\/span><\/p>\n<p dir=\"ltr\" style=\"line-height: 1.38; margin-top: 0pt; margin-bottom: 0pt\"><span style=\"font-size: 10pt; font-family: Verdana; color: #000000; background-color: transparent; font-weight: 400; font-style: normal; font-variant: normal; text-decoration: none; vertical-align: baseline; white-space: pre-wrap\">-Podobno zatrudni\u0142e\u015b now\u0105 asystentk\u0119\u2026? Fachowiec?<\/span><\/p>\n<p dir=\"ltr\" style=\"line-height: 1.38; margin-top: 0pt; margin-bottom: 0pt\"><span style=\"font-size: 10pt; font-family: Verdana; color: #000000; background-color: transparent; font-weight: 400; font-style: normal; font-variant: normal; text-decoration: none; vertical-align: baseline; white-space: pre-wrap\">-Wiesz, jako fachowiec, to kompletna d\u2026, ale, jako d\u2026, to \u015bwietny fachowiec.<\/span><\/p>\n<p dir=\"ltr\" style=\"line-height: 1.38; margin-top: 0pt; margin-bottom: 0pt\"><span style=\"font-size: 10pt; font-family: Verdana; color: #000000; background-color: transparent; font-weight: 400; font-style: normal; font-variant: normal; text-decoration: none; vertical-align: baseline; white-space: pre-wrap\">No, i w\u0142a\u015bnie, &#8211; \u017ceby takie dowcipy nie rani\u0142y uczu\u0107 bankowych prezes\u00f3w, najlepiej przestrzega\u0107 przejrzysto\u015bci.<\/span><\/p>\n<p dir=\"ltr\" style=\"line-height: 1.38; margin-top: 0pt; margin-bottom: 0pt\"><span style=\"font-size: 10pt; font-family: Verdana; color: #000000; background-color: transparent; font-weight: 400; font-style: normal; font-variant: normal; text-decoration: none; vertical-align: baseline; white-space: pre-wrap\">A, my chcieliby\u015bmy wiedzie\u0107, ile naprawd\u0119 kosztowa\u0142y autobusy na spotkanie z prezydentem w Chicago?<\/span><\/p>\n<p dir=\"ltr\" style=\"line-height: 1.38; margin-top: 0pt; margin-bottom: 0pt\"><span style=\"font-size: 10pt; font-family: Verdana; color: #000000; background-color: transparent; font-weight: 400; font-style: normal; font-variant: normal; text-decoration: none; vertical-align: baseline; white-space: pre-wrap\">Chcieliby\u015bmy wiedzie\u0107, czy b\u0119d\u0105 podstawione autobusy do Fairfield na zebranie sprawozdawczo-wyborcze?<\/span><\/p>\n<p dir=\"ltr\" style=\"line-height: 1.38; margin-top: 0pt; margin-bottom: 0pt\"><span style=\"font-size: 10pt; font-family: Verdana; color: #000000; background-color: transparent; font-weight: 400; font-style: normal; font-variant: normal; text-decoration: none; vertical-align: baseline; white-space: pre-wrap\">Chcemy wiedzie\u0107, ile kosztowa\u0142o wynaj\u0119cie statku na rybo\u0142owienie z prezydentem Dud\u0105? I, czy to prawda, \u017ce ponad sto tysi\u0119cy dolar\u00f3w?<\/span><\/p>\n<p dir=\"ltr\" style=\"line-height: 1.38; margin-top: 0pt; margin-bottom: 0pt\"><span style=\"font-size: 10pt; font-family: Verdana; color: #000000; background-color: transparent; font-weight: 400; font-style: normal; font-variant: normal; text-decoration: none; vertical-align: baseline; white-space: pre-wrap\">Chcemy wiedzie\u0107, co zrobiono za cztery miliony dolar\u00f3w,w ramach remontu w siedzibie w Fairfield?<\/span><\/p>\n<p dir=\"ltr\" style=\"line-height: 1.38; margin-top: 0pt; margin-bottom: 0pt\"><span style=\"font-size: 10pt; font-family: Verdana; color: #000000; background-color: transparent; font-weight: 400; font-style: normal; font-variant: normal; text-decoration: none; vertical-align: baseline; white-space: pre-wrap\">Chcemy wiedzie\u0107, po co, na co i, dlaczego CEO za\u017c\u0105da\u0142 kolejnych czterech milion\u00f3w?<\/span><\/p>\n<p dir=\"ltr\" style=\"line-height: 1.38; margin-top: 0pt; margin-bottom: 0pt\"><span style=\"font-size: 10pt; font-family: Verdana; color: #000000; background-color: transparent; font-weight: 400; font-style: normal; font-variant: normal; text-decoration: none; vertical-align: baseline; white-space: pre-wrap\">Chcemy wiedzie\u0107 ile zarabia dyrektor wykonawczy i dlaczego dostaje nagrody \u015bwi\u0105teczne w wysoko\u015bci kilkunastokrotnie przekraczaj\u0105cej \u015bredni\u0105 p\u0142ac\u0119 w naszym banku? Stokro\u0107 przekraczaj\u0105ce och\u0142ap dla najlepszych student\u00f3w, szumnie nazywany <\/span><span style=\"font-size: 10pt; font-family: Verdana; color: #000000; background-color: transparent; font-weight: 400; font-style: normal; font-variant: normal; text-decoration: none; vertical-align: baseline; white-space: pre-wrap\"><br \/>\n<\/span><span style=\"font-size: 10pt; font-family: Verdana; color: #000000; background-color: transparent; font-weight: 400; font-style: normal; font-variant: normal; text-decoration: none; vertical-align: baseline; white-space: pre-wrap\">\u201cstypendium\u201d. Swoj\u0105 drog\u0105, ile on tych bonus\u00f3w zachapa\u0142?<\/span><\/p>\n<p dir=\"ltr\" style=\"line-height: 1.38; margin-top: 0pt; margin-bottom: 0pt\"><span style=\"font-size: 10pt; font-family: Verdana; color: #000000; background-color: transparent; font-weight: 400; font-style: normal; font-variant: normal; text-decoration: none; vertical-align: baseline; white-space: pre-wrap\">Chcemy wiedzie\u0107 ile ostatecznie otrzyma\u0142 zesp\u00f3\u0142 Golec Uorkiestra, czy te\u017c fundacja tego zespo\u0142u? Chcemy to wiedzie\u0107, bo polonijni instruktorzy opiekuj\u0105cy si\u0119 polonijn\u0105 m\u0142odzie\u017c\u0105, zmuszani s\u0105 do zgi\u0119tych w p\u00f3\u0142 podzi\u0119kowa\u0144, za och\u0142apy. Co z tego, \u017ce tysi\u0105c, dwa, mo\u017ce czasem trzy i cztery tysi\u0105ce? C\u00f3\u017c mo\u017cna zrobi\u0107 za takie, g\u00f3wniane pieni\u0105dze w ci\u0105gu roku? A oni po\u015bwi\u0119caj\u0105 \u017cycie rodzinne talent, czas, energi\u0119, zapa\u0142. Ich mi\u0142o\u015b\u0107 do pracy, zaanga\u017cowanie, nie pozwala im na krytyczne spojrzenie. &#8222;Unia da\u0142, &#8211; wspaniale&#8221;. <\/span><\/p>\n<p dir=\"ltr\" style=\"line-height: 1.38; margin-top: 0pt; margin-bottom: 0pt\"><span style=\"font-size: 10pt; font-family: Verdana; color: #000000; background-color: transparent; font-weight: 400; font-style: normal; font-variant: normal; text-decoration: none; vertical-align: baseline; white-space: pre-wrap\">Chcemy wiedzie\u0107, bo jak maj\u0105 dzia\u0142a\u0107 polonijne ch\u00f3ry, skoro nawet na jubileusz 30-lecia jeden z najlepszych ch\u00f3r\u00f3w polonijnych otrzyma\u0142 ja\u0142mu\u017cn\u0119 w wysoko\u015bci tysi\u0105ca dolar\u00f3w. <\/span><\/p>\n<p dir=\"ltr\" style=\"line-height: 1.38; margin-top: 0pt; margin-bottom: 0pt\"><span style=\"font-size: 10pt; font-family: Verdana; color: #000000; background-color: transparent; font-weight: 400; font-style: normal; font-variant: normal; text-decoration: none; vertical-align: baseline; white-space: pre-wrap\">To, \u017ce Matyszczyk i Chmielewski nie s\u0105 \u017cadnymi patronami polonijnej kultury jest mi wiadomo od dawna, ale, \u017ce klaszcze im, co najmniej sze\u015bcioro dyrektor\u00f3w, to jest po prostu oburzaj\u0105ce. Czy ci ludzie pozbawieni s\u0105 sumie\u0144, czy zlasowa\u0142y si\u0119 im m\u00f3zgi? Gdzie jest ich uczciwo\u015b\u0107? Czy tak \u0142atwo jest si\u0119 sprzeda\u0107 za wyjazd do Singapuru, do Polski na kilka fajnych dni w wysoko standardowych hotelach, za kateringi raz w miesi\u0105cu, za u\u015bmiech prezesa? Wstyd\u017acie si\u0119. To po to was wybrano, \u017ceby\u015bcie przytakiwali prezesowi, \u017ceby\u015bcie przestali my\u015ble\u0107, \u017ceby\u015bcie si\u0119 pozbawili zwyk\u0142ej, ludzkiej uczciwo\u015bci? Z powodzeniem mogli\u015bmy desygnowa\u0107 na wasze funkcje zwyk\u0142ych, bezmy\u015blnych mieszka\u0144c\u00f3w parku, albo tych spod Brooklyn Bridge. Po\u0142owa z was nie umie czyta\u0107 raport\u00f3w finansowych, taka sama liczba ledwie kleci zdania w j\u0119zyku angielskim i najlepiej wam wychodzi: <\/span><span style=\"font-size: 10pt; font-family: Verdana; color: #000000; background-color: transparent; font-weight: 400; font-style: italic; font-variant: normal; text-decoration: none; vertical-align: baseline; white-space: pre-wrap\">tak jest, panie prezesie, racja, panie prezesie, s\u0142usznie, panie prezesie. Panie, jedynie s\u0142uszny prezesie.<\/span><\/p>\n<p dir=\"ltr\" style=\"line-height: 1.38; margin-top: 0pt; margin-bottom: 0pt\"><span style=\"font-size: 10pt; font-family: Verdana; color: #000000; background-color: transparent; font-weight: 400; font-style: normal; font-variant: normal; text-decoration: none; vertical-align: baseline; white-space: pre-wrap\">Wydali\u015bcie setki tysi\u0119cy dolar\u00f3w, \u017ceby unikn\u0105\u0107 zebrania informacyjnego. Zgadzali\u015bcie si\u0119 na zatrudnianie prawnik\u00f3w z zewn\u0105trz, cho\u0107 Unia zatrudnia \u00a0radc\u0119 prawnego za ci\u0119\u017ckie pieni\u0105dze, zgodzili\u015bcie si\u0119 na marnotrawienie pieni\u0119dzy cz\u0142onk\u00f3w, za kt\u00f3re jeste\u015bcie odpowiedzialni. Czy w naszej tzw. &#8222;sp\u00f3\u0142dzielni b ankowej&#8221; jest jaka\u015b komisja rewizyjna? Oczywi\u015bcie, \u017ce jest, &#8211; sami kumple z wycieczek.<\/span><\/p>\n<p dir=\"ltr\" style=\"line-height: 1.38; margin-top: 0pt; margin-bottom: 0pt\"><span style=\"font-size: 10pt; font-family: Verdana; color: #000000; background-color: transparent; font-weight: 400; font-style: normal; font-variant: normal; text-decoration: none; vertical-align: baseline; white-space: pre-wrap\">Kupa tch\u00f3rzy, zaprza\u0144c\u00f3w, lizus\u00f3w, s\u0142ugus\u00f3w. Nie macie poj\u0119cia, po co jeste\u015bcie w tej radzie. Zaimponowa\u0142 wam ten okr\u0105g\u0142y st\u00f3\u0142, \u017carcie, u\u015bmiechy prezesa i zgoda na bezmy\u015blno\u015b\u0107.<\/span><\/p>\n<p dir=\"ltr\" style=\"line-height: 1.38; margin-top: 0pt; margin-bottom: 0pt\"><span style=\"font-size: 10pt; font-family: Verdana; color: #000000; background-color: transparent; font-weight: 400; font-style: normal; font-variant: normal; text-decoration: none; vertical-align: baseline; white-space: pre-wrap\">U MNIE NIE MACIE ABSOLUTORIUM.<\/span><\/p>\n<p dir=\"ltr\" style=\"line-height: 1.38; margin-top: 0pt; margin-bottom: 0pt\"><span style=\"font-size: 10pt; font-family: Verdana; color: #000000; background-color: transparent; font-weight: 400; font-style: normal; font-variant: normal; text-decoration: none; vertical-align: baseline; white-space: pre-wrap\">Kto z was zapyta\u0142, dlaczego Nowy Jork obs\u0142uguje po\u017cyczki w Chicago? Kto zaprotestowa\u0142 przeciwko ponad p\u00f3\u0142 milionowej forsie dla Golc\u00f3w, kto z was zaprotestowa\u0142 przeciwko czterem milionom dolar\u00f3w na remont w Fairfield i kto za\u017c\u0105da\u0142 dokument\u00f3w, co zosta\u0142o za te horrendalne pieni\u0105dze wykonane? A mo\u017ce przy okazji, jaki\u015b remoncik u \u201czas\u0142u\u017conego\u201d kacyka? Ludzie, za cztery miliony mo\u017cna postawi\u0107 now\u0105 cha\u0142up\u0119 z najwspanialszymi udogodnieniami, mo\u017cna t\u0119 cha\u0142up\u0119 wyposa\u017cy\u0107 w najnowocze\u015bniejszy sprz\u0119t do przeprowadzania operacji bankowych. Co tam jest w tym Fairfield? Ale, pewnie si\u0119 nie dowiemy, bo zebranie z ca\u0142\u0105 pewno\u015bci\u0105 odb\u0119dzie si\u0119 w namiocie, &#8211; ulubionym obiekcie naszych \u201cwezyr\u00f3w\u201d, &#8211; prawie szejkow.<\/span><\/p>\n<p dir=\"ltr\" style=\"line-height: 1.38; margin-top: 0pt; margin-bottom: 0pt\"><span style=\"font-size: 10pt; font-family: Verdana; color: #000000; background-color: transparent; font-weight: 400; font-style: normal; font-variant: normal; text-decoration: none; vertical-align: baseline; white-space: pre-wrap\">Ponad 160 milion\u00f3w kapita\u0142u, i co z tego ma Polonia? G\u2026. <\/span><\/p>\n<p dir=\"ltr\" style=\"line-height: 1.38; margin-top: 0pt; margin-bottom: 0pt\"><span style=\"font-size: 10pt; font-family: Verdana; color: #000000; background-color: transparent; font-weight: 400; font-style: normal; font-variant: normal; text-decoration: none; vertical-align: baseline; white-space: pre-wrap\">Co z tego maj\u0105 \u201cMrowki\u201d w okienkach i za biurkami? G\u2026<\/span><\/p>\n<p dir=\"ltr\" style=\"line-height: 1.38; margin-top: 0pt; margin-bottom: 0pt\"><span style=\"font-size: 10pt; font-family: Verdana; color: #000000; background-color: transparent; font-weight: 400; font-style: normal; font-variant: normal; text-decoration: none; vertical-align: baseline; white-space: pre-wrap\">Ale 150 tysi\u0119cy lekk\u0105 r\u0119k\u0105 na Instytut Politologii w Waszyngtonie; &#8211; po co? Co ma z tego Polonia?<\/span><\/p>\n<p dir=\"ltr\" style=\"line-height: 1.38; margin-top: 0pt; margin-bottom: 0pt\"><span style=\"font-size: 10pt; font-family: Verdana; color: #000000; background-color: transparent; font-weight: 400; font-style: normal; font-variant: normal; text-decoration: none; vertical-align: baseline; white-space: pre-wrap\">Unia kompletnie nie bierze udzia\u0142u w budowaniu polonijnego lobby. Nie ma na to \u017cadnego planu. Zamiast absolutnie bezcelowego \u201cwyk\u0142adu\u201d Chmielewskiego w Lublinie mo\u017cna by\u0142o zorganizowa\u0107 konferencj\u0119 na temat Ustawy S447. Unia, w najmniejszym nawet stopniu nie przy\u0142\u0105czy\u0142a si\u0119 do obrony Pomnika Katy\u0144skiego w Jersey City. Polityka interesuje naszych bankster\u00f3w tylko na wynaj\u0119tych stateczkach z w\u0119dkami w r\u0119kach. Nic z tego nie wynika, a pytanie nasuwa si\u0119 jedno: skoro politycy z Warszawy, tak ch\u0119tnie kumaj\u0105 si\u0119 z naszymi kacykami, to, czy maj\u0105 z tego, jakie\u015b korzy\u015bci?<\/span><\/p>\n<p dir=\"ltr\" style=\"line-height: 1.38; margin-top: 0pt; margin-bottom: 0pt\"><span style=\"font-size: 10pt; font-family: Verdana; color: #000000; background-color: transparent; font-weight: 400; font-style: normal; font-variant: normal; text-decoration: none; vertical-align: baseline; white-space: pre-wrap\">Pr\u0119dzej, czy p\u00f3\u017aniej padnie i ta konstrukcja na gumowych s\u0142upach, tak, jak upad\u0142 niezniszczalny komunizm, jak przegra\u0142 Hitler, jak upad\u0142 Napoleon, Cezar i wszyscy, nielicz\u0105cy si\u0119 z \u201cpoddanymi\u201d g\u0142upcy, kt\u00f3rzy uwa\u017caj\u0105, \u017ce maj\u0105 monopol na m\u0105dro\u015b\u0107, nieomylno\u015b\u0107, \u017ce wolno im wszystko.<\/span><\/p>\n<p dir=\"ltr\" style=\"line-height: 1.38; margin-top: 0pt; margin-bottom: 0pt\"><span style=\"font-size: 10pt; font-family: Verdana; color: #000000; background-color: transparent; font-weight: 400; font-style: normal; font-variant: normal; text-decoration: none; vertical-align: baseline; white-space: pre-wrap\">NIE, NIE WOLNO WAM WSZYSTKIEGO. POWTARZAM: <\/span><\/p>\n<p dir=\"ltr\" style=\"line-height: 1.38; margin-top: 0pt; margin-bottom: 0pt\"><span style=\"font-size: 10pt; font-family: Verdana; color: #000000; background-color: transparent; font-weight: 700; font-style: normal; font-variant: normal; text-decoration: none; vertical-align: baseline; white-space: pre-wrap\">B\u0118D\u0118 G\u0141OSOWA\u0141 PRZECIWKO PRZYZNANIU WAM ABSOLUTORIUM.<\/span><\/p>\n<p><\/strong><br class=\"Apple-interchange-newline\" \/><\/p>\n","protected":false},"excerpt":{"rendered":"<p>Du\u017co si\u0119 niegdy\u015b m\u00f3wi\u0142o w naszej Unii Kredytowej o tzw. \u201ctransparentno\u015bci\u201d &#8211; czyli, m\u00f3wi\u0105c po polsku \u201cprzejrzysto\u015bci\u201d. Dok\u0142adnie to, czego w komentarzu do poprzedniego artyku\u0142u za\u017c\u0105da\u0142 pan Andrzej. Przejrzysto\u015b\u0107 w naszej Unii, to historia, \u017ceby nie powiedzie\u0107 pre-historia. By\u0142y kiedy\u015b spotkania rady dyrektor\u00f3w z cz\u0142onkami; dyskutowa\u0142o si\u0119, zadawa\u0142o si\u0119 pytania, &#8211; komu to przeszkadza\u0142o?<\/p>\n","protected":false},"author":2,"featured_media":0,"comment_status":"open","ping_status":"open","sticky":false,"template":"","format":"standard","meta":[],"categories":[3],"tags":[],"_links":{"self":[{"href":"https:\/\/sporek.com\/blog\/index.php?rest_route=\/wp\/v2\/posts\/600"}],"collection":[{"href":"https:\/\/sporek.com\/blog\/index.php?rest_route=\/wp\/v2\/posts"}],"about":[{"href":"https:\/\/sporek.com\/blog\/index.php?rest_route=\/wp\/v2\/types\/post"}],"author":[{"embeddable":true,"href":"https:\/\/sporek.com\/blog\/index.php?rest_route=\/wp\/v2\/users\/2"}],"replies":[{"embeddable":true,"href":"https:\/\/sporek.com\/blog\/index.php?rest_route=%2Fwp%2Fv2%2Fcomments&post=600"}],"version-history":[{"count":0,"href":"https:\/\/sporek.com\/blog\/index.php?rest_route=\/wp\/v2\/posts\/600\/revisions"}],"wp:attachment":[{"href":"https:\/\/sporek.com\/blog\/index.php?rest_route=%2Fwp%2Fv2%2Fmedia&parent=600"}],"wp:term":[{"taxonomy":"category","embeddable":true,"href":"https:\/\/sporek.com\/blog\/index.php?rest_route=%2Fwp%2Fv2%2Fcategories&post=600"},{"taxonomy":"post_tag","embeddable":true,"href":"https:\/\/sporek.com\/blog\/index.php?rest_route=%2Fwp%2Fv2%2Ftags&post=600"}],"curies":[{"name":"wp","href":"https:\/\/api.w.org\/{rel}","templated":true}]}}