{"id":61,"date":"2008-03-25T23:36:57","date_gmt":"2008-03-26T03:36:57","guid":{"rendered":"http:\/\/sporek.com\/blog\/?p=61"},"modified":"2008-03-25T23:36:57","modified_gmt":"2008-03-26T03:36:57","slug":"modlitwa-wielkanocna-2008","status":"publish","type":"post","link":"https:\/\/sporek.com\/blog\/?p=61","title":{"rendered":"Modlitwa Wielkanocna-2008"},"content":{"rendered":"<p><font face=\"Verdana\"><em>Drogi Czytelniku, do\u0142\u0105cz do mojej Modlitwy i dopisz swoje linijki, jako &#8222;komentarz&#8221;, a ja uzupe\u0142ni\u0119 w tek\u015bcie na stronie.<\/em><\/font><\/p>\n<p><font face=\"Verdana\"><strong>Modlitwa Wielkanocna-2008<\/strong>\u00a0<\/font><\/p>\n<p><font face=\"Verdana\">Chryste Zmartwychwsta\u0142y spraw, aby \u015bwiat si\u0119 zmieni\u0142;<\/font><\/p>\n<p><font face=\"Verdana\">&#8211;<strong>Daj nam m\u0105drych polityk\u00f3w.<\/strong><\/font><\/p>\n<p><font face=\"Verdana\">Daj nam cho\u0107 tydzie\u0144 bez wojny;<\/font><\/p>\n<p><font face=\"Verdana\">Spraw, by g\u0142odni byli syci, spraw by biedni mieli fors\u0119.<\/font><\/p>\n<p><font face=\"Verdana\">Ryba psuje si\u0119 od g\u0142owy,- nar\u00f3d od\u00a0rz\u0105dz\u0105cych gnije;<\/font><\/p>\n<p><font face=\"Verdana\"><strong>-Daj nam m\u0105drych polityk\u00f3w.<\/strong><\/font><\/p>\n<p><font face=\"Verdana\">Daj nam si\u0142y, dobry Bo\u017ce,<\/font><\/p>\n<p><font face=\"Verdana\">aby przetrwa\u0107 ich g\u0142upot\u0119, k\u0142amstwa, szwindle i przekr\u0119ty,<\/font><\/p>\n<p><font face=\"Verdana\">daj nam zdrowie, bo oni maj\u0105 to gdzie\u015b.<\/font><\/p>\n<p><font face=\"Verdana\">Nape\u0142nij Chryste, ich\u00a0cia\u0142a sumieniem.<\/font><\/p>\n<p><font face=\"Verdana\">&#8211;<strong>Daj nam m\u0105drych polityk\u00f3w.<\/strong><\/font><\/p>\n","protected":false},"excerpt":{"rendered":"<p>Drogi Czytelniku, do\u0142\u0105cz do mojej Modlitwy i dopisz swoje linijki, jako &#8222;komentarz&#8221;, a ja uzupe\u0142ni\u0119 w tek\u015bcie na stronie. Modlitwa Wielkanocna-2008\u00a0 Chryste Zmartwychwsta\u0142y spraw, aby \u015bwiat si\u0119 zmieni\u0142; &#8211;Daj nam m\u0105drych polityk\u00f3w. Daj nam cho\u0107 tydzie\u0144 bez wojny; Spraw, by g\u0142odni byli syci, spraw by biedni mieli fors\u0119. Ryba psuje si\u0119 od g\u0142owy,- nar\u00f3d od\u00a0rz\u0105dz\u0105cych [&hellip;]<\/p>\n","protected":false},"author":2,"featured_media":0,"comment_status":"open","ping_status":"open","sticky":false,"template":"","format":"standard","meta":[],"categories":[1],"tags":[],"_links":{"self":[{"href":"https:\/\/sporek.com\/blog\/index.php?rest_route=\/wp\/v2\/posts\/61"}],"collection":[{"href":"https:\/\/sporek.com\/blog\/index.php?rest_route=\/wp\/v2\/posts"}],"about":[{"href":"https:\/\/sporek.com\/blog\/index.php?rest_route=\/wp\/v2\/types\/post"}],"author":[{"embeddable":true,"href":"https:\/\/sporek.com\/blog\/index.php?rest_route=\/wp\/v2\/users\/2"}],"replies":[{"embeddable":true,"href":"https:\/\/sporek.com\/blog\/index.php?rest_route=%2Fwp%2Fv2%2Fcomments&post=61"}],"version-history":[{"count":0,"href":"https:\/\/sporek.com\/blog\/index.php?rest_route=\/wp\/v2\/posts\/61\/revisions"}],"wp:attachment":[{"href":"https:\/\/sporek.com\/blog\/index.php?rest_route=%2Fwp%2Fv2%2Fmedia&parent=61"}],"wp:term":[{"taxonomy":"category","embeddable":true,"href":"https:\/\/sporek.com\/blog\/index.php?rest_route=%2Fwp%2Fv2%2Fcategories&post=61"},{"taxonomy":"post_tag","embeddable":true,"href":"https:\/\/sporek.com\/blog\/index.php?rest_route=%2Fwp%2Fv2%2Ftags&post=61"}],"curies":[{"name":"wp","href":"https:\/\/api.w.org\/{rel}","templated":true}]}}