{"id":62,"date":"2008-03-26T09:59:10","date_gmt":"2008-03-26T13:59:10","guid":{"rendered":"http:\/\/sporek.com\/blog\/?p=62"},"modified":"2008-03-26T16:38:45","modified_gmt":"2008-03-26T20:38:45","slug":"grzecznosc-czy-kompleks","status":"publish","type":"post","link":"https:\/\/sporek.com\/blog\/?p=62","title":{"rendered":"Grzeczno\u015b\u0107, czy kompleks&#8230;?"},"content":{"rendered":"<p><span style=\"font-size: 11pt; font-family: Arial\" lang=\"PL\">Gej te\u017c cz\u0142owiek, to pewne i\u00a0nie o gejach b\u0119dzie, a o dziwnych cechach przedstawicieli polskiej dyplomacji i nie tylko. Przecieram oczy\u00a0ze zdumienia czytaj\u0105c notatk\u0119 w Nowym Dzienniku i wierzy\u0107 mi si\u0119 nie chce, \u017ce Konsul RP deklaruje ch\u0119\u0107\u00a0&#8222;wyja\u015bnienia&#8221; sprawy z nowojorskim gejem, kt\u00f3ry poczu\u0142 sie obra\u017cony przez prezydenta RP, Lecha Kaczy\u0144skiego. Nasz konsul deklaruje r\u00f3wnie\u017c ch\u0119\u0107\u00a0 spotkania z szerszym gronem &#8222;inaczej kochaj\u0105cych pan\u00f3w i pa\u0144&#8221;, aby rozmawia\u0107\u00a0 o rzekomej dyskryminacji gej\u00f3w i lesbijek w Polsce. <!--more-->Nie wiem, jaki by\u0142 komentarz Redaktora Naczelnego NDz., cytowany przez New York Times, wiem natomiast, \u017ce jest\u00a0to upodlaj\u0105ce,\u00a0gdy New York Times nie reaguje na przyk\u0142ad na fakt przyjazdu do Nowego Jorku wybitnego, polskiego artysty, (nie spotka\u0142em te\u017c najmniejszej wzmianki o historycznym sukcesie p\u0142yty z muzyk\u0105 Pendereckiego w wykonaniu Bili\u0144skiej i Piekutowskiej na Mi\u0119dzynarodowych Targach Muzycznych MIDEM, w Cannes, \u017caden z krytyk\u00f3w nie pofatygowa\u0142 si\u0119 te\u017c do Katedry na polski koncert, nie by\u0142o ich na polsko-greckim koncercie w Carnegie itd. itp.), ale natychmiast zaprasza przedstawicieli naszej nacji do wypowiedzi o ubli\u017ceniu gejowi, &#8211; (a mo\u017ce bardziej skrytykowania polskiego prezydenta&#8230;?). I my lecimy, jak muchy na lep, aby&#8230;zaistnie\u0107\u00a0 w NYT-sie. Wiem te\u017c, \u017ce\u00a0panowie Brendon Fay i jego wsp\u00f3\u0142ma\u0142\u017conek sami narobili sporo szumu wok\u00f3\u0142 swojego \u015blubu udost\u0119pniaj\u0105c zdj\u0119cia z tej uroczysto\u015bci mediom, co spowodowa\u0142o, \u017ce\u00a0obieg\u0142y one\u00a0ca\u0142y \u015bwiat. Tym samym zrobili z siebie tzw. osoby publiczne. W czym wi\u0119c problem teraz?<\/span><\/p>\n<p><span style=\"font-size: 11pt; font-family: Arial\" lang=\"PL\">Pomijam wszelkie konwenanse, czy b\u0142\u0105d prezydenta ma &#8222;naprawia\u0107 &#8221; &#8211; i jak konsul, czy nie; czy naczelny gazety ma si\u0119 ustosunkowywa\u0107\u00a0 do zachowa\u0144 prezydenta, czy nie; zastanawia mnie dziwne uleganie zewn\u0119trznej krytyce. Dzieje si\u0119 co\u015b niezwykle \u015bmiesznego; oto nowojorski gej proponuje naszemu Konsulowi spotkanie n\/t sytuacji mniejszo\u015bci seksualnych w Polsce&#8230; Tylko patrze\u0107, a b\u0119dziemy mie\u0107\u00a0 mi\u0119dzynarodowy problem. I\u00a0Konsul si\u0119 zgadza; dzwoni, pisze, obiecuje spotkania. Nie \u017cycz\u0119 naszemu Konsulowi, aby za bardzo si\u0119 zapl\u0105ta\u0142 w\u00a0ca\u0142e to &#8222;naprawianie&#8221; <em>prezydenckiej wpadki.<\/em> Jako\u015b nie wyobra\u017cam sobie tytu\u0142u np. w New York Times : &#8222;Polski Konsul przekona\u0142 organizator\u00f3w parady \u015aw. Patryka&#8230;&#8221;, (patrz ni\u017cej),\u00a0albo: &#8222;Naczelny Nowego Dziennika, Naczelnym New York Time&#8217;sa&#8221;.<\/span><\/p>\n<p><span style=\"font-size: 11pt; font-family: Arial\" lang=\"PL\"><span style=\"font-size: 11pt; font-family: Arial\" lang=\"PL\">W ca\u0142ym tym zamieszaniu, spowodowanym skarg\u0105 obra\u017conego geja,\u00a0konieczno\u015bci\u0105 zabierania g\u0142osu, byle tylko by\u0142o przeciwko Kaczy\u0144skiemu, zapomniano\u00a0o jednym: Pan Brendon Fay od kilku lat stara si\u0119 o zgod\u0119 organizator\u00f3w\u00a0Parady \u015aw. Patryka. na udzia\u0142 nowojorskich gej\u00f3w i lesbijek w tym g\u0142\u00f3wnym, nowojorskim marszu po Pi\u0105tej Alei. Od kilku lat organizatorzy takiej zgody mu nie daj\u0105 i nikomu nie wpad\u0142o do g\u0142owy, aby og\u0142asza\u0107\u00a0 na ca\u0142y \u015bwiat, \u017ce nowojorski gej jest \u015bmiertelnie ura\u017cony. <\/span><\/span><span style=\"font-size: 11pt; font-family: Arial\" lang=\"PL\"><span style=\"font-size: 11pt; font-family: Arial\" lang=\"PL\">Grzeczno\u015b\u0107 to, czy kompleks jaki\u015b? Bo mo\u017cna by si\u0119 spodziewa\u0107, \u017ce zar\u00f3wno Konsul, jak i Naczelny NDz. mogli po prostu da\u0107 panu Fay i dziennikarzom z NYT-sa telefon do szefa Kancelarii Prezydenta. Czy si\u0119 myl\u0119?<\/span><\/span><\/p>\n","protected":false},"excerpt":{"rendered":"<p>Gej te\u017c cz\u0142owiek, to pewne i\u00a0nie o gejach b\u0119dzie, a o dziwnych cechach przedstawicieli polskiej dyplomacji i nie tylko. Przecieram oczy\u00a0ze zdumienia czytaj\u0105c notatk\u0119 w Nowym Dzienniku i wierzy\u0107 mi si\u0119 nie chce, \u017ce Konsul RP deklaruje ch\u0119\u0107\u00a0&#8222;wyja\u015bnienia&#8221; sprawy z nowojorskim gejem, kt\u00f3ry poczu\u0142 sie obra\u017cony przez prezydenta RP, Lecha Kaczy\u0144skiego. Nasz konsul deklaruje r\u00f3wnie\u017c [&hellip;]<\/p>\n","protected":false},"author":2,"featured_media":0,"comment_status":"open","ping_status":"open","sticky":false,"template":"","format":"standard","meta":[],"categories":[1],"tags":[],"_links":{"self":[{"href":"https:\/\/sporek.com\/blog\/index.php?rest_route=\/wp\/v2\/posts\/62"}],"collection":[{"href":"https:\/\/sporek.com\/blog\/index.php?rest_route=\/wp\/v2\/posts"}],"about":[{"href":"https:\/\/sporek.com\/blog\/index.php?rest_route=\/wp\/v2\/types\/post"}],"author":[{"embeddable":true,"href":"https:\/\/sporek.com\/blog\/index.php?rest_route=\/wp\/v2\/users\/2"}],"replies":[{"embeddable":true,"href":"https:\/\/sporek.com\/blog\/index.php?rest_route=%2Fwp%2Fv2%2Fcomments&post=62"}],"version-history":[{"count":0,"href":"https:\/\/sporek.com\/blog\/index.php?rest_route=\/wp\/v2\/posts\/62\/revisions"}],"wp:attachment":[{"href":"https:\/\/sporek.com\/blog\/index.php?rest_route=%2Fwp%2Fv2%2Fmedia&parent=62"}],"wp:term":[{"taxonomy":"category","embeddable":true,"href":"https:\/\/sporek.com\/blog\/index.php?rest_route=%2Fwp%2Fv2%2Fcategories&post=62"},{"taxonomy":"post_tag","embeddable":true,"href":"https:\/\/sporek.com\/blog\/index.php?rest_route=%2Fwp%2Fv2%2Ftags&post=62"}],"curies":[{"name":"wp","href":"https:\/\/api.w.org\/{rel}","templated":true}]}}