{"id":622,"date":"2020-05-01T19:29:04","date_gmt":"2020-05-01T23:29:04","guid":{"rendered":"http:\/\/sporek.com\/blog\/?p=622"},"modified":"2020-05-01T22:31:28","modified_gmt":"2020-05-02T02:31:28","slug":"czy-bylo-inne-wyjscie%e2%80%a6","status":"publish","type":"post","link":"https:\/\/sporek.com\/blog\/?p=622","title":{"rendered":"Czy by\u0142o inne wyj\u015bcie\u2026?"},"content":{"rendered":"<p><span id=\"docs-internal-guid-8349518d-7fff-34f8-a1e1-62284127417c\"><\/span><\/p>\n<p dir=\"ltr\" style=\"line-height: 1.38; margin-top: 12pt; margin-bottom: 0pt\"><span style=\"background-color: transparent; font-family: Verdana; font-size: 10pt; white-space: pre-wrap\">Wiem, \u017ce coronavirus jest, wiem, \u017ce ludzie umieraj\u0105, wiem, \u017ce znowu b\u0119d\u0119 wyszydzony, wykpiony, zakrzyczany przez &#8222;m\u0105drzejszych&#8221;, tylko wyja\u015bnijcie mi prosz\u0119 jedn\u0105 rzecz:, DLACZEGO WYPOWIEDZI i OPINIE FACHOWC\u00d3W, NAUKOWC\u00d3W, W TYM LEKARZY, S\u0104 TRAKTOWANE, JAKO TEORIE SPISKOWE, A O WSZYSTKIM<!--more--> OD SAMEGO POCZ\u0104TKU DECYDUJ\u0104 POLITYCY?  Niekoniecznie dobrze wykszta\u0142ceni, niekoniecznie specjali\u015bci? <\/span><span style=\"font-family: Verdana; font-size: 13.3333px; white-space: pre-wrap\">&#8211; DLACZEGO NIE WOLNO MIE\u0106 ODR\u0118BNEGO ZDANIA, MY\u015aLE\u0106 INACZEJ&#8230;? <\/span><span style=\"background-color: transparent; font-family: Verdana; font-size: 10pt; white-space: pre-wrap\">A do tego media, kt\u00f3re s\u0105 wy\u0142\u0105cznie na us\u0142ugach polityk\u00f3w.<\/span><\/p>\n<p dir=\"ltr\" style=\"line-height: 1.38; margin-top: 0pt; margin-bottom: 0pt\"><span style=\"font-size: 10pt; font-family: Verdana; background-color: transparent; font-variant-numeric: normal; font-variant-east-asian: normal; vertical-align: baseline; white-space: pre-wrap\">Prosz\u0119 nie piszcie o mnie, &#8211; wyr\u0119cz\u0119 Was: wiem, \u017ce jestem niecywilizowanym idiot\u0105, debilem, wariatem, ekstremist\u0105, lewicowcem, prawicowcem, \u017cydofobem, rusofobem, ksenofobem, homofobem (tylko nie peda\u0142em), &#8211; Prosz\u0119, &#8211; napiszcie tylko, dlaczego \u015bwiat stan\u0105\u0142 na g\u0142owie? I pytanie, kt\u00f3re zada\u0142 mi m\u00f3j ci\u0119\u017cko chory na serce, samotny przyjaciel, z New Jersey, <\/span><span style=\"font-size: 10pt; font-family: Verdana; background-color: transparent; font-style: italic; font-variant-numeric: normal; font-variant-east-asian: normal; vertical-align: baseline; white-space: pre-wrap\">\u015bwie\u017co po operacji na otwartym sercu<\/span><span style=\"font-size: 10pt; font-family: Verdana; background-color: transparent; font-variant-numeric: normal; font-variant-east-asian: normal; vertical-align: baseline; white-space: pre-wrap\">: <\/span><span style=\"font-size: 10pt; font-family: Verdana; background-color: transparent; font-weight: 700; font-variant-numeric: normal; font-variant-east-asian: normal; vertical-align: baseline; white-space: pre-wrap\">Czy, jak umr\u0119, bo nie ma mi, kto p\u00f3j\u015b\u0107 po lekarstwa, a musz\u0119 je za\u017cywa\u0107 bardzo regularnie, to umr\u0119 na COVID, czy na serce?&#8221;<\/span><\/p>\n<p dir=\"ltr\" style=\"line-height: 1.38; margin-top: 0pt; margin-bottom: 0pt\"><span style=\"font-size: 10pt; font-family: Verdana; background-color: transparent; font-variant-numeric: normal; font-variant-east-asian: normal; vertical-align: baseline; white-space: pre-wrap\">Odpowiedzcie:, dlaczego \u015bwiat stan\u0105\u0142 na g\u0142owie?<\/span><\/p>\n<p dir=\"ltr\" style=\"line-height: 1.38; margin-top: 0pt; margin-bottom: 0pt\"><span style=\"font-size: 10pt; font-family: Verdana; background-color: transparent; font-variant-numeric: normal; font-variant-east-asian: normal; vertical-align: baseline; white-space: pre-wrap\">Drugi obrazek, to statystyka HIV w 2016. Wiadomo, \u017ce najwi\u0119kszymi nosicielami byli m\u0119\u017cczy\u017ani \u017cyj\u0105cy z m\u0119\u017cczyznami. Czy kto\u015b zabroni\u0142 parady r\u00f3wno\u015bci? Czy mieli zakaz wychodzenia z dom\u00f3w, robienia zakup\u00f3w? Nawet seks mieli nadal dozwolony. Nie b\u0119d\u0119 ju\u017c wspomina\u0142 o statystykacj H1N1, z 2009 roku, &#8211; s\u0105 druzgoc\u0105ce w por\u00f3wnaniu, z obecnym wirusem. Medycyna da\u0142a rad\u0119, spo\u0142ecze\u0144stwa da\u0142y rad\u0119. Nauka i medycyna mog\u0142y znale\u017a\u0107 wiele rozwi\u0105za\u0144 na poradzenie sobie z COVIDem; w dobie lot\u00f3w kosmicznych, zdalnie sterowanych samolot\u00f3w, autonomicznych samochod\u00f3w, przeszczep\u00f3w. Mog\u0142y, gdyby nie wtr\u0105cili si\u0119 politycy i nie narzucili najgorsze rozwi\u0105zanie: Z\u0141APA\u0106 LUDZKO\u015a\u0106 ZA TWARZ, &#8211; w dos\u0142ownym znaczeniu: za\u0142o\u017cy\u0107 baranom maski, kara\u0107, uwi\u0119zi\u0107 w domach, zabroni\u0107 pracy, nauki, raligii. Zatrzyma\u0107 \u015bwiat i w dodatku postawi\u0107 go na g\u0142owie.<\/span><\/p>\n<p dir=\"ltr\" style=\"line-height: 1.38; margin-top: 0pt; margin-bottom: 0pt\"><span style=\"font-size: 10pt; font-family: Verdana; background-color: transparent; font-variant-numeric: normal; font-variant-east-asian: normal; vertical-align: baseline; white-space: pre-wrap\">To genialny spos\u00f3b na ukrycie w\u0142asnych nieporadno\u015bci, malwersacji, b\u0142\u0119dnych decyzji gospodarczo-ekonomicznych, korupcji i podporz\u0105dkowania \u015bwiatowemu rz\u0105dowi Rothschild\u00f3w, Soros\u00f3w, Kissinger\u00f3w, Gates\u00f3w, Faucich i innych.<\/span><\/p>\n<p dir=\"ltr\" style=\"line-height: 1.38; margin-top: 0pt; margin-bottom: 0pt\"><span style=\"font-size: 10pt; font-family: Verdana; background-color: transparent; font-variant-numeric: normal; font-variant-east-asian: normal; vertical-align: baseline; white-space: pre-wrap\">Za chwil\u0119 dowiemy si\u0119, \u017ce Social Security nie ma pieni\u0119dzy, bo wszystko posz\u0142o na pokrycie bezrobocia; za chwil\u0119 dowiemy si\u0119, \u017ce firmy ubezpieczeniowe nie maj\u0105 ju\u017c pieni\u0119dzy, bo musia\u0142y wyp\u0142aca\u0107 ubezpieczenia na \u017cycie &#8211; o wypasionych biurowcach i samochodach nie wspomn\u0119.<\/span><\/p>\n<p dir=\"ltr\" style=\"line-height: 1.38; margin-top: 0pt; margin-bottom: 0pt\"><span style=\"font-size: 10pt; font-family: Verdana; background-color: transparent; font-variant-numeric: normal; font-variant-east-asian: normal; vertical-align: baseline; white-space: pre-wrap\">I b\u0119d\u0105 gor\u0105ce odezwy \u201ewodz\u00f3w\u201d do narod\u00f3w w stylu: <\/span><span style=\"font-size: 10pt; font-family: Verdana; background-color: transparent; font-weight: 700; font-style: italic; font-variant-numeric: normal; font-variant-east-asian: normal; vertical-align: baseline; white-space: pre-wrap\">Drodzy i szanowni rodacy, zaczynamy nowe rozdanie, musimy zacisn\u0105\u0107 pasa\u2026 Tak, wiemy, nie b\u0119dzie \u0142atwo, ale wierzymy, \u017ce wy, jako spo\u0142ecze\u0144stwo staniecie na wysoko\u015bci zadania.<\/span><span style=\"font-size: 10pt; font-family: Verdana; background-color: transparent; font-variant-numeric: normal; font-variant-east-asian: normal; vertical-align: baseline; white-space: pre-wrap\"> I tego typu brednie.<\/span><\/p>\n<p dir=\"ltr\" style=\"line-height: 1.38; margin-top: 0pt; margin-bottom: 0pt\"><span style=\"font-size: 10pt; font-family: Verdana; background-color: transparent; font-variant-numeric: normal; font-variant-east-asian: normal; vertical-align: baseline; white-space: pre-wrap\">Farmerzy nie mog\u0105 sprzedawa\u0107 mleka, bo dzia\u0142anie skup\u00f3w drastycznie si\u0119 ograniczy\u0142o i wylewaj\u0105 tysi\u0105ce galon\u00f3w w ziemi\u0119. Zabijaj\u0105 byd\u0142o na w\u0142asn\u0105 r\u0119k\u0119 i zakopuj\u0105, albo pal\u0105, bo pozamykano ubojnie.\u00a0 Jako\u015b nikt si\u0119 tym nie przejmuje. W mediach cicho. Ale media zaczynaj\u0105 m\u00f3wi\u0107 o protestach. Trudno z\u0142apa\u0107 za twarz wolne spo\u0142ecze\u0144stwo; wolne i m\u0105dre, ale, jak widz\u0119, co si\u0119 dzieje w Polsce, to trudno mi uwierzy\u0107, \u017ce to spo\u0142ecze\u0144stwo obali\u0142o komunizm.<\/span><\/p>\n<p dir=\"ltr\" style=\"line-height: 1.38; margin-top: 0pt; margin-bottom: 0pt\"><span style=\"font-size: 10pt; font-family: Verdana; background-color: transparent; font-weight: 700; font-variant-numeric: normal; font-variant-east-asian: normal; text-decoration-line: underline; text-decoration-skip-ink: none; vertical-align: baseline; white-space: pre-wrap\">Ostatni\u0105 rzecz\u0105, jakiej wszyscy by\u015bmy chcieli jest wyj\u015bcie na ulic\u0119.<\/span><\/p>\n<p dir=\"ltr\" style=\"line-height: 1.38; margin-top: 0pt; margin-bottom: 0pt\"><span style=\"font-size: 10pt; font-family: Verdana; background-color: transparent; font-variant-numeric: normal; font-variant-east-asian: normal; vertical-align: baseline; white-space: pre-wrap\">W tej kwestii nie powinni\u015bmy si\u0119 poddawa\u0107 \u017cadnym prowokacjom, spontaniczno\u015bci, itp. Pami\u0119tajmy jednak, \u017ce g\u0142odny cz\u0142owiek na pewno zdecyduje si\u0119 na walk\u0119, \u017ce cz\u0142owiek pozbawiony pracy, pieni\u0119dzy, stoj\u0105cy na kraw\u0119dzi \u017cycia, nie odpu\u015bci.<\/span><\/p>\n<p dir=\"ltr\" style=\"line-height: 1.38; margin-top: 0pt; margin-bottom: 0pt\"><span style=\"font-size: 10pt; font-family: Verdana; background-color: transparent; font-variant-numeric: normal; font-variant-east-asian: normal; vertical-align: baseline; white-space: pre-wrap\">-Kto wygra? Jak zawsze w takich przypadkach, &#8211; wszechmocna FARMACJA, do kt\u00f3rej wal\u0105 nawet ci, kt\u00f3rzy jeszcze niedawno zarabiali miliardy dolar\u00f3w, w zupe\u0142nie innych dziedzinach. I wymy\u015blaj\u0105 powszechne szczepienia, oczywi\u015bcie przy akceptacji skorumpowanych polityk\u00f3w. Typowym przyk\u0142adem barana jest polski minister zdrowia; jeszcze niedawno szydzi\u0142 z maseczek (i s\u0142usznie bo to bzdura), ALE DZI\u015a ZA BRAK MASKI NAK\u0141ADA KARY FINANSOWE. Braciszek pana ministra, farmaceuta, dosta\u0142 od rz\u0105du 20 milin\u00f3w z\u0142otych. Na co? Poka\u017ccie mi innego farmaceut\u0119 w Polsce, kt\u00f3ry dosta\u0142 takie pieni\u0105dze. A pan minister ju\u017c zdecydowa\u0142: <strong>b\u0119dziecie chodzi\u0107 w maskach, a\u017c si\u0119 nie zaszczepicie<\/strong>. A dok\u0142adnie: a\u017c <strong>wyszczepimy<\/strong> ca\u0142e spo\u0142ecze\u0144stwo. Tylko, jak\u0105 szczepionk\u0105, panie, niezdrowy  ministrze zdrowia, kt\u00f3ry z ministra zdrowia sta\u0142 si\u0119 politykiem zdrowia? Skoro nawet COVID nie jest rozpoznany? Dziwne, \u017ce klaszcze mu prezydent, kt\u00f3rego wybra\u0142em, kt\u00f3ry nagle wy\u0142\u0105czy\u0142 to my\u015blenie, kt\u00f3re mia\u0142 w czasie kampanii wyborczej. W farmacji, jak si\u0119 okazuje s\u0105 o wiele wi\u0119ksze pieni\u0105dze do zrobienia. A gdzie s\u0105 dziennikarze? Tacy, kt\u00f3rzy nie tylko relacjonowali by wypowiedzi polityk\u00f3w, ale ci, kt\u00f3rzy zadaj\u0105 trudne pytania. Dziennikarstwo dzisiejsze, niestety spsi\u0142o si\u0119 okrutnie.<\/span><\/p>\n<p dir=\"ltr\" style=\"line-height: 1.38; margin-top: 0pt; margin-bottom: 0pt\"><span style=\"font-size: 10pt; font-family: Verdana; background-color: transparent; font-variant-numeric: normal; font-variant-east-asian: normal; vertical-align: baseline; white-space: pre-wrap\">-Kto wygra? \u2013 Oczywi\u015bcie politycy. Jak powiedzia\u0142 klasyk, (kt\u00f3rego, nie przypuszcza\u0142em, \u017ce b\u0119d\u0119 kiedykolwiek cytowa\u0142): <\/span><span style=\"font-size: 10pt; font-family: Verdana; background-color: transparent; font-style: italic; font-variant-numeric: normal; font-variant-east-asian: normal; vertical-align: baseline; white-space: pre-wrap\">\u201eRz\u0105d si\u0119 jako\u015b wy\u017cywi\u201d<\/span><span style=\"font-size: 10pt; font-family: Verdana; background-color: transparent; font-variant-numeric: normal; font-variant-east-asian: normal; vertical-align: baseline; white-space: pre-wrap\"> i w domy\u015ble: <\/span><span style=\"font-size: 10pt; font-family: Verdana; background-color: transparent; font-style: italic; font-variant-numeric: normal; font-variant-east-asian: normal; vertical-align: baseline; white-space: pre-wrap\">\u201ea wy morda w kube\u0142, baranki\u201d.<\/span><\/p>\n<p dir=\"ltr\" style=\"line-height: 1.38; margin-top: 0pt; margin-bottom: 0pt\"><span style=\"font-size: 10pt; font-family: Verdana; background-color: transparent; font-variant-numeric: normal; font-variant-east-asian: normal; vertical-align: baseline; white-space: pre-wrap\">Gdyby politykom chodzi\u0142o o obywateli, ich zdrowie, dobrobyt, gdyby nie mieli pod\u0142ych zamiar\u00f3w wydrenowania pieni\u0119dzy, zubo\u017cenia maj\u0119tno\u015bci, to na przyk\u0142ad nie m\u00f3wiliby o wyborach, bo to nie ten czas, nie te okoliczno\u015bci. Oni ratuj\u0105 r\u00f3\u017ce w swoich ogr\u00f3dkach, a doko\u0142a p\u0142on\u0105 lasy. Uda\u0142o si\u0119 zmusi\u0107 \u015bwiat do my\u015blenia o DZI\u015a, ale za nami idzie m\u0142odzie\u017c, id\u0105 dzieci i nikt si\u0119 nie zastanawia, jak\u0105 przysz\u0142o\u015b\u0107 szykuj\u0105 im dzisiejsi politycy. Ale o tym m\u00f3wi\u0107 nie wolno, bo od razu okrzycz\u0105 cie spiskowcem. Jak to si\u0119 sta\u0142o, \u017ce tylu ludzi naraz zbarania\u0142o?<\/span><\/p>\n<p dir=\"ltr\" style=\"line-height: 1.38; margin-top: 0pt; margin-bottom: 0pt\"><span style=\"font-size: 10pt; font-family: Verdana; background-color: transparent; font-variant-numeric: normal; font-variant-east-asian: normal; vertical-align: baseline; white-space: pre-wrap\">Niech mi wreszcie kto\u015b m\u0105drze odpowie na pytania zadane w tym artykule. Jeszcze raz prosz\u0119: piszcie na temat artyku\u0142u, a nie o mnie. Ja ju\u017c jestem -powiem nieskromnie &#8211; wystarczaj\u0105co popularny.<\/span><\/p>\n<p dir=\"ltr\" style=\"line-height: 1.38; margin-top: 0pt; margin-bottom: 0pt\"><span style=\"font-size: 10pt; font-family: Verdana; background-color: transparent; font-variant-numeric: normal; font-variant-east-asian: normal; vertical-align: baseline; white-space: pre-wrap\">\u00a0<\/span><\/p>\n","protected":false},"excerpt":{"rendered":"<p>Wiem, \u017ce coronavirus jest, wiem, \u017ce ludzie umieraj\u0105, wiem, \u017ce znowu b\u0119d\u0119 wyszydzony, wykpiony, zakrzyczany przez &#8222;m\u0105drzejszych&#8221;, tylko wyja\u015bnijcie mi prosz\u0119 jedn\u0105 rzecz:, DLACZEGO WYPOWIEDZI i OPINIE FACHOWC\u00d3W, NAUKOWC\u00d3W, W TYM LEKARZY, S\u0104 TRAKTOWANE, JAKO TEORIE SPISKOWE, A O WSZYSTKIM<\/p>\n","protected":false},"author":2,"featured_media":0,"comment_status":"open","ping_status":"open","sticky":false,"template":"","format":"standard","meta":[],"categories":[1],"tags":[],"_links":{"self":[{"href":"https:\/\/sporek.com\/blog\/index.php?rest_route=\/wp\/v2\/posts\/622"}],"collection":[{"href":"https:\/\/sporek.com\/blog\/index.php?rest_route=\/wp\/v2\/posts"}],"about":[{"href":"https:\/\/sporek.com\/blog\/index.php?rest_route=\/wp\/v2\/types\/post"}],"author":[{"embeddable":true,"href":"https:\/\/sporek.com\/blog\/index.php?rest_route=\/wp\/v2\/users\/2"}],"replies":[{"embeddable":true,"href":"https:\/\/sporek.com\/blog\/index.php?rest_route=%2Fwp%2Fv2%2Fcomments&post=622"}],"version-history":[{"count":0,"href":"https:\/\/sporek.com\/blog\/index.php?rest_route=\/wp\/v2\/posts\/622\/revisions"}],"wp:attachment":[{"href":"https:\/\/sporek.com\/blog\/index.php?rest_route=%2Fwp%2Fv2%2Fmedia&parent=622"}],"wp:term":[{"taxonomy":"category","embeddable":true,"href":"https:\/\/sporek.com\/blog\/index.php?rest_route=%2Fwp%2Fv2%2Fcategories&post=622"},{"taxonomy":"post_tag","embeddable":true,"href":"https:\/\/sporek.com\/blog\/index.php?rest_route=%2Fwp%2Fv2%2Ftags&post=622"}],"curies":[{"name":"wp","href":"https:\/\/api.w.org\/{rel}","templated":true}]}}