{"id":629,"date":"2020-11-13T01:24:38","date_gmt":"2020-11-13T05:24:38","guid":{"rendered":"http:\/\/sporek.com\/blog\/?p=629"},"modified":"2020-11-13T10:17:42","modified_gmt":"2020-11-13T14:17:42","slug":"do-tych-ktorzy-ciesza-sie-z-watpliwego-zwyciestwa-bidena","status":"publish","type":"post","link":"https:\/\/sporek.com\/blog\/?p=629","title":{"rendered":"Do tych, kt\u00f3rzy ciesz\u0105 si\u0119 z w\u0105tpliwego zwyci\u0119stwa Bidena."},"content":{"rendered":"<p style=\"line-height: 1.38; margin-top: 0pt; margin-bottom: 0pt\" dir=\"ltr\"><span style=\"font-size: 14pt; font-family: 'Times New Roman'; color: #000000; background-color: transparent; font-weight: 700; font-style: normal; font-variant: normal; text-decoration: none; vertical-align: baseline; white-space: pre-wrap\"><\/span><\/p>\n<p style=\"line-height: 1.38; margin-top: 0pt; margin-bottom: 0pt\" dir=\"ltr\"><span style=\"font-size: 10pt; font-family: Verdana; color: #000000; background-color: transparent; font-weight: 700; font-style: normal; font-variant: normal; text-decoration: none; vertical-align: baseline; white-space: pre-wrap\"><\/span><span style=\"font-size: 10pt; font-family: Verdana; color: #000000; background-color: #ffffff; font-weight: 400; font-style: normal; font-variant: normal; text-decoration: none; vertical-align: baseline; white-space: pre-wrap\">Chc\u0105c zyska\u0107 aprobat\u0119 w pewnych kr\u0119gach towarzyskich, nale\u017cy koniecznie wy\u015bmiewa\u0107 \u201eprostaka z zaczesk\u0105&#8221;. A poniewa\u017c moda ta panuje niepodzielnie w Nowym Jorku i Hollywood, kt\u00f3re z reszt\u0105 jest w tej kwestii mocno podzielone, wi\u0119c i \u201eWarsiawka\u201d znalaz\u0142a oddanych akolit\u00f3w. <!--more--><\/span><\/p>\n<p style=\"line-height: 1.38; margin-top: 0pt; margin-bottom: 0pt\" dir=\"ltr\"><span style=\"font-size: 10pt; font-family: Verdana; color: #000000; background-color: #ffffff; font-weight: 400; font-style: normal; font-variant: normal; text-decoration: none; vertical-align: baseline; white-space: pre-wrap\">Por\u00f3wnajmy:<\/span><span style=\"font-size: 10pt; font-family: Verdana; color: #000000; background-color: transparent; font-weight: 700; font-style: normal; font-variant: normal; text-decoration: none; vertical-align: baseline; white-space: pre-wrap\"> <\/span><span style=\"font-size: 10pt; font-family: Verdana; color: #000000; background-color: #ffffff; font-weight: 400; font-style: normal; font-variant: normal; text-decoration: none; vertical-align: baseline; white-space: pre-wrap\">-JF Kennedy skompromitowa\u0142 Ameryk\u0119 w Zatoce \u015awi\u0144 i pozwoli\u0142 si\u0119 upokorzy\u0107 przez Nikit\u0119 Chruszczowa w Wiedniu i ca\u0142kowicie zlekcewa\u017cy\u0142 budow\u0119 muru berli\u0144skiego.\u00a0<\/span><\/p>\n<p style=\"line-height: 1.38; margin-top: 0pt; margin-bottom: 0pt\" dir=\"ltr\"><span style=\"font-size: 10pt; font-family: Verdana; color: #000000; background-color: #ffffff; font-weight: 400; font-style: normal; font-variant: normal; text-decoration: none; vertical-align: baseline; white-space: pre-wrap\">-G\u0142\u00f3wne \u201eosi\u0105gni\u0119cia&#8221; polityki zagranicznej Baracka Obamy to wydanie zarz\u0105dzenia o zamkni\u0119ciu wi\u0119zienia w Guantanamo, rozwi\u0105zanie kryzysu na Bliskim Wschodzie i rozbrojenia nuklearnego. Prze osiem lat nic z tego nie zrealizowa\u0142, ale za to odebra\u0142 Pokojow\u0105 Nagrod\u0119 Nobla i wycofa\u0142 si\u0119 z plan\u00f3w budowy tarczy antyrakietowej.<\/span><span style=\"font-size: 10pt; font-family: Verdana; color: #000000; background-color: #ffffff; font-weight: 700; font-style: normal; font-variant: normal; text-decoration: none; vertical-align: baseline; white-space: pre-wrap\">\u00a0 <\/span><span style=\"font-size: 10pt; font-family: Verdana; color: #000000; background-color: #ffffff; font-weight: 700; font-style: italic; font-variant: normal; text-decoration: none; vertical-align: baseline; white-space: pre-wrap\">Znakiem firmowym \u201epanowania\u201d Obamy by\u0142o \u201e<\/span><span style=\"font-size: 10pt; font-family: Verdana; color: #000000; background-color: transparent; font-weight: 700; font-style: italic; font-variant: normal; text-decoration: none; vertical-align: baseline; white-space: pre-wrap\">18 Obama scandals\u201d. Wystarczy wpisa\u0107 to w Google i poczu\u0107, \u017ce w\u0142osy staj\u0105 d\u0119ba nawet na \u0142ysej g\u0142owie.<\/span><\/p>\n<p style=\"line-height: 1.38; margin-top: 0pt; margin-bottom: 0pt\" dir=\"ltr\"><span style=\"font-size: 10pt; font-family: Verdana; color: #000000; background-color: #ffffff; font-weight: 700; font-style: normal; font-variant: normal; text-decoration: none; vertical-align: baseline; white-space: pre-wrap\">-Najwi\u0119kszym i niezaprzeczalnym osi\u0105gni\u0119ciem PrezydentaTrumpa w polityce mi\u0119dzynarodowej jest zlikwidowanie nie tylko zagro\u017cenia stwarzanego przez ISIS, lecz praktycznie ca\u0142ej organizacji, jako takiej. Ju\u017c w pierwszym roku skupi\u0142 si\u0119 na relacji z Chinami i w tej kwestii nie pope\u0142ni\u0142 \u017cadnego b\u0142\u0119du.<\/span><\/p>\n<p style=\"line-height: 1.38; background-color: #ffffff; margin-top: 0pt; margin-bottom: 0pt; padding: 12pt 0pt 0pt\" dir=\"ltr\"><span style=\"font-size: 10pt; font-family: Verdana; color: #000000; background-color: transparent; font-weight: 400; font-style: normal; font-variant: normal; text-decoration: none; vertical-align: baseline; white-space: pre-wrap\">Wr\u00f3\u0107my do wybor\u00f3w.<\/span><\/p>\n<p style=\"line-height: 1.38; margin-top: 12pt; margin-bottom: 0pt\" dir=\"ltr\"><span style=\"font-size: 10pt; font-family: Verdana; color: #000000; background-color: transparent; font-weight: 400; font-style: normal; font-variant: normal; text-decoration: none; vertical-align: baseline; white-space: pre-wrap\">Po pierwsze; Jeszcze, tak naprawd\u0119 nic nie wiadomo, bo skala przewa\u0142\u00f3w jest tak wielka, \u017ce pami\u0119tna i niespodziewana wygrana PSL sprzed lat, to przedszkole. Najprawdopodobniej rozstrzygn\u0105 to s\u0105dy.<\/span><\/p>\n<p style=\"line-height: 1.38; margin-top: 12pt; margin-bottom: 0pt\" dir=\"ltr\"><span style=\"font-size: 10pt; font-family: Verdana; color: #000000; background-color: transparent; font-weight: 400; font-style: normal; font-variant: normal; text-decoration: none; vertical-align: baseline; white-space: pre-wrap\">Po drugie; Cieszcie si\u0119 dalej, zobaczymy jak d\u0142ugo to potrwa, kiedy i Was dotknie w ko\u0144cu cenzura i pe\u0142zaj\u0105cy wielkimi krokami marksizm kulturowy i nie tylko kulturowy, a przede wszystkim dotknie was bieda.<\/span><\/p>\n<p style=\"line-height: 1.38; margin-top: 12pt; margin-bottom: 0pt\" dir=\"ltr\"><span style=\"font-size: 10pt; font-family: Verdana; color: #000000; background-color: transparent; font-weight: 400; font-style: normal; font-variant: normal; text-decoration: none; vertical-align: baseline; white-space: pre-wrap\">A teraz o tym, kt\u00f3rego tak bardzo postponuje si\u0119 i nazywa &#8222;<\/span><span style=\"font-size: 10pt; font-family: Verdana; color: #000000; background-color: transparent; font-weight: 400; font-style: italic; font-variant: normal; text-decoration: none; vertical-align: baseline; white-space: pre-wrap\">Klaunem<\/span><span style=\"font-size: 10pt; font-family: Verdana; color: #000000; background-color: transparent; font-weight: 400; font-style: normal; font-variant: normal; text-decoration: none; vertical-align: baseline; white-space: pre-wrap\">&#8222;.<\/span><\/p>\n<p style=\"line-height: 1.38; margin-top: 12pt; margin-bottom: 0pt\" dir=\"ltr\"><span style=\"font-size: 10pt; font-family: Verdana; color: #000000; background-color: transparent; font-weight: 400; font-style: normal; font-variant: normal; text-decoration: none; vertical-align: baseline; white-space: pre-wrap\">Oto kilka fakt\u00f3w z tego, co uda\u0142o mu si\u0119 osi\u0105gn\u0105\u0107 mimo potwornych atak\u00f3w podczas jego prezydentury:<\/span><\/p>\n<p style=\"line-height: 1.38; margin-top: 12pt; margin-bottom: 0pt\" dir=\"ltr\"><span style=\"font-size: 10pt; font-family: Verdana; color: #000000; background-color: transparent; font-weight: 400; font-style: normal; font-variant: normal; text-decoration: none; vertical-align: baseline; white-space: pre-wrap\">-\u201e<\/span><span style=\"font-size: 10pt; font-family: Verdana; color: #000000; background-color: transparent; font-weight: 400; font-style: italic; font-variant: normal; text-decoration: none; vertical-align: baseline; white-space: pre-wrap\">Klaun<\/span><span style=\"font-size: 10pt; font-family: Verdana; color: #000000; background-color: transparent; font-weight: 400; font-style: normal; font-variant: normal; text-decoration: none; vertical-align: baseline; white-space: pre-wrap\">\u2032\u2032 w Bia\u0142ym Domu wynegocjowa\u0142 cztery porozumienia pokojowe na Bliskim Wschodzie, &#8211; cos\u0301, czego nie osi\u0105gni\u0119to przez 71 lat interwencji politycznych i nieko\u0144cz\u0105cych si\u0119\u0328 wojen.<\/span><\/p>\n<p style=\"line-height: 1.38; margin-top: 12pt; margin-bottom: 0pt\" dir=\"ltr\"><span style=\"font-size: 10pt; font-family: Verdana; color: #000000; background-color: transparent; font-weight: 400; font-style: normal; font-variant: normal; text-decoration: none; vertical-align: baseline; white-space: pre-wrap\">-\u201e<\/span><span style=\"font-size: 10pt; font-family: Verdana; color: #000000; background-color: transparent; font-weight: 400; font-style: italic; font-variant: normal; text-decoration: none; vertical-align: baseline; white-space: pre-wrap\">Klaun<\/span><span style=\"font-size: 10pt; font-family: Verdana; color: #000000; background-color: transparent; font-weight: 400; font-style: normal; font-variant: normal; text-decoration: none; vertical-align: baseline; white-space: pre-wrap\">\u2032\u2032 w Bia\u0142ym Domu jest pierwszym prezydentem, kt\u00f3ry od czasu Eisenhowera nie wmiesza\u0142 Stan\u00f3w Zjednoczonych w \u017cadn\u0105 wojn\u0119\u0328; nie wys\u0142a\u0142 ameryka\u0144skich \u017co\u0142nierzy na ewentualn\u0105 \u015bmier\u0107, ci\u0119\u017ckie okaleczenia, tym samym nie obci\u0105\u017cy\u0142 Stan\u00f3w ogromnymi wydatkami na udzia\u0142 w wojnie. <\/span><span style=\"font-size: 10pt; font-family: Verdana; color: #000000; background-color: #ffffff; font-weight: 400; font-style: normal; font-variant: normal; text-decoration: none; vertical-align: baseline; white-space: pre-wrap\">Prez. Trump nie interweniowa\u0142 w \u017cadnym kraju; przeciwnie, \u015bci\u0105ga ameryka\u0144skich \u017co\u0142nierzy z powrotem do kraju.<\/span><\/p>\n<p style=\"line-height: 1.38; margin-top: 12pt; margin-bottom: 0pt\" dir=\"ltr\"><span style=\"font-size: 10pt; font-family: Verdana; color: #000000; background-color: #ffffff; font-weight: 400; font-style: normal; font-variant: normal; text-decoration: none; vertical-align: baseline; white-space: pre-wrap\">-Dla przypomnienia: George Bush Senior, stworzy\u0142 swego czasu poj\u0119cie \u201enowego \u0142adu \u015bwiatowego&#8221;, zgodnie, z kt\u00f3rym USA mia\u0142y interweniowa\u0107 wsz\u0119dzie tam, gdzie pojawi\u0142aby si\u0119 gro\u017aba destabilizacji lub zagro\u017cenie dla ludno\u015bci. Nikt nie krytykowa\u0142\u2026, Dlaczego? Bo GWB by\u0142 skumplowany z establish-m\u0119tami.<\/span><\/p>\n<p style=\"line-height: 1.38; margin-top: 12pt; margin-bottom: 0pt\" dir=\"ltr\"><span style=\"font-size: 10pt; font-family: Verdana; color: #000000; background-color: transparent; font-weight: 400; font-style: normal; font-variant: normal; text-decoration: none; vertical-align: baseline; white-space: pre-wrap\">-\u201e<\/span><span style=\"font-size: 10pt; font-family: Verdana; color: #000000; background-color: transparent; font-weight: 400; font-style: italic; font-variant: normal; text-decoration: none; vertical-align: baseline; white-space: pre-wrap\">Klaun<\/span><span style=\"font-size: 10pt; font-family: Verdana; color: #000000; background-color: transparent; font-weight: 400; font-style: normal; font-variant: normal; text-decoration: none; vertical-align: baseline; white-space: pre-wrap\">\u2032\u2032 w Bia\u0142ym Domu nieprawdopodobnie pobudzi\u0142 gospodark\u0119\u0328; stworzy\u0142 400 tysi\u0119cy miejsc pracy, co obni\u017cy\u0142o bezrobocie Amerykan\u00f3w do niespotykanego w historii poziomu 4%; przede wszystkim w\u015br\u00f3d czarnej i latynoskiej ludno\u015bci, kt\u00f3re to bezrobocie spowodowa\u0142 inny prezydent, poprzednik \u201e<\/span><span style=\"font-size: 10pt; font-family: Verdana; color: #000000; background-color: transparent; font-weight: 400; font-style: italic; font-variant: normal; text-decoration: none; vertical-align: baseline; white-space: pre-wrap\">Klauna<\/span><span style=\"font-size: 10pt; font-family: Verdana; color: #000000; background-color: transparent; font-weight: 400; font-style: normal; font-variant: normal; text-decoration: none; vertical-align: baseline; white-space: pre-wrap\">\u201d. W\u0142a\u015bnie, dlatego tak wielu Latynos\u00f3w i Afroamerykan\u00f3w g\u0142osowa\u0142o na &#8222;<\/span><span style=\"font-size: 10pt; font-family: Verdana; color: #000000; background-color: transparent; font-weight: 400; font-style: italic; font-variant: normal; text-decoration: none; vertical-align: baseline; white-space: pre-wrap\"> Klaun<\/span><span style=\"font-size: 10pt; font-family: Verdana; color: #000000; background-color: transparent; font-weight: 400; font-style: normal; font-variant: normal; text-decoration: none; vertical-align: baseline; white-space: pre-wrap\">a&#8221;. Oficjalnie jednak to przecie\u017c &#8222;rasista&#8221;.<\/span><\/p>\n<p style=\"line-height: 1.38; margin-top: 12pt; margin-bottom: 0pt\" dir=\"ltr\"><span style=\"font-size: 10pt; font-family: Verdana; color: #000000; background-color: transparent; font-weight: 400; font-style: normal; font-variant: normal; text-decoration: none; vertical-align: baseline; white-space: pre-wrap\">-\u201e<\/span><span style=\"font-size: 10pt; font-family: Verdana; color: #000000; background-color: transparent; font-weight: 400; font-style: italic; font-variant: normal; text-decoration: none; vertical-align: baseline; white-space: pre-wrap\">Klaun<\/span><span style=\"font-size: 10pt; font-family: Verdana; color: #000000; background-color: transparent; font-weight: 400; font-style: normal; font-variant: normal; text-decoration: none; vertical-align: baseline; white-space: pre-wrap\"> \u2032\u2032 w Bia\u0142ym Domu odkry\u0142 i ujawni\u0142 g\u0142\u0119bok\u0105\u0328, powszechna\u0328 i wieloletnia\u0328 korupcje\u0328 w FBI, CIA, NSA oraz w obu partiach i zacz\u0105\u0142 wielkie \u201esprz\u0105tanie\u201d.<\/span><\/p>\n<p style=\"line-height: 1.38; margin-top: 12pt; margin-bottom: 0pt\" dir=\"ltr\"><span style=\"font-size: 10pt; font-family: Verdana; color: #000000; background-color: transparent; font-weight: 400; font-style: normal; font-variant: normal; text-decoration: none; vertical-align: baseline; white-space: pre-wrap\">Oczywistym jest, \u017ce nie by\u0142o to na r\u0119k\u0119 zar\u00f3wno instytucjom, jak i celebrytom.<\/span><\/p>\n<p style=\"line-height: 1.38; margin-top: 12pt; margin-bottom: 0pt\" dir=\"ltr\"><span style=\"font-size: 10pt; font-family: Verdana; color: #000000; background-color: transparent; font-weight: 400; font-style: normal; font-variant: normal; text-decoration: none; vertical-align: baseline; white-space: pre-wrap\">\u00a0-\u201e<\/span><span style=\"font-size: 10pt; font-family: Verdana; color: #000000; background-color: transparent; font-weight: 400; font-style: italic; font-variant: normal; text-decoration: none; vertical-align: baseline; white-space: pre-wrap\">Klaun\u201d<\/span><span style=\"font-size: 10pt; font-family: Verdana; color: #000000; background-color: transparent; font-weight: 400; font-style: normal; font-variant: normal; text-decoration: none; vertical-align: baseline; white-space: pre-wrap\"> w Bia\u0142ym Domu wprowadzi\u0142 zmiany w NATO i doprowadzi\u0142 do tego, \u017ce sojusznicy zacz\u0119li p\u0142aci\u0107\u0301 swoje zobowi\u0105zania.-<\/span><\/p>\n<p style=\"line-height: 1.38; margin-top: 12pt; margin-bottom: 0pt\" dir=\"ltr\"><span style=\"font-size: 10pt; font-family: Verdana; color: #000000; background-color: transparent; font-weight: 400; font-style: normal; font-variant: normal; text-decoration: none; vertical-align: baseline; white-space: pre-wrap\">-\u201e<\/span><span style=\"font-size: 10pt; font-family: Verdana; color: #000000; background-color: transparent; font-weight: 400; font-style: italic; font-variant: normal; text-decoration: none; vertical-align: baseline; white-space: pre-wrap\">Klaun<\/span><span style=\"font-size: 10pt; font-family: Verdana; color: #000000; background-color: transparent; font-weight: 400; font-style: normal; font-variant: normal; text-decoration: none; vertical-align: baseline; white-space: pre-wrap\">\u2032\u2032 w Bia\u0142ym Domu zneutralizowa\u0142 zap\u0119dy Korei P\u00f3\u0142nocnej, powstrzyma\u0142 j\u0105 przed tworzeniem nowej energii j\u0105drowej, wysy\u0142aniem rakiet do Japonii i zastopowa\u0142 zagro\u017cenie dla zachodniego wybrze\u017ca Stan\u00f3w Zjednoczonych.<\/span><\/p>\n<p style=\"line-height: 1.38; margin-top: 12pt; margin-bottom: 0pt\" dir=\"ltr\"><span style=\"font-size: 10pt; font-family: Verdana; color: #000000; background-color: transparent; font-weight: 400; font-style: normal; font-variant: normal; text-decoration: none; vertical-align: baseline; white-space: pre-wrap\">-\u201e<\/span><span style=\"font-size: 10pt; font-family: Verdana; color: #000000; background-color: transparent; font-weight: 400; font-style: italic; font-variant: normal; text-decoration: none; vertical-align: baseline; white-space: pre-wrap\">Klaun<\/span><span style=\"font-size: 10pt; font-family: Verdana; color: #000000; background-color: transparent; font-weight: 400; font-style: normal; font-variant: normal; text-decoration: none; vertical-align: baseline; white-space: pre-wrap\">\u2032\u2032 w Bia\u0142ym Domu przekszta\u0142ci\u0142 stosunki z Chinami i doprowadzi\u0142 do powrotu setek biznes\u00f3w do Stan\u00f3w Zjednoczonych.<\/span><\/p>\n<p style=\"line-height: 1.38; margin-top: 12pt; margin-bottom: 0pt\" dir=\"ltr\"><span style=\"font-size: 10pt; font-family: Verdana; color: #000000; background-color: transparent; font-weight: 400; font-style: normal; font-variant: normal; text-decoration: none; vertical-align: baseline; white-space: pre-wrap\">\u2032\u2032<\/span><span style=\"font-size: 10pt; font-family: Verdana; color: #000000; background-color: transparent; font-weight: 400; font-style: italic; font-variant: normal; text-decoration: none; vertical-align: baseline; white-space: pre-wrap\">Klaun<\/span><span style=\"font-size: 10pt; font-family: Verdana; color: #000000; background-color: transparent; font-weight: 400; font-style: normal; font-variant: normal; text-decoration: none; vertical-align: baseline; white-space: pre-wrap\">\u2032\u2032 w Bia\u0142ym Domu doprowadzi\u0142 do mianowania trzech s\u0119dzi\u00f3w S\u0105du Najwy\u017cszego i prawie trzystu s\u0119dzi\u00f3w federalnych.<\/span><\/p>\n<p style=\"line-height: 1.38; margin-top: 12pt; margin-bottom: 0pt\" dir=\"ltr\"><span style=\"font-size: 10pt; font-family: Verdana; color: #000000; background-color: transparent; font-weight: 400; font-style: normal; font-variant: normal; text-decoration: none; vertical-align: baseline; white-space: pre-wrap\">-Ten sam \u201e<\/span><span style=\"font-size: 10pt; font-family: Verdana; color: #000000; background-color: transparent; font-weight: 400; font-style: italic; font-variant: normal; text-decoration: none; vertical-align: baseline; white-space: pre-wrap\">Klaun<\/span><span style=\"font-size: 10pt; font-family: Verdana; color: #000000; background-color: transparent; font-weight: 400; font-style: normal; font-variant: normal; text-decoration: none; vertical-align: baseline; white-space: pre-wrap\">\u2032\u2032 w Bia\u0142ym Domu obni\u017cy\u0142 podatki, gdzie standardowe <\/span><span style=\"font-size: 10pt; font-family: Verdana; color: #000000; background-color: transparent; font-weight: 700; font-style: normal; font-variant: normal; text-decoration: none; vertical-align: baseline; white-space: pre-wrap\">odliczenie<\/span><span style=\"font-size: 10pt; font-family: Verdana; color: #000000; background-color: transparent; font-weight: 400; font-style: normal; font-variant: normal; text-decoration: none; vertical-align: baseline; white-space: pre-wrap\"> IRS z 12,500 USD dla ma\u0142\u017ce\u0144stw rozliczaj\u0105cych si\u0119 wsp\u00f3lnie, zwi\u0119kszono do 24,400 USD, co doprowadzi\u0142o do 100-krotnego wzrostu rynku akcji i przenios\u0142o si\u0119\u0328 na rekordowe warto\u015bci, co niezwykle pozytywnie wp\u0142yn\u0119\u0142o na emerytury dziesi\u0105tek milion\u00f3w obywateli USA.<\/span><\/p>\n<p style=\"line-height: 1.38; margin-top: 12pt; margin-bottom: 0pt\" dir=\"ltr\"><span style=\"font-size: 10pt; font-family: Verdana; color: #000000; background-color: transparent; font-weight: 400; font-style: normal; font-variant: normal; text-decoration: none; vertical-align: baseline; white-space: pre-wrap\">-Ten \u201eKlaun\u2032\u2032 w Bia\u0142ym Domu ujawni\u0142 powszechna\u0328 pedofilie\u0328 w rz\u0105dzie i w\u015br\u00f3d producent\u00f3w i filmowc\u00f3w w Hollywood oraz ujawni\u0142 \u015bwiatowy handel nieletnimi. Niejaki Epstein musia\u0142 a\u017c &#8222;<\/span><span style=\"font-size: 10pt; font-family: Verdana; color: #000000; background-color: transparent; font-weight: 400; font-style: italic; font-variant: normal; text-decoration: none; vertical-align: baseline; white-space: pre-wrap\">pope\u0142ni\u0107<\/span><span style=\"font-size: 10pt; font-family: Verdana; color: #000000; background-color: transparent; font-weight: 400; font-style: normal; font-variant: normal; text-decoration: none; vertical-align: baseline; white-space: pre-wrap\">&#8221; samob\u00f3jstwo w wi\u0119zieniu przed przes\u0142uchaniami, \u017ceby mleko si\u0119 nie rozla\u0142o i nie zdemaskowa\u0142o wielu celebryt\u00f3w i establish-m\u0119t\u00f3w zamieszanych w proceder.<\/span><\/p>\n<p style=\"line-height: 1.38; margin-top: 12pt; margin-bottom: 0pt\" dir=\"ltr\"><span style=\"font-size: 10pt; font-family: Verdana; color: #000000; background-color: transparent; font-weight: 400; font-style: normal; font-variant: normal; text-decoration: none; vertical-align: baseline; white-space: pre-wrap\">-\u201e<\/span><span style=\"font-size: 10pt; font-family: Verdana; color: #000000; background-color: transparent; font-weight: 400; font-style: italic; font-variant: normal; text-decoration: none; vertical-align: baseline; white-space: pre-wrap\">Klaun<\/span><span style=\"font-size: 10pt; font-family: Verdana; color: #000000; background-color: transparent; font-weight: 400; font-style: normal; font-variant: normal; text-decoration: none; vertical-align: baseline; white-space: pre-wrap\">\u2032\u2032 w Bia\u0142ym Domu pracowa\u0142 za darmo, rezygnuj\u0105c z blisko 400 tysi\u0119cy dolar\u00f3w rocznej pensji prezydenta i wyda\u0142 ponad dwa miliardy dolar\u00f3w w\u0142asnych pieni\u0119dzy na s\u0142u\u017cb\u0119\u0328 Amerykanom.<\/span><\/p>\n<p style=\"line-height: 1.38; background-color: #ffffff; margin-top: 0pt; margin-bottom: 0pt; padding: 12pt 0pt 0pt\" dir=\"ltr\"><span style=\"font-size: 10pt; font-family: Verdana; color: #000000; background-color: transparent; font-weight: 400; font-style: normal; font-variant: normal; text-decoration: none; vertical-align: baseline; white-space: pre-wrap\">Wiele emocji budzi te\u017c kwestia muru granicznego, przy czym zapomina si\u0119, \u017ce istnieje on ju\u017c na d\u0142ugo\u015bci ok. tysi\u0105ca kilometr\u00f3w i po cz\u0119\u015bci powsta\u0142 za czas\u00f3w Obamy, a Trump chce go jedynie wyd\u0142u\u017cy\u0107 o kolejne 500 km. Ma\u0142o, kto jest te\u017c \u015bwiadomy, \u017ce wiele set kilometrowe mury, czy p\u0142oty graniczne stoj\u0105 ju\u017c lub s\u0105 wznoszone w kilkudziesi\u0119ciu miejscach na \u015bwiecie: nie tylko w Izraelu, czy mi\u0119dzy Koreami, lecz tak\u017ce mi\u0119dzy Indiami i Bangladeszem (ponad 3 tys. km), Kostaryk\u0105 i Nikaragu\u0105 (ponad 600 km), S\u0142oweni\u0105 i Chorwacj\u0105 (400 km), czy wreszcie mi\u0119dzy Iranem a Pakistanem (700 km).<\/span><\/p>\n<p style=\"line-height: 1.38; margin-top: 12pt; margin-bottom: 0pt\" dir=\"ltr\"><span style=\"font-size: 10pt; font-family: Verdana; color: #000000; background-color: #ffffff; font-weight: 400; font-style: normal; font-variant: normal; text-decoration: none; vertical-align: baseline; white-space: pre-wrap\">-Nikt nie zastanawia si\u0119, jak wielkim problemem jest likwidacja najg\u0142upszego systemu ubezpiecze\u0144 zdrowotnych, zwanych \u201eObamacare\u201d \u2013 beznadziejnego ekonomicznie i przest\u0119pczego w \u015bwietle konstytucji. Prezydent Trump w\u0142a\u015bnie zacz\u0105\u0142 robi\u0107 porz\u0105dek z tym \u201earcydzie\u0142em Baracka i Hilary\u201d.<\/span><\/p>\n<p style=\"line-height: 1.38; margin-top: 12pt; margin-bottom: 0pt\" dir=\"ltr\"><span style=\"font-size: 10pt; font-family: Verdana; color: #000000; background-color: #ffffff; font-weight: 400; font-style: normal; font-variant: normal; text-decoration: none; vertical-align: baseline; white-space: pre-wrap\">&#8211; Demokraci podejmowali starania o impeachment, nie maj\u0105c najmniejszych podstaw. Pami\u0119tacie pucz w Sejmie zorganizowany przez PO? Tu by\u0142 ten sam poziom idiotyzmu.\u00a0 Demokraci bezsensownie wydali miliony dolar\u00f3w z kieszeni podatnik\u00f3w, aby \u201eodkry\u0107\u201d, \u017ce Donald Trump nie uczyni\u0142 niczego, co mog\u0142oby skutkowa\u0107 usuni\u0119ciem go z urz\u0119du. Je\u015bli kto\u015b wierzy, \u017ce prezydent z takim dorobkiem przegra wybory z kim\u015b, kto puszcza b\u0105ki w kongresowy fotel od 47 lat nie wnosz\u0105c \u017cadnej nowej ustawy i przez osiem lat v-ce prezydentury u nogi Obamy nie zrobi\u0142 niczego konkretnego dla spo\u0142ecze\u0144stwa i kraju, to musi by\u0107 niespe\u0142na rozumu.\u00a0<\/span><\/p>\n<p style=\"line-height: 1.38; background-color: #ffffff; margin-top: 0pt; margin-bottom: 0pt; padding: 12pt 0pt 0pt\" dir=\"ltr\"><span style=\"font-size: 10pt; font-family: Verdana; color: #000000; background-color: #ffffff; font-weight: 400; font-style: normal; font-variant: normal; text-decoration: none; vertical-align: baseline; white-space: pre-wrap\">\u00a0<\/span><\/p>\n<p style=\"line-height: 1.38; margin-top: 0pt; margin-bottom: 0pt\" dir=\"ltr\">&nbsp;<\/p>\n","protected":false},"excerpt":{"rendered":"<p>Chc\u0105c zyska\u0107 aprobat\u0119 w pewnych kr\u0119gach towarzyskich, nale\u017cy koniecznie wy\u015bmiewa\u0107 \u201eprostaka z zaczesk\u0105&#8221;. A poniewa\u017c moda ta panuje niepodzielnie w Nowym Jorku i Hollywood, kt\u00f3re z reszt\u0105 jest w tej kwestii mocno podzielone, wi\u0119c i \u201eWarsiawka\u201d znalaz\u0142a oddanych akolit\u00f3w.<\/p>\n","protected":false},"author":2,"featured_media":0,"comment_status":"open","ping_status":"open","sticky":false,"template":"","format":"standard","meta":[],"categories":[4],"tags":[],"_links":{"self":[{"href":"https:\/\/sporek.com\/blog\/index.php?rest_route=\/wp\/v2\/posts\/629"}],"collection":[{"href":"https:\/\/sporek.com\/blog\/index.php?rest_route=\/wp\/v2\/posts"}],"about":[{"href":"https:\/\/sporek.com\/blog\/index.php?rest_route=\/wp\/v2\/types\/post"}],"author":[{"embeddable":true,"href":"https:\/\/sporek.com\/blog\/index.php?rest_route=\/wp\/v2\/users\/2"}],"replies":[{"embeddable":true,"href":"https:\/\/sporek.com\/blog\/index.php?rest_route=%2Fwp%2Fv2%2Fcomments&post=629"}],"version-history":[{"count":0,"href":"https:\/\/sporek.com\/blog\/index.php?rest_route=\/wp\/v2\/posts\/629\/revisions"}],"wp:attachment":[{"href":"https:\/\/sporek.com\/blog\/index.php?rest_route=%2Fwp%2Fv2%2Fmedia&parent=629"}],"wp:term":[{"taxonomy":"category","embeddable":true,"href":"https:\/\/sporek.com\/blog\/index.php?rest_route=%2Fwp%2Fv2%2Fcategories&post=629"},{"taxonomy":"post_tag","embeddable":true,"href":"https:\/\/sporek.com\/blog\/index.php?rest_route=%2Fwp%2Fv2%2Ftags&post=629"}],"curies":[{"name":"wp","href":"https:\/\/api.w.org\/{rel}","templated":true}]}}