{"id":64,"date":"2008-03-29T00:28:39","date_gmt":"2008-03-29T04:28:39","guid":{"rendered":"http:\/\/sporek.com\/blog\/?p=64"},"modified":"2009-07-11T22:32:53","modified_gmt":"2009-07-12T02:32:53","slug":"politycy-rp-a-traktat-lizbonski","status":"publish","type":"post","link":"https:\/\/sporek.com\/blog\/?p=64","title":{"rendered":"Politycy RP, a Traktat Lizbo\u0144ski"},"content":{"rendered":"<p><span style=\"font-size: 10pt; font-family: Arial\" lang=\"PL\">My\u015bl\u0119, \u017ce za post\u0119powanie ze spo\u0142ecze\u0144stwem polskim w przypadku Traktatu Lizbo\u0144skiego najwy\u017csi urz\u0119dnicy RP, jak i wszyscy cz\u0142onkowie Parlamentu powinni by\u0107 postawieni przed Trybunalem Stanu. Nie da si\u0119 chyba inaczej nazwa\u0107 postawy rz\u0105dz\u0105cych Polsk\u0105, jak zlekcewa\u017cenie narodu, zignorowanie obywateli, &#8211; czy mo\u017ce powienienem powiedzie\u0107 zdrada narodu&#8230;?<\/span><span style=\"font-size: 10pt; font-family: Arial\" lang=\"PL\"> Chc\u0119 zapyta\u0107 i rz\u0105dz\u0105cych i tych w opozycji, od kt\u00f3rych jeszcze du\u017co zale\u017cy: Czy zadali\u015bcie pytanie NARODOWI, czy chce zatwierdzenia Traktatu? <\/span><span style=\"font-size: 10pt; font-family: Arial\" lang=\"PL\">Nieprawdopodobna jest \u201ewojna na g\u00f3rze\u201d. S\u0142\u00f3w tysi\u0105ce ka\u017cdego dnia i podgrzewanie napi\u0119cia, ale ani jednego s\u0142owa o NARODZIE. Najbardziej dziwi, \u017ce z \u017cadnej strony, &#8211; ani koalicji rz\u0105dowej, ani opozycyjnego PiS. Tusk ju\u017c w Stanach odpowiedzia\u0142 mi, \u017ce \u201eten narrr\u00f3d nie bierze udzia\u0142u w rrreferrrendach, wi\u0119c on, podj\u0105\u0142 za niego decyzj\u0119.\u201d Musz\u0119 przyzna\u0107, \u017ce szukaj\u0105c materia\u0142\u00f3w o Traktacie dozna\u0142em niejakiego szoku, gdy natkn\u0105\u0142em si\u0119 na artyku\u0142 Ryszarda Ku\u015bmierczyka z Kanady. Pisze on, \u017ce w dokumencie opracowanym przez PiS \u201eTRAKTAT LIZBO\u0143SKI \u2013 Podstawowe Informacje\u201d znajduj\u0105 si\u0119 nast\u0119puj\u0105ce, po\u017cal si\u0119 Bo\u017ce ekspertyzy: (podkre\u015blenia moje):<shapetype coordsize=\"21600,21600\" o:spt=\"75\" o:preferrelative=\"t\" path=\"m@4@5l@4@11@9@11@9@5xe\" filled=\"f\" stroked=\"f\" id=\"_x0000_t75\">\u00a0 <!--more--><stroke joinstyle=\"miter\"><\/stroke><br \/>\n<formulas><f eqn=\"if lineDrawn pixelLineWidth 0\"><\/f><f eqn=\"sum @0 1 0\"><\/f><f eqn=\"sum 0 0 @1\"><\/f><f eqn=\"prod @2 1 2\"><\/f><f eqn=\"prod @3 21600 pixelWidth\"><\/f><f eqn=\"prod @3 21600 pixelHeight\"><\/f><f eqn=\"sum @0 0 1\"><\/f><f eqn=\"prod @6 1 2\"><\/f><f eqn=\"prod @7 21600 pixelWidth\"><\/f><f eqn=\"sum @8 21600 0\"><\/f><f eqn=\"prod @7 21600 pixelHeight\"><\/f><f eqn=\"sum @10 21600 0\"><\/f><\/formulas>\n<path o:extrusionok=\"f\" gradientshapeok=\"t\" o:connecttype=\"rect\"><\/path><lock v:ext=\"edit\" aspectratio=\"t\"><\/lock><\/shapetype><\/span><span style=\"font-size: 10pt; font-family: Arial\" lang=\"PL\">\u201e <em><span style=\"font-family: Arial\">1.WST\u0118P <strong>A. &#8230;<\/strong>. Aktualna wersja Traktatu to <\/span><\/em><strong><em><u><span style=\"font-family: Arial\">inny<\/span><\/u><\/em><\/strong><em><span style=\"font-family: Arial\"> dokument, ni\u017c odrzucony w referendach projekt Konstytucji Europejskiej.<strong>B. <\/strong>Pomys\u0142 wprowadzenia Konstytucji Europejskiej upad\u0142 podczas referend\u00f3w we Francji i Holandii&#8230;.. <\/span><\/em><strong><em><u><span style=\"font-family: Arial\">Traktat to nie Konstytucja<\/span><\/u><\/em><\/strong><em><span style=\"font-family: Arial\">\u201e<\/span><\/em>\u00a0<\/span><span style=\"font-size: 10pt; font-family: Arial\" lang=\"PL\">Dalej autor przytacza wypowiedzi i opinie szef\u00f3w rz\u0105d\u00f3w, czo\u0142owych polityk\u00f3w, a i samych urz\u0119dnik\u00f3w brukselskiego parlamentu. I tak na przyk\u0142ad Jose Zapatero \u2013 premier Hiszpanii, w przem\u00f3wieniu, 27 czerwca, 2007 powiedzia\u0142 (wszystkie podkre\u015blenia moje): \u201c <em><strong><u><span style=\"font-family: Arial\">Nie pozwolili\u015bmy, \u00a0a\u017ceby nawet jeden istotny punkt Konstytucji zosta\u0142 pomini\u0119ty<\/span><\/u><\/strong><\/em><em><span style=\"font-family: Arial\">&#8230; To jest\u00a0 bez w\u0105tpienia, <\/span><\/em><strong><em><u><span style=\"font-family: Arial\">co\u015b wi\u0119cej, ni\u017c traktat<\/span><\/u><\/em><\/strong><em><span style=\"font-family: Arial\">. To jest projekt o charakterze funkcjonalnym, traktat dla nowej Europy<\/span><\/em>\u201d. <\/span><span style=\"font-size: 10pt; font-family: Arial\" lang=\"PL\">Tego samego dnia tw\u00f3rca Konstytucji UE Valery Giscard d\u2019Estaing, w wywiadzie dla Telegraph\u2019u stwierdzi\u0142:<\/span><span style=\"font-size: 10pt; font-family: Arial\" lang=\"PL\">\u201c<em><span style=\"font-family: Arial\">To jest tekst, b\u0119d\u0105cy faktycznie, w wi\u0119kszo\u015bci <\/span><\/em><strong><em><u><span style=\"font-family: Arial\">powt\u00f3rk\u0105 substancji Konstytucji UE\u201d<\/span><\/u><\/em><\/strong><em><span style=\"font-family: Arial\">. <\/span><\/em><\/span><span style=\"font-size: 10pt; font-family: Arial\" lang=\"PL\">Tak\u0105 sam\u0105 opini\u0119 wyra\u017ca Komisarz UE, Margot Wallstrom, kt\u00f3ra o\u015bwiadczy\u0142a w gazecie Svenska Dagbladet: \u201c<em><span style=\"font-family: Arial\">W rzeczy samej to jest <\/span><\/em><strong><em><u><span style=\"font-family: Arial\">ta sama<\/span><\/u><\/em><\/strong><em><span style=\"font-family: Arial\"> propozycja co stara Konstytucja<\/span><\/em>\u201d (26 czerwca, 2007).<\/span><span style=\"font-size: 10pt; font-family: Arial\" lang=\"PL\">Wt\u00f3ruje im Vaclav Klaus &#8211; prezydent Czech , Guardian, 13.06.2007<\/span><em><span style=\"font-size: 10pt; font-family: Arial\" lang=\"PL\">\u201cDokonano tylko kosmetycznych zmian, <\/span><\/em><strong><em><u><span style=\"font-size: 10pt; font-family: Arial\" lang=\"PL\">podstawowy dokument pozostaje ten sam<\/span><\/u><\/em><\/strong><em><span style=\"font-size: 10pt; font-family: Arial\" lang=\"PL\">\u201d<\/span><\/em><span style=\"font-size: 10pt; font-family: Arial\" lang=\"PL\">\u00a0<\/span><span style=\"font-size: 10pt; font-family: Arial\" lang=\"PL\">Astrid Thors &#8211; minister ds. Europy w rz\u0105dzie Finlandii, TV-Nytt, 23.06.2007 jest bardzo stanowczy w stwierdzeniu, \u017ce: \u201c<em><span style=\"font-family: Arial\">W traktacie <\/span><\/em><strong><em><u><span style=\"font-family: Arial\">nie ma nic, co zosta\u0142oby zmienione<\/span><\/u><\/em><\/strong><em><span style=\"font-family: Arial\"> w odniesieniu do oryginalnego instytucjonalnego zestawu Konstytucji<\/span><\/em>\u201d.<\/span><span style=\"font-size: 10pt; font-family: Arial\" lang=\"PL\">Angela Merkel, kanclerz Niemiec, Telegraph, 29.06.2007 podkre\u015bla w spos\u00f3b niezwykle definitywny: \u201c <em><strong><u><span style=\"font-family: Arial\">Istota Konstytucji UE jest zabezpieczona<\/span><\/u><\/strong><\/em><em><span style=\"font-family: Arial\">. To jest fakt<\/span><\/em>\u201d \u00a0<\/span><span style=\"font-size: 10pt; font-family: Arial\" lang=\"PL\">Premier Irlandii &#8211; Bertie Ahern w Irish Independent, 24 czerwca, 2007 oznajmia: <\/span><span style=\"font-size: 10pt; font-family: Arial\" lang=\"PL\">\u201c<em><strong><u><span style=\"font-family: Arial\">90 procent Konstytucji jest nadal w traktacie<\/span><\/u><\/strong><\/em><em><span style=\"font-family: Arial\">\u2026zmiany jakich dokonano nie spowodowaly jakich\u015b dramatycznych zmian do tre\u015bci tego, co by\u0142o uzgodnione w 2004\u201d<\/span><\/em>(\u2013,)\u201c<em><span style=\"font-family: Arial\">Oryginalny <\/span><\/em><strong><em><u><span style=\"font-family: Arial\">Traktat Konstytucyjny zosta\u0142 zachowany<\/span><\/u><\/em><\/strong><em><span style=\"font-family: Arial\"> co do jego substancji<\/span><\/em>\u201d\u00a0To\u00a0 z kolei strona internetowa rz\u0105du Austrii, 25.06.2007\u00a0<\/span><span style=\"font-size: 10pt; font-family: Arial\" lang=\"PL\">Biuro Informacji Rz\u0105dowej S\u0142owenii cytuje premiera tego kraju Janeza Jansa: Traktat lizbo\u0144ski \u201c <em><span style=\"font-family: Arial\">w istocie nie jest znacz\u0105co r\u00f3\u017cny od Konstytucji\u2026<\/span><\/em><strong><em><u><span style=\"font-family: Arial\">wszystkie kluczowe instytucjonalne rozwi\u0105zania pozostaj\u0105<\/span><\/u><\/em><\/strong><em><span style=\"font-family: Arial\">&#8230;Niekt\u00f3re elementy symboliczne zostan\u0105 wyczyszczone, a niekt\u00f3re sformu\u0142owania stonowane<\/span><\/em>\u201d (23.06.2007).<\/span><span style=\"font-size: 10pt; font-family: Arial\" lang=\"PL\">A Anders Fogh Rasmussen \u2013 premier Danii opiniuje:\u201c<em><span style=\"font-family: Arial\">Co jest dobre w traktacie, to to\u2026.ze wszystkie te symboliczne elementy <\/span><\/em>(flaga, hymn<em><span style=\"font-family: Arial\">&#8211; <\/span><\/em>przyp. moj<em><span style=\"font-family: Arial\">) zosta\u0142y usuni\u0119te ale to, co faktycznie jest istotne <\/span><\/em><strong><em><u><span style=\"font-family: Arial\">\u2013 rdze\u0144 &#8211; pozosta\u0142o<\/span><\/u><\/em><\/strong>\u201d.(Jyllands-Posten, 25.06.2007)\u00a0<\/span><span style=\"font-size: 10pt; font-family: Arial\" lang=\"PL\">Wszystkie powy\u017csze opinie potwierdza te\u017c Guy Verhofstadt \u2013 premier Belgii: \u00a0\u201c<em><span style=\"font-family: Arial\">Nowy traktat <\/span><\/em><strong><em><u><span style=\"font-family: Arial\">przejmuje najbardziej wa\u017cne elementy projektu Konstytucji UE<\/span><\/u><\/em><\/strong>\u201d, (Agence Europe, 24.06.2007)<\/span><span style=\"font-size: 10pt; font-family: Arial\" lang=\"PL\">I wreszcie szczyt szczyt\u00f3w, czyli Parlament Europejski \u201c<em><span style=\"font-family: Arial\">wita z zadowoleniem fakt, i\u017c traktat <\/span><\/em><strong><em><u><span style=\"font-family: Arial\">gwarantuje zabezpieczenie substancji Traktatu Konstytucyjnego<\/span><\/u><\/em><\/strong>\u201d UE. (Rezolucja Parlamentu Europejskiego 10. 07.2007) Pytanie, czy byli tam polscy europos\u0142owie&#8230;? Bo &#8211; Szokuj\u0105ce s\u0105 w kontek\u015bcie powy\u017cszych opinii dwie poni\u017csze, z kt\u00f3rych druga (PiS-u) jest jakby kopi\u0105 pierwszej (angielskiej):\u00a0<\/span><span style=\"font-size: 10pt; font-family: Arial\" lang=\"PL\">&#8222;<em><span style=\"font-family: Arial\">Nowy traktat reformuj\u0105cy jest fundamentalnie <\/span><\/em><strong><em><u><span style=\"font-family: Arial\">r\u00f3\u017cny od Konstytucji UE<\/span><\/u><\/em><\/strong><em><span style=\"font-family: Arial\">, to nie jest Konstytucja<\/span><\/em> \u201c (David Miliband \u2013 minister spraw zagranicznych Wielkiej Brytanii, BBC Today, 16.10.2007)<\/span><span style=\"font-size: 10pt; font-family: Arial\" lang=\"PL\">Powt\u00f3rz\u0119 przytoczon\u0105 na pocz\u0105tku opini\u0119 PiS: \u201e\u00a0<em><span style=\"font-family: Arial\">Aktualna wersja Traktatu <\/span><\/em><strong><em><u><span style=\"font-family: Arial\">to inny dokument<\/span><\/u><\/em><\/strong><em><span style=\"font-family: Arial\">, ni\u017c odrzucony w referendach projekt Konstytucji Europejskiej&#8230;&#8230; <\/span><\/em><strong><em><u><span style=\"font-family: Arial\">Traktat to nie Konstytucja<\/span><\/u><\/em><\/strong>\u201d. <\/span><span style=\"font-size: 10pt; font-family: Arial\" lang=\"PL\">Szanowni Parlamentarzy\u015bci, Cz\u0142onkowie Rz\u0105du, Prezydencie, Premierze: jak chcecie si\u0119 dogadywa\u0107 z Europ\u0105, skoro w tak podstawowym zagadnieniu macie tak nieprawdopodobne rozbie\u017cno\u015bci?! <\/span><span style=\"font-size: 10pt; font-family: Arial\" lang=\"PL\">Mydlicie NARODOWI oczy, \u017ce jeste\u015bcie specjalistami od wszystkiego. Przykro to stwierdzi\u0107, ale nie jeste\u015bcie. Podejrzewam, \u017ce \u017caden z pos\u0142\u00f3w nie zaznajomi\u0142 si\u0119 z tre\u015bci\u0105 Traktatu, za\u015b je\u015bli chodzi o cz\u0142onk\u00f3w rz\u0105du z premierem na czele, to nawet, je\u015bli go czytali, to go po prostu nie rozumiej\u0105. I to t\u0142umaczy\u0142oby fakt, \u017ce w \u017cadnym zak\u0105tku kraju, ani w du\u017cym mie\u015bcie , ani w male\u0144kiej wiosce nie zorganizowano publicznej dyskusji na temat tego, czy NAR\u00d3D chcia\u0142by po\u0142o\u017cy\u0107 si\u0119 pod Europ\u0105. I to jest w\u0142a\u015bnie przest\u0119pstwo, kt\u00f3rego dokonuje rz\u0105dz\u0105ca koalicja, ale i Prezydent. A NAR\u00d3D, niestety albo kolejny raz pokazuje swoj\u0105 g\u0142upot\u0119 i naiwno\u015b\u0107, bo jest fajnie, mo\u017cna je\u017adzi\u0107 tam i z powrotem, albo jest tak sko\u0142owany przez \u201emi\u0142uj\u0105cego\u201d go Tuska, \u017ce nie zauwa\u017cy\u0142, i\u017c ten w\u0142a\u015bnie w imi\u0119 og\u0142oszonej w dzie\u0144 wyborczego zwyci\u0119stwa \u201emi\u0142o\u015bci\u201d odsun\u0105\u0142 go (NAR\u00d3D) od mo\u017cliwo\u015bci samodecydowania.<\/span><span style=\"font-size: 10pt; font-family: Arial\" lang=\"PL\"> <\/span><span style=\"font-size: 10pt; font-family: Arial\" lang=\"PL\"><\/span><\/p>\n","protected":false},"excerpt":{"rendered":"<p>My\u015bl\u0119, \u017ce za post\u0119powanie ze spo\u0142ecze\u0144stwem polskim w przypadku Traktatu Lizbo\u0144skiego najwy\u017csi urz\u0119dnicy RP, jak i wszyscy cz\u0142onkowie Parlamentu powinni by\u0107 postawieni przed Trybunalem Stanu. Nie da si\u0119 chyba inaczej nazwa\u0107 postawy rz\u0105dz\u0105cych Polsk\u0105, jak zlekcewa\u017cenie narodu, zignorowanie obywateli, &#8211; czy mo\u017ce powienienem powiedzie\u0107 zdrada narodu&#8230;? Chc\u0119 zapyta\u0107 i rz\u0105dz\u0105cych i tych w opozycji, od [&hellip;]<\/p>\n","protected":false},"author":2,"featured_media":0,"comment_status":"open","ping_status":"open","sticky":false,"template":"","format":"standard","meta":[],"categories":[4],"tags":[],"_links":{"self":[{"href":"https:\/\/sporek.com\/blog\/index.php?rest_route=\/wp\/v2\/posts\/64"}],"collection":[{"href":"https:\/\/sporek.com\/blog\/index.php?rest_route=\/wp\/v2\/posts"}],"about":[{"href":"https:\/\/sporek.com\/blog\/index.php?rest_route=\/wp\/v2\/types\/post"}],"author":[{"embeddable":true,"href":"https:\/\/sporek.com\/blog\/index.php?rest_route=\/wp\/v2\/users\/2"}],"replies":[{"embeddable":true,"href":"https:\/\/sporek.com\/blog\/index.php?rest_route=%2Fwp%2Fv2%2Fcomments&post=64"}],"version-history":[{"count":0,"href":"https:\/\/sporek.com\/blog\/index.php?rest_route=\/wp\/v2\/posts\/64\/revisions"}],"wp:attachment":[{"href":"https:\/\/sporek.com\/blog\/index.php?rest_route=%2Fwp%2Fv2%2Fmedia&parent=64"}],"wp:term":[{"taxonomy":"category","embeddable":true,"href":"https:\/\/sporek.com\/blog\/index.php?rest_route=%2Fwp%2Fv2%2Fcategories&post=64"},{"taxonomy":"post_tag","embeddable":true,"href":"https:\/\/sporek.com\/blog\/index.php?rest_route=%2Fwp%2Fv2%2Ftags&post=64"}],"curies":[{"name":"wp","href":"https:\/\/api.w.org\/{rel}","templated":true}]}}