{"id":65,"date":"2008-04-03T17:31:32","date_gmt":"2008-04-03T21:31:32","guid":{"rendered":"http:\/\/sporek.com\/blog\/?p=65"},"modified":"2008-08-20T04:05:47","modified_gmt":"2008-08-20T08:05:47","slug":"pamiec-ikomercja","status":"publish","type":"post","link":"https:\/\/sporek.com\/blog\/?p=65","title":{"rendered":"Pami\u0119\u0107 i&#8230;komercja"},"content":{"rendered":"<p>Czytaj\u0105c wypowiedzi przer\u00f3\u017cnych ludzi o tw\u00f3rczo\u015bci Piotra Rubika najbardziej nie zgadza\u0142em si\u0119 z zajad\u0142o\u015bci\u0105 niekt\u00f3rych z nich. Cz\u0119\u015b\u0107 z nich odbiera\u0142em, jako objaw zazdro\u015bci o powodzenie i popularno\u015b\u0107 m\u0142odego kompozytora, a z cz\u0119\u015bci\u0105 po prostu si\u0119 zgadza\u0142em, bo i muzyka Piotra Rubika nie stoi na szczytach. Ca\u0142kowicie jednak zgadzam si\u0119 z faktem, \u017ce spos\u00f3b, w jaki wszed\u0142 on na &#8222;rynek&#8221; poprzez pokaz, widowiskowo\u015b\u0107, by\u0142 wr\u0119cz powalaj\u0105cy. <!--more-->Napewno mo\u017cna powiedzie\u0107, \u017ce widocznie by\u0142o to potrzebne, \u017ce na co\u015b takiego czeka\u0142a publiczno\u015b\u0107. Wi\u0119c stwierdzi\u0142em, \u017ce Piotr Rubik najnormalniej pojawi\u0142 si\u0119 w odpowiednim czasie, w odpowiednim miejscu i odni\u00f3s\u0142 sukces. Troch\u0119 mnie denerwowa\u0142y te &#8222;napady&#8221; na tw\u00f3rc\u0119 w niekt\u00f3rych pismach i konkludowa\u0142em, \u017ce istotnie sta\u0142 si\u0119 on sol\u0105 w oku zazdro\u015bnik\u00f3w, bo du\u017co gorszej muzyki i widowisk mamy ca\u0142\u0105 mas\u0119, a jako\u015b nie robi si\u0119 z tego takiego problemu. My\u015bl\u0119, \u017ce Rubik sta\u0142 si\u0119 zjawiskiem spo\u0142ecznym i cz\u0119\u015b\u0107 publikator\u00f3w nie daje sobie z tym rady, a poza tym, Polska sta\u0142a si\u0119 krajem, w kt\u00f3rym religijna tw\u00f3rczo\u015b\u0107, religijne widowiska, paradoksalnie, (bo przecie\u017c nasz by\u0142 Papie\u017c), a dzi\u0119ki prymitywnym zagraniom polityk\u00f3w, sta\u0142y si\u0119 albo kompletnie marginalne, albo spychane na margines i podsumowywane, jako niezbyt warto\u015bciowe. Osobi\u015bcie zachwycony by\u0142em (i nadal jestem) utworami, kt\u00f3re Rubik napisa\u0142 dla Micha\u0142a Bajora, zawartymi na p\u0142ycie &#8222;Twarze w lustrach&#8221;. Bardzo mi si\u0119 podoba\u0142y utwory z festiwalu w Opolu i stwierdzam, \u017ce jest to dok\u0142adnie to, co dzia\u0142a na s\u0142uchacza. Polpularyzowa\u0142em Bajora w\u015br\u00f3d znajomych i przyjaci\u00f3\u0142 i wszyscy byli mi za to wdzi\u0119czni, bo muzyka jest naprawd\u0119 znakomita. I&#8230;mog\u0142o tak zosta\u0107, ale&#8230;<\/p>\n<p>Jako nar\u00f3d mamy tak\u0105 cudown\u0105 cech\u0119, \u017ce jak kochamy, to ca\u0142ym sercem. Kochali\u015bmy naszego Papie\u017ca ca\u0142ym sercem. Pielgrzymki do Rzymu, przyjazdy z ka\u017cdego zak\u0105tka Polski do miejsc, w kt\u00f3rych odprawia\u0142 msze. Papie\u017c czu\u0142 nasz\u0105 mi\u0142o\u015b\u0107, cho\u0107 czasem prawdopodobnie wola\u0142by spokojnie doko\u0144czy\u0107 zdanie i my\u015bl zamiast mie\u0107 je przerywane okrzykami &#8222;niech \u017cyje Papie\u017c!&#8221;. Mo\u017ce Go to troch\u0119 i denerwowa\u0142o, ale&#8230;? Wiedzia\u0142, \u017ce chcemy Mu okaza\u0107 nasz\u0105 mi\u0142o\u015b\u0107, wiedzia\u0142, \u017ce jeste\u015bmy niezwykle dumni z faktu bycia Polakami, przynale\u017cno\u015bci do narodu, z kt\u00f3rego wyszed\u0142 Nast\u0119pca \u015aw. Piotra, ziemski Namiestnik Chrystusowy. Odwzajemnia\u0142 mi\u0142o\u015b\u0107 swoich rodak\u00f3w du\u017co g\u0142\u0119bsz\u0105, pe\u0142n\u0105 pobo\u017cnej modlitwy mi\u0142o\u015bci\u0105. Z t\u0105 g\u0142\u0119bok\u0105 mi\u0142o\u015bci\u0105 odszed\u0142 do &#8222;Domu Swego Pana&#8221;. Ale nie zabra\u0142 jej; zosta\u0142a w Jego s\u0142owach, w Jego naukach, zosta\u0142a w pami\u0119ci o Nim.<br \/>\nConajmniej trzy pokolenia, by\u0142y \u015bwiadkami wyboru polskiego Papie\u017ca i \u015bwiadkami Jego pontyfikatu, ponad stu pielgrzymek i niezwyk\u0142ej Jego pozycji na ca\u0142ym \u015bwiecie, zar\u00f3wno w\u015br\u00f3d katolik\u00f3w, jak i wszystkich innych religii. I nie zapomn\u0105 tego do ko\u0144ca \u017cycia. Ale te\u017c te same pokolenia b\u0119d\u0105 pami\u0119ta\u0107 Jego m\u0119cze\u0144skie i jak\u017ce \u015bwi\u0119te odchodzenie, podczas kt\u00f3rego &#8222;go\u0142ym okiem&#8221; mo\u017cna by\u0142o dostrzec, \u017ce Pan czeka na Niego, \u017ce miejsce w Domu Pana szykowane jest z wielkim pietyzmem, a sam \u015awi\u0119ty Gospodarz wyczekuje znamienitego Go\u015bcia z wypiekami na starym, Boskim Obliczu. Pa\u017adziernikowy dzie\u0144 z 1978 roku b\u0119dzie w naszej pami\u0119ci dniem radosnego szoku, gdy <strong><em>Habemus Papam<\/em><\/strong> znaczy\u0142o tyle samo, co <em><strong>&#8222;mamy Papie\u017ca z Polski&#8221;.<\/strong><\/em> Drugi dzie\u0144 kwietnia 2005 roku b\u0119dzie dniem wielkiego szoku, dniem wielkiej, nie tylko polskiej, ale \u015bwiatowej \u017ca\u0142oby. Czcimy pami\u0119\u0107 tego wielkiego Cz\u0142owieka na r\u00f3\u017cne sposoby; po cichu, ka\u017cdy dla siebie, g\u0142o\u015bno podczas ko\u015bcielnych uroczysto\u015bci temu po\u015bwi\u0119conych, albo te\u017c w skupieniu s\u0142uchaj\u0105c muzyki w koncertach po\u015bwi\u0119conych pomi\u0119ci Jana Paw\u0142a II.<br \/>\nNiestety, czcimy r\u00f3wnie\u017c pami\u0119\u0107 Karola Wojty\u0142y robi\u0105c przy okazji ogromne pieni\u0105dze. Oto stan Nowy Jork i o\u015bcienne stany &#8222;zasypano&#8221; poczt\u00f3wkami z rozk\u0142adaj\u0105cym r\u0119ce dyrygentem, kt\u00f3rego nazwisko bije w oczy wielko\u015bci\u0105 liter. W tle orkiestra, arty\u015bci, pod spodem nazwa orkiestry, nazwiska artyst\u00f3w, nazwa sali koncertowej, data koncert\u00f3w, ani s\u0142owa o cenie bilet\u00f3w, lub, czy bilety w og\u00f3le b\u0119d\u0105. Natomiast w lewym, g\u00f3rnym rogu niewielka g\u0142\u00f3wka Papie\u017ca, wspartego o sw\u00f3j nieod\u0142\u0105czny krzy\u017c&#8230;i napis, drobnymi literami:<br \/>\n&#8222;W Rocznic\u0119 \u015amierci Papie\u017ca Polaka Jana Paw\u0142a II&#8221;.<br \/>\nRewers tej widok\u00f3wki daje nieco wi\u0119cej informacji: zdj\u0119cie wn\u0119trza sali koncertowej i wykaz agencji, w kt\u00f3rych mo\u017cna naby\u0107 bilety. Wi\u0119c b\u0119d\u0105 bilety. Zainteresowani doznaj\u0105 szoku dopiero po podniesieniu s\u0142uchawki i zadaniu pytania o cen\u0119 bilet\u00f3w: 95, 110, 120 oraz lo\u017ce 150 dolar\u00f3w!<br \/>\nZorganizowa\u0142em w Nowym Jorku kilkadziesi\u0105t koncert\u00f3w i najszczerzej powiem, \u017ce nie odwa\u017cy\u0142bym si\u0119 og\u0142osi\u0107 koncert ku pami\u0119ci Jana Paw\u0142a II w komercyjnej sali za tak wielkie dla publiczno\u015bci pieni\u0105dze. Konsulat RP w Nowym Jorku organizuje darmowe koncerty organowe w Katedrze \u015aw. Patryka, parafie (opr\u00f3cz nabo\u017ce\u0144stw, czuwania itp.) organizuj\u0105 lokalne koncerty i uroczysto\u015bci dost\u0119pne dla wszystkich, po prostu &#8222;ku pami\u0119ci&#8221;. Organizacje spo\u0142eczne robi\u0105 podobnie. Przychodzi, kto chce i kto czuje \u017cal za Papie\u017cem. Na koncerty &#8222;Tu Es Petrus&#8221; przyjd\u0105 tylko ci, kt\u00f3rych sta\u0107 na zakup biletu, a wi\u0119c ci, kt\u00f3rzy maj\u0105 na to pieni\u0105dze. Zaskakuj\u0105ce jest, \u017ce rewers poczt\u00f3wki nie daje najmniejszej informacji o Zmar\u0142ym Papie\u017cu, ale jedynie widok wn\u0119trza sali koncertowej z dw\u00f3ch uj\u0119\u0107. Spodziewa\u0142bym si\u0119 cytatu papieskiego, modlitwy, czy czego\u015b podobnego. Nie. Pod zdj\u0119ciem sali widnieje natomiast wykaz biur i agencji turystycznych, w kt\u00f3rych mo\u017cna kupi\u0107 bilety. Kto\u015b z menad\u017cmentu (Piotra Rubika) zwr\u00f3ci\u0142 si\u0119 do mnie z propozycj\u0105 rozwa\u017cenia mo\u017cliwo\u015bci zorganizowania im koncertu w Carnegie Hall. Pomijam, \u017ce najpierw wyt\u0142umaczy\u0142em, jakie s\u0105 procedury w przypadku Carnegie i jak to jest drogie, ale przede wszystkim zada\u0142em pytanie: &#8222;Czy nie lepiej by\u0142oby uczci\u0107 pami\u0119\u0107 Jana Paw\u0142a II koncertem otwartym w Katedrze \u015aw. Patryka i ewentualnie og\u0142osi\u0107 dobrowoln\u0105 kolekt\u0119 na pokrycie koszt\u00f3w, zamiast sprzedawa\u0107 bilety i to tak drogie?&#8221; Oczywi\u015bcie zadeklarowa\u0142em pomoc. Niestety, na ten e-mail nie otrzyma\u0142em ju\u017c odpowiedzi.<br \/>\nProponowa\u0142em to bazuj\u0105c na w\u0142asnym do\u015bwiadczeniu, gdy 11 listopada, 2007 zorganizowa\u0142em olbrzymi koncert w\u0142a\u015bnie w Katedrze, z pomoc\u0105 kilku sponsor\u00f3w; stu-osobowa orkiestra, (te\u017c ameryka\u0144ska), trzy ch\u00f3ry, solistka. Wst\u0119p dla publiczno\u015bci wolny, a podczas koncertu kolekta, kt\u00f3ra pozwoli\u0142a w sporej cz\u0119\u015bci pokry\u0107 koszty. W lipcu ub. roku uczestniczy\u0142em w ogromnym koncercie w Katedrze Chrystusa Kr\u00f3la, w Katowicach z okazji 75-tych urodzin Wojciecha Kilara &#8211; wst\u0119p wolny, tysi\u0105ce s\u0142uchaczy, wielka orkiestra symfoniczna i dwa, radiowe ch\u00f3ry. Pisz\u0119 o tym, bo oburza mnie powo\u0142ywanie si\u0119 na pami\u0119\u0107 o Polskim papie\u017cu, kt\u00f3r\u0105 wykorzystuje si\u0119 do nies\u0142ychanie komercjalnego celu, ale te\u017c i dlatego. \u017ce otrzyma\u0142em mn\u00f3stwo telefon\u00f3w z pytaniem: &#8222;dlaczego nie zrobi pan koncertu Rubika w Katedrze?&#8221; Na portalu &#8222;Bazarynka&#8221; w og\u0142oszeniu o koncercie i informacji na jego temat podane jest imi\u0119 Janusz. Wielu nie sprawdza ju\u017c numeru telefonu, &#8211; po prostu dzwoni\u0105 do mnie. I wtedy wys\u0142uchuj\u0119 ca\u0142ej litanii na temat u\u017cywania wznios\u0142ego celu dla osi\u0105gni\u0119cia niskich, komercjalnych korzy\u015bci. No, c\u00f3\u017c nie mog\u0119 odpowiada\u0107 ani za organizator\u00f3w koncertu, ani za artyst\u00f3w. Odpowiadam tylko, \u017ce nikt si\u0119 do mnie z tak\u0105 pro\u015bb\u0105 nie zg\u0142osi\u0142. A zrobi\u0142bym to bardzo ch\u0119tnie w\u0142a\u015bnie ku pami\u0119ci Jana Paw\u0142a II.<\/p>\n","protected":false},"excerpt":{"rendered":"<p>Czytaj\u0105c wypowiedzi przer\u00f3\u017cnych ludzi o tw\u00f3rczo\u015bci Piotra Rubika najbardziej nie zgadza\u0142em si\u0119 z zajad\u0142o\u015bci\u0105 niekt\u00f3rych z nich. Cz\u0119\u015b\u0107 z nich odbiera\u0142em, jako objaw zazdro\u015bci o powodzenie i popularno\u015b\u0107 m\u0142odego kompozytora, a z cz\u0119\u015bci\u0105 po prostu si\u0119 zgadza\u0142em, bo i muzyka Piotra Rubika nie stoi na szczytach. Ca\u0142kowicie jednak zgadzam si\u0119 z faktem, \u017ce spos\u00f3b, w [&hellip;]<\/p>\n","protected":false},"author":2,"featured_media":0,"comment_status":"open","ping_status":"open","sticky":false,"template":"","format":"standard","meta":[],"categories":[5],"tags":[],"_links":{"self":[{"href":"https:\/\/sporek.com\/blog\/index.php?rest_route=\/wp\/v2\/posts\/65"}],"collection":[{"href":"https:\/\/sporek.com\/blog\/index.php?rest_route=\/wp\/v2\/posts"}],"about":[{"href":"https:\/\/sporek.com\/blog\/index.php?rest_route=\/wp\/v2\/types\/post"}],"author":[{"embeddable":true,"href":"https:\/\/sporek.com\/blog\/index.php?rest_route=\/wp\/v2\/users\/2"}],"replies":[{"embeddable":true,"href":"https:\/\/sporek.com\/blog\/index.php?rest_route=%2Fwp%2Fv2%2Fcomments&post=65"}],"version-history":[{"count":0,"href":"https:\/\/sporek.com\/blog\/index.php?rest_route=\/wp\/v2\/posts\/65\/revisions"}],"wp:attachment":[{"href":"https:\/\/sporek.com\/blog\/index.php?rest_route=%2Fwp%2Fv2%2Fmedia&parent=65"}],"wp:term":[{"taxonomy":"category","embeddable":true,"href":"https:\/\/sporek.com\/blog\/index.php?rest_route=%2Fwp%2Fv2%2Fcategories&post=65"},{"taxonomy":"post_tag","embeddable":true,"href":"https:\/\/sporek.com\/blog\/index.php?rest_route=%2Fwp%2Fv2%2Ftags&post=65"}],"curies":[{"name":"wp","href":"https:\/\/api.w.org\/{rel}","templated":true}]}}