{"id":66,"date":"2008-04-13T16:26:33","date_gmt":"2008-04-13T20:26:33","guid":{"rendered":"http:\/\/sporek.com\/blog\/?p=66"},"modified":"2008-07-20T01:51:34","modified_gmt":"2008-07-20T05:51:34","slug":"skad-sie-bioro-m-politycy","status":"publish","type":"post","link":"https:\/\/sporek.com\/blog\/?p=66","title":{"rendered":"Sk\u0105d si\u0119 bioro-m politycy&#8230;?"},"content":{"rendered":"<p>Dedykujem szefowi klubu poselskiego PO, niejakiemu Chlebowskiemu.<\/p>\n<p>No, wi\u0119c sk\u0105d si\u0119 biorom politycy? Nie wiem. Mam wra\u017cenie, \u017ce zjawiajom si\u0119 i m\u00f3wiom m, \u017ce s\u0105 p o l i t y k a m i. Ledwie sk\u0142adajom zdania w ojczystym j\u0119zyku; <em>krytykujom, postulujom, radzom<\/em> i&#8230;dobrze <em>zarabiajom<\/em>; za to, \u017ce nie potrafiom m\u00f3wi\u0107 czystom polszczyznom, \u017ce zmieniajom partie, jak kobieta r\u0119kawiczki, \u017ce s\u0105 fa\u0142szywi, krn\u0105brni, chamscy i publicznie ok\u0142amujom nar\u00f3d. Zarabiajom pieni\u0105dz\u0119 podatnik\u00f3w &#8211; bezczelnie i bez skrupu\u0142\u00f3w, bo sami s\u0105 kompletnie nieproduktywni. <!--more-->Niekt\u00f3rzy m\u00f3wiom, \u017ce s\u0105 d y p l o m a t a m i. Bo\u017ce drogi, przecie\u017c cz\u0119\u015b\u0107 z nich nie wie nawet, jak si\u0119 pisze &#8222;dyplomacja&#8221;. Wydaje si\u0119 im, \u017ce jak ich wys\u0142ali na plac\u00f3wki 30 lat temu, to dlatego, \u017ce byli dyplomatami. Oni sami nawet nie zauwa\u017cyli, \u017ce byli wys\u0142ani za partyjn\u0105 legitymacj\u0119, za pos\u0142usze\u0144stwo, ale nie zdolno\u015bci, umiej\u0119tno\u015bci i np. znajomo\u015b\u0107 j\u0119zyk\u00f3w obcych, dyplomatyczne maniery. I mamy potem pasztety w postaci przepraszania gej\u00f3w, Karskiego pod polskim zamiast pod izraelskim konsulatem; w postaci: &#8222;nie chcem, ale muszem&#8221;, &#8222;jezdem za, a nawet przeciw&#8221;; &#8222;som plusy dodatnie i plusy ujemne&#8221;; mamy nowomow\u0119 w postaci: &#8222;tak naprawd\u0119&#8221;, powtarzanego dziesi\u0119\u0107 razy w jednym zdaniu Napieralskiego, czy Olejniczaka, itp. Kto tym zawiaduje, kto to kontroluje? &#8222;Dyplomat\u00f3w&#8221; oczywi\u015bcie desygnuj\u0105 najwy\u017csze w\u0142adze pa\u0144stwowe, za\u015b &#8222;polityk\u00f3w&#8221; kreuje i wybiera nar\u00f3d. I nikt nie zwraca uwagi, \u017ce dany kandydat, jak &#8222;dana rura&#8221; z kabaretu Dudka &#8222;sie zatyka&#8221;, albo m\u00f3wi gwaro-m, albo w og\u00f3le czym\u015b, co nie przypomina j\u0119zyk polski. Ale plecie, \u017ce na &#8222;wierzbak bedom gruszki&#8221;, \u017ce ka\u017cdy dostanie <em>piniondze<\/em>, albo i <em>wiencyj<\/em> i ten bezkrytyczny nar\u00f3d wierzy w te nie po polsku wypowiadane proroctwa, zak\u0142ada opask\u0119 na oczy i oddaje g\u0142osy na kompletnie nie przygotowanych do bycia politykami dzia\u0142aczy terenowych organ\u00f3w partyjnych. A potem przeciera oczy, gdy do koalicji wchodzi wielkorolny basza. Wchodzi, bo nie\u00a0 ma z kim budowa\u0107 koalicji, wchodzi, bo dosta\u0142 spo\u0142eczny mandat. To czego rozdziawiacie japy? Przecie\u017c wybierali\u015bcie. Nar\u00f3d nie zwraca uwagi na to, co reprezentuje sob\u0105 &#8222;dany kandydat&#8221;; ani mowom, ani pismem, ani cechami charakteru, ani wreszcie swojom przesz\u0142o\u015bciom. Wyborca chce mie\u0107 kogo\u015b, kto naobiecuje tyle, \u017ce starczy i jemu &#8211; wyborcy. Niewa\u017cne, \u017ce szesna\u015bcie lat temu &#8222;dany kandydat&#8221; by\u0142 w\u015br\u00f3d tych, kt\u00f3rzy obalili pierwszy w wolnej Polsce rz\u0105d, kt\u00f3ry chcia\u0142 dekomunizacji, kt\u00f3ry chcia\u0142 odsun\u0105\u0107 komun\u0119 na bezpieczny dla spo\u0142ecze\u0144stwa dystans nie dopuszczenia ich do w\u0142adzy. Niewa\u017cne, \u017ce &#8222;dany kandydat&#8221; odda\u0142 komunistom maj\u0105tek po-pezetpeerowski, \u017ce prywatyzowa\u0142 media. Wystarczy, \u017ce naobiecywa\u0142 i ju\u017c mo\u017ce si\u0119 skupia\u0107 na tym, jak zosta\u0107&#8230;prezydentem. Ilu &#8222;podrabianych&#8221; polityk\u00f3w musi si\u0119 jeszcze przewin\u0105\u0107 przez gabinety warszawskich pa\u0142ac\u00f3w rz\u0105dowych, ilu prostak\u00f3w z dziwnym j\u0119zykiem polskim musi jeszcze zakosztowa\u0107 przywilej\u00f3w wielkopa\u0144skiej &#8222;polityki&#8221;, ilu\u00a0kabotyn\u00f3w przeskakuj\u0105cych z partii do partii, z krzes\u0142a na krzes\u0142o musi jeszcze poprzeskakiwa\u0107, \u017ceby nar\u00f3d zacz\u0105\u0142 czyta\u0107 ich \u017cyciorysy, zaznajamia\u0107 si\u0119 z ich przesz\u0142o\u015bciom, dokonaniami i zacz\u0105\u0142 my\u015ble\u0107, \u017ce przecie\u017c to w\u0142a\u015bnie on &#8211; nar\u00f3d ponosi koszty tych eksperyment\u00f3w, tego &#8211; za wszelk\u0105 cen\u0119,- trzymania si\u0119 \u017c\u0142obu. Mo\u017ce tak d\u0142ugo, jak d\u0142ugo starczy mu (narodowi) od pierwszego, do pierwszego? A lata mijajom. I tylko &#8222;politycy&#8221; i &#8222;dyplomaci&#8221; nie narzekajom, \u017ce im \u017ale. Widzia\u0142 kto, kiedy strajkuj\u0105cego ministra, albo v-ce premiera, albo klub poselski, albo europos\u0142\u00f3w?\u00a0 Niech wi\u0119c ludziska dziekujom sami sobie &#8211; w ko\u0144cu majom, czego chcieli.<\/p>\n","protected":false},"excerpt":{"rendered":"<p>Dedykujem szefowi klubu poselskiego PO, niejakiemu Chlebowskiemu. No, wi\u0119c sk\u0105d si\u0119 biorom politycy? Nie wiem. Mam wra\u017cenie, \u017ce zjawiajom si\u0119 i m\u00f3wiom m, \u017ce s\u0105 p o l i t y k a m i. Ledwie sk\u0142adajom zdania w ojczystym j\u0119zyku; krytykujom, postulujom, radzom i&#8230;dobrze zarabiajom; za to, \u017ce nie potrafiom m\u00f3wi\u0107 czystom polszczyznom, \u017ce [&hellip;]<\/p>\n","protected":false},"author":2,"featured_media":0,"comment_status":"open","ping_status":"open","sticky":false,"template":"","format":"standard","meta":[],"categories":[4],"tags":[],"_links":{"self":[{"href":"https:\/\/sporek.com\/blog\/index.php?rest_route=\/wp\/v2\/posts\/66"}],"collection":[{"href":"https:\/\/sporek.com\/blog\/index.php?rest_route=\/wp\/v2\/posts"}],"about":[{"href":"https:\/\/sporek.com\/blog\/index.php?rest_route=\/wp\/v2\/types\/post"}],"author":[{"embeddable":true,"href":"https:\/\/sporek.com\/blog\/index.php?rest_route=\/wp\/v2\/users\/2"}],"replies":[{"embeddable":true,"href":"https:\/\/sporek.com\/blog\/index.php?rest_route=%2Fwp%2Fv2%2Fcomments&post=66"}],"version-history":[{"count":0,"href":"https:\/\/sporek.com\/blog\/index.php?rest_route=\/wp\/v2\/posts\/66\/revisions"}],"wp:attachment":[{"href":"https:\/\/sporek.com\/blog\/index.php?rest_route=%2Fwp%2Fv2%2Fmedia&parent=66"}],"wp:term":[{"taxonomy":"category","embeddable":true,"href":"https:\/\/sporek.com\/blog\/index.php?rest_route=%2Fwp%2Fv2%2Fcategories&post=66"},{"taxonomy":"post_tag","embeddable":true,"href":"https:\/\/sporek.com\/blog\/index.php?rest_route=%2Fwp%2Fv2%2Ftags&post=66"}],"curies":[{"name":"wp","href":"https:\/\/api.w.org\/{rel}","templated":true}]}}