{"id":7,"date":"2007-01-06T09:57:00","date_gmt":"2007-01-06T13:57:00","guid":{"rendered":"http:\/\/sporek.com\/blog\/?p=7"},"modified":"2007-09-21T21:01:54","modified_gmt":"2007-09-22T01:01:54","slug":"arcybiskup-czy-arcykapus","status":"publish","type":"post","link":"https:\/\/sporek.com\/blog\/?p=7","title":{"rendered":"Arcybiskup, czy arcykapu\u015b?"},"content":{"rendered":"<p><span goog_ds_charIndex=\"35\" class=\"date\">Moi pedagodzy w szkole \u015bredniej pope\u0142nili w stosunku do mnie pewien zasadniczy i totalny b\u0142\u0105d: wydali na mnie wyrok skazuj\u0105cy, zanim sprawa wyja\u015bni\u0142a si\u0119 w spos\u00f3b oficjalny. Jako pedagodzy pope\u0142nili kardynalny b\u0142\u0105d, poniewa\u017c szko\u0142a, do kt\u00f3rej ucz\u0119szcza\u0142em by\u0142a szko\u0142\u0105 pedagogiczn\u0105; mia\u0142em by\u0107 nauczycielem. Ten b\u0142\u0105d obr\u00f3ci\u0142 si\u0119 w pozytyw wy\u0142\u0105cznie dlatego, \u017ce jako absolwent owej uczelni postanowi\u0142em nigdy nie os\u0105dza\u0107 moich przysz\u0142ych uczni\u00f3w bez stuprocentowego sprawdzenia wszystkich informacji, a zw\u0142aszcza negatywnych na ich temat. A ju\u017c na pewno nie stosowania kar, gdy cokolwiek, co by\u0142o negatywne nie zosta\u0142o wyja\u015bnione do ko\u0144ca. Mo\u017ce to sta\u0142o si\u0119 i jest do dzi\u015b powodem, dla kt\u00f3rego m\u00f3wi si\u0119 o mnie, \u017ce mam znakomity kontakt z moimi podopiecznymi, a na pewno sta\u0142o si\u0119 przyczyn\u0105, dla kt\u00f3rej moi byli uczniowie utrzymuj\u0105 ze mn\u0105 kontakt d\u0142ugo po uko\u0144czeniu szko\u0142y i nawet jeszcze w wieku doros\u0142ym.<\/span><span goog_ds_charIndex=\"35\" class=\"date\"><\/p>\n<p goog_ds_charIndex=\"943\" align=\"left\" class=\"MsoNormal\">Aby wypowiada\u0107 si\u0119 o \u201eaferze Arycbiskupa Wielgusa\u201d przeczyta\u0142em od deski do deski ca\u0142\u0105, 69-ciostronicow\u0105 teczk\u0119 duchownego.<!--more--><\/p>\n<p goog_ds_charIndex=\"1080\" align=\"left\" class=\"MsoNormal\">Gazeta Polska nie wyda\u0142a wyroku na Arcybiskupa Wielgusa. Zwr\u00f3ci\u0142a jedynie uwag\u0119 spo\u0142ecze\u0144stwa, \u017ce cz\u0142owiek ten zamieszany by\u0142 w niejasne uk\u0142ady z by\u0142ym MO, szczeg\u00f3lnie za\u015b z os\u0142awionym Wydzia\u0142em IV.<\/p>\n<p goog_ds_charIndex=\"1281\" align=\"left\" class=\"MsoNormal\">Wielu natomiast wyda\u0142o wyrok na Gazet\u0119 Polsk\u0105. W Radiu Rytm, w Nowym Jorku us\u0142ysza\u0142em nawet wypowied\u017a we wtorkowej \u201edebacie\u201d, 2-iego stycznia, \u017ce w tej gazecie s\u0105 postkomunistyczne szuje, kt\u00f3re bez skrupu\u0142\u00f3w uderzaj\u0105 w Ko\u015bci\u00f3\u0142 polski.<\/p>\n<p goog_ds_charIndex=\"1518\" align=\"left\" class=\"MsoNormal\">Podnios\u0142o si\u0119 larum, jakiego dawno w naszej Ojczy\u017anie nie by\u0142o i s\u0105dz\u0119, \u017ce nikt z broni\u0105cych biskupa nie zada\u0142 sobie trudu, by do tych akt zajrze\u0107. Niesio\u0142owski (co ten facet jeszcze robi w elitach rz\u0105dowych?- nie rozumiem), nazwa\u0142 dziennikarzy GP byd\u0142em. Ksi\u0119\u017ca i wysocy przedstawiciele Ko\u015bcio\u0142a polskiego stan\u0119li murem za swoim koleg\u0105. I w ka\u017cdej innej sytuacji by\u0142oby to normalne. Ale nie w tej. Gdyby kto\u015b z tych zapalonych obro\u0144c\u00f3w arcybiskupa Wielgusa cho\u0107 chwilk\u0119 si\u0119 zastanowi\u0142, pomy\u015bla\u0142by z pewno\u015bci\u0105, \u017ce podejrze\u0144 o wsp\u00f3\u0142prac\u0119 ze s\u0142u\u017cbami bezpiecze\u0144stwa nie wysysa si\u0119 z palca, \u017ce wysz\u0142y one od dziennikarzy, kt\u00f3rzy znani s\u0105 z detektywistycznych ci\u0105got, \u017ce sk\u0105d\u015b zapewne te informacje otrzymali. I wystarczy\u0142o raczej apelowa\u0107 o wyja\u015bnienie zamiast rzuca\u0107 okropie\u0144stwa w stron\u0119 dziennikarzy. Dzi\u015b ca\u0142a ta silna grupa obro\u0144c\u00f3w biskupa czuje zapewne potworn\u0105 zgag\u0119. Ani ich zgaga, ani fakty, jakie ods\u0142on\u0119\u0142a Komisja Ko\u015bcielna po zbadaniu akt w IPN nie s\u0105 w tej chwili tak istotne, jak to, co zrobi z tym polski Ko\u015bci\u00f3\u0142.<\/p>\n<p goog_ds_charIndex=\"2547\" align=\"left\" class=\"MsoNormal\">Ksi\u0105dz Arcybiskup w kontek\u015bcie swego zachowania teraz i tego, co przeczyta\u0142em w aktach jest dla mnie zwyk\u0142ym karierowiczem, kt\u00f3ry poszed\u0142 na uk\u0142ady z SB. Twierdzi, \u017ce wy\u0142\u0105cznie z ch\u0119ci realizacji swoich naukowych ambicji. Dzi\u015b m\u00f3wi, \u017ce si\u0119 tego wstydzi i \u017ca\u0142uje, \u017ce nie pojmowa\u0142 ogromu odpowiedzialno\u015bci. Trudno jest uwierzy\u0107, \u017ce cz\u0142owiek z tytu\u0142em doktora nie obj\u0105\u0142 swoim rozumem tego, w co wszed\u0142, nie poj\u0105\u0142 tekst\u00f3w o\u015bwiadcze\u0144, jakie podpisywa\u0142, nie zdawa\u0142 sobie sprawy, \u017ce kieruje si\u0119 go przeciwko Radiu Wolna Europa, \u017ce u\u017cywa si\u0119 go, jako polskiego szpiega maj\u0105cego zachowywa\u0107 si\u0119 momentami, jak &#8230;.Hans Kloss, \u017ce zaakceptowa\u0142 luksusowe mieszkanie&#8230; W te bzdury nie wierz\u0119.<\/p>\n<p goog_ds_charIndex=\"3229\" align=\"left\" class=\"MsoNormal\">Wstydem jest fakt, \u017ce ksi\u0105dz Wielgus, jako kap\u0142an, najpierw uparcie k\u0142ama\u0142 zanim wreszcie przyzna\u0142, \u017ce wszystko, co powiedziano i napisano jest prawd\u0105.<\/p>\n<p goog_ds_charIndex=\"3383\" align=\"left\" class=\"MsoNormal\">Sugestie, \u017ce faceci z Bezpieki przesadzali z opisem jego dzia\u0142ano\u015bci s\u0105 chybione, cho\u0107by dlatego, \u017ce trudno si\u0119 tam dopatrze\u0107 jakiej\u015b przesady. S\u0105 instrukcje, s\u0105 notatki s\u0142u\u017cbowe, jest list (r\u0119kopis) samego biskupa.<\/p>\n<p goog_ds_charIndex=\"3601\" align=\"left\" class=\"MsoNormal\">Szokowa\u0142o mnie stwierdzenie kap\u0142ana, \u017ce praca duszpasterska by\u0142aby dla niego degradacj\u0105 zawodow\u0105, bo on g\u0142\u00f3wnie d\u0105\u017cy\u0142 do habilitacji swojego doktoratu. Lubi\u0142 cywilne ubranie, lubi\u0142 wyjazdy, lubil status naukowca. Czy doktor Wielgus by\u0142 jedynym doktorem habilituj\u0105cym si\u0119 w tamtych czasach? Nie. Ale by jedynym, kt\u00f3remu Bezpieka dawa\u0142a za cel wej\u015bcie do Radia Wolna Europa, zbierania danych o ksi\u0119\u017cach poza granicami, nagrywania przem\u00f3wie\u0144 dostojnik\u00f3w ko\u015bcielnych itd, itp.<\/p>\n<p goog_ds_charIndex=\"4076\" align=\"left\" class=\"MsoNormal\">Cz\u0142owiek, kt\u00f3ry ma tak\u0105 przesz\u0142o\u015b\u0107 nie powinien by\u0107 tak wysoko w hierarchi ko\u015bcielnej (nie tylko ko\u015bcielnej).<\/p>\n<p goog_ds_charIndex=\"4188\" align=\"left\" class=\"MsoNormal\">Gadanie o tym, \u017ce Gazeta Polska pope\u0142ni\u0142a jaki\u015b wredny nietakt, bo \u201erzopocz\u0119\u0142a\u201d lustracj\u0119 w ko\u015bciele jest idotyzmem. Oni po prostu zwr\u00f3cili uwag\u0119 na przesz\u0142o\u015b\u0107 cz\u0142owieka, kt\u00f3ry mia\u0142 dost\u0105pi\u0107 drugiej co do wa\u017cno\u015bci pozycji we w\u0142adzach ko\u015bcielnych kraju.<\/p>\n<p goog_ds_charIndex=\"4443\" align=\"left\" class=\"MsoNormal\">Nie doczyta\u0142em si\u0119 w GP najmniejszego nawet apelu o lustracj\u0119 w ko\u015bciele, a jedynie informacj\u0119, \u017ce maj\u0105cy zastapi\u0107 Prymasa Polski Kardyna\u0142a Glempa na stanowisku biskupa Warszawy kap\u0142an, m\u00f3g\u0142 by\u0107 zamotany w kompromituj\u0105c\u0105 wsp\u00f3\u0142prac\u0119 ze skompromitowanymi s\u0142u\u017cbami komunistycznej Polski.<\/p>\n<p goog_ds_charIndex=\"4730\" align=\"left\" class=\"MsoNormal\">Arcbp Wielgus twierdzi, \u017ce nie skrzywdzi\u0142 nikogo. Na mi\u0142o\u015b\u0107 bosk\u0105, wspieranie i wsp\u00f3\u0142praca ze zbrodniczym systemem jest krzywd\u0105 dla tych tysi\u0119cy i milion\u00f3w, kt\u00f3rych ten system krzywdzi\u0142. Na co by\u0142a habilitacja, skoro ten cz\u0142owiek do dzi\u015b my\u015bli takimi kategoriami?<\/p>\n<p goog_ds_charIndex=\"4996\" align=\"left\" class=\"MsoNormal\">W jakim \u015bwietle biskup Wielgus postawi\u0142 Ko\u015bci\u00f3\u0142 polski? W jakim \u015bwietle postawil Stolic\u0119 Apostolsk\u0105, kt\u00f3ra tak zdecydowanie popar\u0142a jego kandydatur\u0119?<\/p>\n<p goog_ds_charIndex=\"5148\" align=\"left\" class=\"MsoNormal\">Niezwykle ambitny w zdobywaniu naukowych awans\u00f3w, dzi\u015b pozbawiony jest najprostszej, ludzkiej ambicji stawienia czo\u0142a swojej kl\u0119sce i poproszenia o przej\u015bcie na emerytur\u0119. To ju\u017c komuni\u015bci mieli wi\u0119cej honoru, odsuwaj\u0105c si\u0119 nawzajem na \u201ezas\u0142u\u017con\u0105 emerytur\u0119\u201d, albo rezygnuj\u0105c ze swych stanowisk \u201eze wzgl\u0119du na stan zdrowia\u201d.<\/p>\n<p goog_ds_charIndex=\"5474\" align=\"left\" class=\"MsoNormal\">To, co sta\u0142o si\u0119 w Polsce z powodu tch\u00f3rzostwa ksi\u0119dza Wielgusa, jego chciwo\u015bci w otrzymaniu nominacji i doprowadzenia do Ingresu, jest jedn\u0105 z najgorszych rzeczy, jakie mog\u0142y si\u0119 przydarzy\u0107 tej um\u0119czonej wszelkimi okropno\u015bciami historycznymi ziemi.<\/p>\n<p goog_ds_charIndex=\"5726\" align=\"left\" class=\"MsoNormal\">Przypadek Arcybiskupa Wielgusa jest bolesn\u0105 konsekwencj\u0105 zaniedba\u0144 Wa\u0142\u0119sy, kt\u00f3ry mia\u0142 najwi\u0119ksze i najbardziej klarowne szanse na zdekomunizowanie, rozliczenie i wyprowadzenie Polski na prost\u0105.<\/p>\n<p goog_ds_charIndex=\"5922\" align=\"left\" class=\"MsoNormal\">Jest bolesn\u0105 konsekwencj\u0105, wprowadzonej w jakim\u015b pijanym amoku \u201egrubej kreski\u201d Mazowieckiego.<\/p>\n<p goog_ds_charIndex=\"6018\" align=\"left\" class=\"MsoNormal\">Jest wreszcie bolesn\u0105 i tragiczn\u0105 koncekwencj\u0105 nocnego \u201ezamachu\u201d na rz\u0105d Jana Olszewskiego, w\u0142a\u015bnie w chwili, gdy ten ujawni\u0142 zamiary dekomunizacji, rozliczenia.. Ale tam, po\u015br\u00f3d innych, w nocnej naradzie brali udzia\u0142 i Wa\u0142\u0119sa i Mazowiecki i Tusk i Niesio\u0142owski.<\/p>\n<p goog_ds_charIndex=\"6283\" align=\"left\" class=\"MsoNormal\">Co zrobi\u0105 biskupi zasiadaj\u0105cy w naczelnych w\u0142adzach ko\u015bcielnych\u00a0 Polski z k\u0142amstwem Wielgusa? Co zrobi z tym Watykan?<\/p>\n<p goog_ds_charIndex=\"6403\" align=\"left\" class=\"MsoNormal\">Jestem cz\u0142owiekiem wierz\u0105cym, jestem katolikiem i ogarnia mnie rozpacz. Moja Ojczyzna sta\u0142a si\u0119 miejscem m\u0119cze\u0144skiej \u015bmierci Kapelana Solidarno\u015bci, Ksi\u0119dza Jerzego. Jego oprawcy s\u0105 na wolno\u015bci.<\/p>\n<p goog_ds_charIndex=\"6599\" align=\"left\" class=\"MsoNormal\">By\u0142a miejscem tortur Ojca Zaleskiego, kt\u00f3remu dzi\u015b stwarza si\u0119 problemy w ods\u0142anianiu prawdy o donosicielach.<\/p>\n<p goog_ds_charIndex=\"6711\" align=\"left\" class=\"MsoNormal\">By\u0142a miejscem nawo\u0142ywa\u0144 polskiego Ojca \u015awi\u0119tego o napraw\u0119 wszystkiego, co zanieczy\u015bci\u0142 zbrodniczy system komunistyczny. Temu, o kt\u00f3rego \u015bwi\u0119to\u015b\u0107 modli si\u0119 ca\u0142y \u015bwiat zanegowali rodacy &#8211; wybrali by\u0142ego cz\u0142onka PZPR na swego prezydenta. B\u0119d\u0119 to powtarza\u0142 do znudzenia.<\/p>\n<p goog_ds_charIndex=\"6980\" align=\"left\" class=\"MsoNormal\">Narodzie, sam jeste\u015b sobie winien.<\/p>\n<p goog_ds_charIndex=\"7017\" align=\"left\" class=\"MsoNormal\">I kiedy dzi\u015b znajduj\u0105 si\u0119 krzykacze protestuj\u0105cy przeciwko lustracji, to my\u015bl\u0119, \u017ce s\u0105 to wy\u0142\u0105cznie ci, kt\u00f3rzy maj\u0105 brudne sumienia.<\/p>\n<p goog_ds_charIndex=\"7151\" align=\"left\" class=\"MsoNormal\">To samo jest w Polonii. Tu te\u017c wielu jest k\u0142amc\u00f3w, a \u017ce maj\u0105 okre\u015blone stanowiska i funkcje, lustracja Polonii jest odsuwana na dalszy plan, albo idea jej przeprowadzenia jest wr\u0119cz niszczona w zarodku.<\/p>\n<p goog_ds_charIndex=\"7356\" align=\"left\" class=\"MsoNormal\">Zaniedbania z przesz\u0142o\u015bci owych m\u0105drych, che\u0142pi\u0105cych si\u0119 intuicj\u0105, polityczn\u0105 madro\u015bci\u0105 bezrozumnych m\u0119\u017c\u00f3w stanu po-solidarno\u015bciowej Polski b\u0119dzie si\u0119 odbija\u0107 jeszcze d\u0142ugo czkawk\u0105 pe\u0142n\u0105 gorzkiego smaku niedoli tej cz\u0119\u015bci narodu, kt\u00f3ra nie zdo\u0142a\u0142a nakra\u015b\u0107, by \u017cy\u0107 w dostatku.<\/p>\n<p goog_ds_charIndex=\"7634\" align=\"left\" class=\"MsoNormal\">Dzi\u015b wielu z owych m\u0119drc\u00f3w piastuje lukratywne posadki w Brukselii, zbrodniarze Czerwc\u00f3w, Marc\u00f3w, Grudni\u00f3w \u017cyj\u0105 z wysokich emerytur \u201ezas\u0142u\u017conych\u201d dla Ojczyzny, krajem nadal chc\u0105 rz\u0105dzi\u0107 ci, kt\u00f3rzy wspierali komunistyczny re\u017cim.<\/p>\n<p goog_ds_charIndex=\"7864\" align=\"left\" class=\"MsoNormal\">I niestety, jak to wida\u0107 teraz bardzo bole\u015bnie, nawet najwy\u017csi urz\u0119dnicy Ko\u015bcio\u0142a.<\/p>\n<p><\/span><\/p>\n","protected":false},"excerpt":{"rendered":"<p>Moi pedagodzy w szkole \u015bredniej pope\u0142nili w stosunku do mnie pewien zasadniczy i totalny b\u0142\u0105d: wydali na mnie wyrok skazuj\u0105cy, zanim sprawa wyja\u015bni\u0142a si\u0119 w spos\u00f3b oficjalny. Jako pedagodzy pope\u0142nili kardynalny b\u0142\u0105d, poniewa\u017c szko\u0142a, do kt\u00f3rej ucz\u0119szcza\u0142em by\u0142a szko\u0142\u0105 pedagogiczn\u0105; mia\u0142em by\u0107 nauczycielem. Ten b\u0142\u0105d obr\u00f3ci\u0142 si\u0119 w pozytyw wy\u0142\u0105cznie dlatego, \u017ce jako absolwent owej [&hellip;]<\/p>\n","protected":false},"author":2,"featured_media":0,"comment_status":"open","ping_status":"open","sticky":false,"template":"","format":"standard","meta":[],"categories":[4],"tags":[],"_links":{"self":[{"href":"https:\/\/sporek.com\/blog\/index.php?rest_route=\/wp\/v2\/posts\/7"}],"collection":[{"href":"https:\/\/sporek.com\/blog\/index.php?rest_route=\/wp\/v2\/posts"}],"about":[{"href":"https:\/\/sporek.com\/blog\/index.php?rest_route=\/wp\/v2\/types\/post"}],"author":[{"embeddable":true,"href":"https:\/\/sporek.com\/blog\/index.php?rest_route=\/wp\/v2\/users\/2"}],"replies":[{"embeddable":true,"href":"https:\/\/sporek.com\/blog\/index.php?rest_route=%2Fwp%2Fv2%2Fcomments&post=7"}],"version-history":[{"count":0,"href":"https:\/\/sporek.com\/blog\/index.php?rest_route=\/wp\/v2\/posts\/7\/revisions"}],"wp:attachment":[{"href":"https:\/\/sporek.com\/blog\/index.php?rest_route=%2Fwp%2Fv2%2Fmedia&parent=7"}],"wp:term":[{"taxonomy":"category","embeddable":true,"href":"https:\/\/sporek.com\/blog\/index.php?rest_route=%2Fwp%2Fv2%2Fcategories&post=7"},{"taxonomy":"post_tag","embeddable":true,"href":"https:\/\/sporek.com\/blog\/index.php?rest_route=%2Fwp%2Fv2%2Ftags&post=7"}],"curies":[{"name":"wp","href":"https:\/\/api.w.org\/{rel}","templated":true}]}}