{"id":70,"date":"2008-06-05T22:57:32","date_gmt":"2008-06-06T02:57:32","guid":{"rendered":"http:\/\/sporek.com\/blog\/?p=70"},"modified":"2008-06-21T00:52:34","modified_gmt":"2008-06-21T04:52:34","slug":"na-polroczedwoja","status":"publish","type":"post","link":"https:\/\/sporek.com\/blog\/?p=70","title":{"rendered":"Na p\u00f3\u0142rocze&#8230;DW\u00d3JA!!!"},"content":{"rendered":"<p goog_docs_charIndex=\"32\" id=\"dds60\">Znajomi, przyjaciele i\u00a0w og\u00f3le Czytelnicy mojego bloga\u00a0od tygodni zasypuj\u0105 mnie oskar\u017ceniami o lenistwo, oboj\u0119tno\u015b\u0107\u00a0 i kompletny tumiwisizm, bo mija miesi\u0105c, a nowego tekstu nie ma. To prawda, \u017ce nie ma, ale nie prawda, \u017ce jestem le\u0144. Wstaj\u0119 o 5-ej (podobno, jak premier), ale nie po to, \u017ceby d\u0142u\u017cej nic nie robi\u0107; faktem jest, \u017ce od kilku tygodni nie napisa\u0142em nic, ale za to&#8230;czyta\u0142em.,- strasznie du\u017co i s\u0142ucha\u0142em przer\u00f3\u017cnych informacji. S\u0142ucha\u0142em te\u017c podsumowania p\u00f3\u0142rocza &#8222;cudownych&#8221; rz\u0105d\u00f3w i teraz, po lekturach, s\u0142uchaniach i obserwowaniu polskiej sceny politycznej troch\u0119, jako pedagog, troch\u0119, jako ten, kt\u00f3ry jednak chcia\u0142 kontynuacji rz\u0105d\u00f3w PiS-u postanowi\u0142em wystawi\u0107\u00a0 pana Tuskowemu rz\u0105dowi moj\u0105 w\u0142asn\u0105 cenzurk\u0119. Niestety jest to cenzurka negatywna. Czterdzie\u015bci lat temu to nie by\u0142by klaps, a porz\u0105dne lanie. Wtedy, kiedy mo\u017cna by\u0142o bez przeszk\u00f3d st\u0142uc niesforne pachol\u0119 na tzw. kwa\u015bne jab\u0142ko, za co delikwent musia\u0142 jeszcze przeprosi\u0107\u00a0 i podzi\u0119kowa\u0107. I nikt nie donosi\u0142, \u017ce rodzic, lub nauczyciel si\u0119 zn\u0119ca\u0142. Zimny i twardy ch\u00f3w owocowa\u0142 twardymi lud\u017ami i tak doszli\u015bmy do 60-tki; wykszta\u0142ceni, z szacunkiem dla rodzic\u00f3w, pedagog\u00f3w -cho\u0107\u00a0 lali nas r\u00f3wno. Matk\u0119 ca\u0142owa\u0142o si\u0119 w r\u0119k\u0119, przed nauczycielem zdejmowa\u0142o si\u0119 czapk\u0119, a przed milicjantem sz\u0142o si\u0119 pro\u015bciutko. Ad rem. Wykazanie nieudolno\u015bci, ale przede wszystkim lenistwa\u00a0<strong goog_docs_charIndex=\"1198\" id=\"l:010\">T<\/strong>ej <strong goog_docs_charIndex=\"1204\" id=\"l:011\">U<\/strong>zdolnionej <strong goog_docs_charIndex=\"1218\" id=\"l:012\">S<\/strong>\u0142abo <strong goog_docs_charIndex=\"1226\" id=\"l:013\">K<\/strong>adry (w skr\u00f3cie T. U. S. K.) nie nastr\u0119cza specjalnych trudno\u015bci, bo wystarczy wymieni\u0107\u00a0 zaledwie kilka dziedzin i ju\u017c oka\u017ce si\u0119, \u017ce propaganda sukcesu z okresu kampanii wyborczej by\u0142a jedynie po to, aby naiwni uwierzyli&#8230;i wybrali. Wspomina\u0142em ju\u017c w innym miejscu, \u017ce ekipa ta wspi\u0119\u0142a si\u0119 na szczyty polskiego parnasu politycznego tylko po to, aby nie by\u0142o tam PiS.<!--more--><\/p>\n<p goog_docs_charIndex=\"1580\" id=\"tf:b0\">Ju\u017c po kilku tygodniach okaza\u0142o si\u0119, \u017ce nominowano prokurator\u00f3w z okresu SLD i to g\u0142\u00f3wnie tych, kt\u00f3rzy przez nieudolnie prowadzone \u015bledztwo dopu\u015bcili do \u015bmierci porwanego i, niestety\u00a0nie \u017cyj\u0105cego ju\u017c, bestialsko zamordowanego Krzysztofa Olewnika.<\/p>\n<p goog_docs_charIndex=\"1795\" id=\"kkg20\">* Nowy minister sprawiedliwo\u015bci awansowa\u0142 na stanowisko zast\u0119pcy prokuratora generalnego Andrzeja Pogorzelskiego&#8230;tego samego, kt\u00f3ry by\u0142 szefem Prokuratury Okr\u0119gowej w Warszawie, gdy rodzina K. Olewnika przekaza\u0142a okup porywaczom. By\u0142 to newralgiczny moment w \u015bledztwie. Olewnik jeszcze \u017cy\u0142. Dalej: dwoje prokurator\u00f3w z Prokuratury Apelacyjnej, kt\u00f3rzy nadzorowali \u015bledztwo w sprawie porwania K. Olewnika, a kt\u00f3rych w 2005 roku odwo\u0142a\u0142 min. Zbigniew Ziobro, dzi\u015b powr\u00f3cili na swoje stanowsika; Bogus\u0142aw Michalski &#8211; szef i Ludmi\u0142a Tomaszewska &#8211; zast\u0119pca szefa tej\u017ce Prokuratury Apelacyjnej i dzi\u015b&#8230;nadzoruj\u0105 spraw\u0119 samob\u00f3jczej \u015bmierci w celi wi\u0119ziennej jednego z porywaczy Olewnika, S\u0142awomira Ko\u015bciuka.<\/p>\n<p goog_docs_charIndex=\"2499\" id=\"aeum0\">Zatem resort sprawiedliwo\u015bci &#8211;\u00a0\u00a0\u00a0\u00a0\u00a0dw\u00f3ja !!!<\/p>\n<p goog_docs_charIndex=\"2545\" id=\"aeum1\">* O\u015bwiata: to, \u017ce pani minister o\u015bwiaty nie zrobi\u0142a niczego szczeg\u00f3lnego, wida\u0107 , jak na d\u0142oni, ale to, \u017ce szykuje si\u0119 jedna z najwi\u0119kszych afer najbli\u017cszych lat ukryte jest na razie za pozornie niewinnym &#8222;pe\u0142nym mi\u0142o\u015bci&#8221; posuni\u0119ciem znanym, jako &#8222;darmowe podr\u0119czniki&#8221; dla pierwszoklasist\u00f3w podstaw\u00f3wek i gimnazj\u00f3w. Ot\u00f3\u017c roczny koszt rz\u0105dowej akcji wyniesie oko\u0142o 340 milion\u00f3w z\u0142otych. Ma to by\u0107\u00a0 rozci\u0105gni\u0119te na sze\u015b\u0107\u00a0 lat. B\u0119dzie wi\u0119c kosztowa\u0142o podatnik\u00f3w ponad 2 miliardy z\u0142otych!!! Rynek ksi\u0105\u017cek szkolnych zdominowany jest przez Wydawnictwo Szkolne i Pedagogiczne. &#8222;Pieprzne&#8221; jest to, \u017ce w sprywatyzowanych WSiP g\u0142\u00f3wnymi akcjonariuszami s\u0105 sp\u00f3\u0142ki zawi\u0105zane z Pekao SA, gdzie z kolei olbrzymie wp\u0142ywy maj\u0105 dawni i obecni dzia\u0142acze PO, Unii Wolno\u015bci i Kongresu Liberalno-Demokratycznego. Spo\u0142ecze\u0144stwo jeszcze niczego si\u0119 nie domy\u015bla&#8230;bo nie chce si\u0119 domy\u015bla\u0107 , bo nie czyta, bo nie interesuje si\u0119 kuchni\u0105 polityki swego kraju. Nag\u0142o\u015bniene strajk\u00f3w nauczycieli (\u017cadnych efekt\u00f3w) odwraca skutecznie uwag\u0119 od podr\u0119cznikowego &#8222;skoku na kas\u0119&#8221;.<\/p>\n<p goog_docs_charIndex=\"3590\" id=\"zxib0\">O\u015bwiata &#8211; dw\u00f3ja!!!<\/p>\n<p goog_docs_charIndex=\"3610\" id=\"zxib1\">* Nauka i Szkolnictwo Wy\u017csze: ju\u017c za sam\u0105 &#8222;filizoficzn\u0105&#8221; wypowied\u017a pani minister, \u017ce najwi\u0119ksz\u0105 produktywno\u015b\u0107\u00a0 umys\u0142ow\u0105 przeci\u0119tny homo sapiens wykazuje pomi\u0119dzy 35 &#8211; 40 rokiem \u017cycia, degraduje &#8222;ministerk\u0119&#8221; (dobrze po 50-tce) i definitywnie zmniejsza sens zatrudnienia\u00a0 jej na tak powa\u017cnym stanowisku. No, bo co; &#8211; do czterdziestki, a potem to ju\u017c niewiele warty, zu\u017cyty ludzki paso\u017cyt, kt\u00f3ry ju\u017c nic nie wymy\u015bli, niczego nowego nie wykreuje. Odsy\u0142am zatem pani\u0105 minister do \u017cyciorys\u00f3w Wielkich tego \u015bwiata, aby dowiedzia\u0142a si\u0119 ile wspania\u0142ych rzeczy dokonali faceci i facetki po czterdziestce (w tym nasza Maria Sk\u0142odowska-Curie, czy nobli\u015bci Reymont i Sienkiewicz&#8230;innych nie wspomn\u0119, bo mam mieszane uczucia), ale wspomn\u0119 Beethovena, kt\u00f3ry ma\u0142o tego, \u017ce by\u0142 ju\u017c starszym panem, w dodatku kompletnie g\u0142uchym, to jeszcze wymy\u015bli\u0142 9-t\u0105 Symfoni\u0119, kt\u00f3rej najwspanialszy fragment\u00a0Europa wzi\u0119\u0142a sobie za hymn (biedny Mistrz, odwali\u0142 tak\u0105 robot\u0119 kompletnie za darmo, \u017ceby Mu cho\u0107 pomnik postawili w tej&#8230;brukselce-europejce). Nie b\u0119d\u0119 zanudza\u0142 przyk\u0142adami &#8211; jest ich na p\u0119czki. Pani minister wymy\u015bli\u0142a jeszcze, \u017ce habilitacja nie jest nikomu, do niczego potrzebna. Ma prawo wymy\u015bla\u0107\u00a0 r\u00f3\u017cne teorie, ale na jej miejscu uwa\u017ca\u0142bym z takimi innowacjami&#8230;mog\u0105 nie by\u0107\u00a0 zbyt odkrywcze, w ko\u0144cu pani ma ju\u017c grubo po czterdziestce. (A mo\u017ce tak re-habilitacja&#8230;?)<\/p>\n<p goog_docs_charIndex=\"4659\" id=\"z1tt0\">-Zatem tu te\u017c &#8211; dw\u00f3ja!!!<\/p>\n<p goog_docs_charIndex=\"4685\" id=\"z1tt1\">* Ministerstwo Rolnictwa: Zgodnie ze swoj\u0105 taktyk\u0105 koalicja PO-PSL po raz kolejny od\u0142o\u017cy\u0142a &#8222;na p\u00f3\u017aniej&#8221; powa\u017cny problem, jakim by\u0142 i jest ca\u0142kowity zakaz wytwarzania, wprowadzania do obrotu i stosowania w \u017cywieniu zwierz\u0105t pasz genetycznie zmodyfikowanych (GMOP). Zakaz ten mia\u0142 by\u0107\u00a0 wprowadzony 12 sierpnia br. Odsuni\u0119to go a\u017c do&#8230;2012 roku!!!<\/p>\n<p goog_docs_charIndex=\"5032\" id=\"jwu_0\">*Min. Rolnictwa i rz\u0105dz\u0105ca koalicja &#8211; dw\u00f3ja!!!<\/p>\n<p goog_docs_charIndex=\"5080\" id=\"jwu_1\">* Reforma Finans\u00f3w Spo\u0142ecznych: nawet nie ma co pisa\u0107 , bo nic nie zrobiono. Odszed\u0142 z resortu \u015bwietny fachowiec. Ponadto minister finans\u00f3w uparcie wstrzymuje zmniejszenie akcyzy na paliwo, na czym rz\u0105d zarabia ponadplanowe pieni\u0105dze, ale jest g\u0142uchy na\u00a0 wo\u0142ania o popraw\u0119 zarobk\u00f3w nauczycieli, pocztowc\u00f3w, milicjant\u00f3w, s\u0142u\u017cby zdrowia i w og\u00f3le wszystkich, kt\u00f3rzy o co\u015b prosz\u0105. A tak mia\u0142o by\u0107\u00a0 &#8222;mi\u0142o\u015bnie&#8221;.<\/p>\n<p goog_docs_charIndex=\"5488\" id=\"baym0\">-Finanse &#8211; dw\u00f3ja!!!<\/p>\n<p goog_docs_charIndex=\"5509\" id=\"baym1\">* Mia\u0142o by\u0107\u00a0 bezpiecznie, bez wchodzenia do prywatnych posiad\u0142o\u015bci o sz\u00f3stej rano. A jednak by\u0142a akcja i to kompletnie nieudolnie przeprowadzona; bez zabezpieczenia terenu, bez przestrzegania procedur. Oberwa\u0142o si\u0119 dziennikarzom: rewizja osobista, skonfiskowane narz\u0119dzia pracy, &#8211; No, c\u00f3\u017c, wolne pa\u0144stwo&#8230;tyle, \u017ce ju\u017c nie Prawa i Sprawiedliwo\u015bci. Sensacji nie by\u0142o,-&#8222;podejrzanych&#8221; wypuszczono po przyznaniu im statusu \u015bwiadka, a nie :podejrzanegp&#8221;. Nikt, nikogo nie przeprosi\u0142. &#8222;My przecie\u017c mo\u017cemy&#8221;. PiS nie m\u00f3g\u0142.<\/p>\n<p goog_docs_charIndex=\"5953\" id=\"uzol0\">&#8211; Dw\u00f3ja!!!<\/p>\n<p goog_docs_charIndex=\"5965\" id=\"uzol1\">* Je\u015bli pani Pitera jest powo\u0142ana do wykrywania niedoci\u0105gni\u0119\u0107\u00a0 ekipy PiS-u, to warto si\u0119 zastanowi\u0107, czy uposa\u017canie jej i jej pomocnik\u00f3w (np. pana Nowaka) wysokimi pensjami ministerialnymi nie jest samo w sobie przest\u0119pstwem. Od p\u00f3\u0142 roku nie &#8222;wykry\u0142a&#8221; nic; raport o pracy Andrzeja Kami\u0144skiego okaza\u0142 si\u0119\u00a0fars\u0105. Ale ju\u017c raport o nadu\u017cywaniu kart kredytowych i w og\u00f3le pa\u0144stwowych funduszy przez ministr\u00f3w z poprzedniej ekipy by\u0142 rozrywk\u0105 z najwy\u017cszej p\u00f3\u0142ki kabaretowej. &#8222;Raport jest pora\u017caj\u0105cy&#8221;, m\u00f3wi\u0142a pani Julia, dodaj\u0105c, \u017ce ma problem, czy w og\u00f3le go publikowa\u0107 . I mia\u0142a racj\u0119: mnie porazi\u0142 dorsz za 8 z groszami, spinki za 600 i w og\u00f3le 21 tysi\u0119cy wydanych przez dwa lata.\u00a0I mia\u0142a racj\u0119 pani Julia zastanawiaj\u0105c si\u0119, czy te \u015bmieszne teksty kabaretowe publikowa\u0107. A jednak opublikowa\u0142a. Osobi\u015bcie czekam na podliczenie wydatk\u00f3w np: w Peru i ich zasadno\u015b\u0107.\u00a0\u00a0<\/p>\n<p goog_docs_charIndex=\"6827\" id=\"lwzc0\">-Pani Pitera &#8211; dw\u00f3ja!!!<\/p>\n<p goog_docs_charIndex=\"6852\" id=\"wqfg0\">* Marz\u0119 o rz\u0105dzie, kt\u00f3ry wymy\u015bli co\u015b, co pozwoli nam si\u0119 jako\u015b wypl\u0105ta\u0107\u00a0\u00a0z &#8222;Europy&#8221;, czyli z tej &#8222;dobrono\u015bnej&#8221; Unii. O ile Stany Zjednoczone\u00a0pomy\u015blane by\u0142y, by ochrania\u0107\u00a0 wolno\u015b\u0107, w\u0142asno\u015b\u0107 i to\u017csamo\u015b\u0107\u00a0 jednostki przed zakusami pa\u0144stwa i by\u0142y budowane niejako oddolnie, od podstaw, o tyle Unia Europejska jest od pocz\u0105tku do ko\u0144ca tworem odg\u00f3rnego, zcentralizowanego planowania i s\u0142u\u017cy coraz wi\u0119kszemu uzale\u017cnieniu obywatela od pa\u0144stwa, a dok\u0142adnie od tej grupy, kt\u00f3ra t\u0119 Uni\u0119 wymy\u015bli\u0142a. Warto\u015bci, na kt\u00f3rych opieraj\u0105 si\u0119 te dwa twory (USA i UE) s\u0105 tak diametralnie odmienne, \u017ce a\u017c nie do por\u00f3wnania. W\u0142adimir Bukowski, jeden z najbardziej szanowanych sowieckich dysydent\u00f3w, wspieraj\u0105c si\u0119 dokumentami \u017ar\u00f3d\u0142owymi udowodni\u0142, \u017ce towarzysze z czas\u00f3w Gorabaczowa wsp\u00f3\u0142pracowali z czo\u0142owymi socjalistami\u00a0 europejskimi w celu umo\u017cliwienia ewolucji idei sowieckiej w stron\u0119 nowoczesnego socjalizmu zachodnioeuropejskiego. Znalaz\u0142 on conajmniej kilkana\u015bcie uderzaj\u0105cych podobie\u0144stw mi\u0119dzy dwoma systemami, \u017ce wymieni\u0119 tylkop trzy: <strong goog_docs_charIndex=\"7859\" id=\"j_d:0\">A<\/strong>) bezkarno\u015b\u0107\u00a0 i brak odpowiedzialno\u015bci najwy\u017cszych urz\u0119dnik\u00f3w, <strong goog_docs_charIndex=\"7925\" id=\"j_d:1\">B<\/strong>)\u00a0machina ideologiczno-propagandowa i <strong goog_docs_charIndex=\"7966\" id=\"j_d:2\">C<\/strong>) sk\u0142onno\u015b\u0107\u00a0 do centralnego planowania. Ka\u017cdy rz\u0105d, kt\u00f3ry tego nie widzi w mojej ocenie otrzymuje ocen\u0119 <u goog_docs_charIndex=\"8097\" id=\"b5es0\">niedostateczn\u0105<\/u>. P\u00f3jd\u0119 dalej \u015bladem Bukowskiego wyra\u017caj\u0105c nadziej\u0119, \u017ce jak ka\u017cda utopia, to i ta, europejska w ko\u0144cu sama upadnie. I mam nadziej\u0119, \u017ce Irlandia 12 czerwca odrzuci Traktak Lizbo\u0144ski.<\/p>\n<p goog_docs_charIndex=\"6852\">* Biopaliwa: upieranie si\u0119 koalicji rzadz\u0105cej Polsk\u0105 przy produkcji biopaliw wystawia jej (koalicji) ocen\u0119 niedostateczn\u0105, cho\u0107by dlatego, \u017ce produkcja biopaliw wed\u0142ug wszelkich rachunk\u00f3w najt\u0119\u017cszych umys\u0142\u00f3w prowadzi do zag\u0142odzenia ludzko\u015bci. &#8222;Po nas cho\u0107by potop&#8221; &#8211; ju\u017c to s\u0142yszeli\u015bmy. -Dw\u00f3ja!!!<\/p>\n<p goog_docs_charIndex=\"8528\" id=\"zh6-0\">* Na koniec, o czym\u015b, co nie zale\u017cy zbytnio od rz\u0105du, ale co jest konsekwencj\u0105 przedwyborczej nagonki (ubiegaj\u0105cej si\u0119 o mo\u017cliwo\u015b\u0107\u00a0 rz\u0105dzenia obecnej ekipy) na lustracyjne posuni\u0119cia PiS-u: Kilkunastu &#8222;zacnych patriot\u00f3w&#8221; podpisa\u0142o odezw\u0119-protest w obronie Lecha Wa\u0142\u0119sy, a przeciwko wydaniu ksi\u0105\u017cki, w kt\u00f3rej pono\u0107\u00a0 co\u015b o Wa\u0142\u0119sie jest, ale jeszcze nikt dok\u0142adnie nie wie, co. Ot\u00f3\u017c, mo\u015bci panowie i panie &#8211; protesty i odezwy w wolnym pa\u0144stwie pisa\u0107\u00a0 mo\u017ce ka\u017cdy, ale ksi\u0105\u017cki te\u017c. Natomiast zakazywa\u0107, czy \u017c\u0105da\u0107\u00a0 zakazu wydania, to ju\u017c przegi\u0119cie. A ten j\u0119zyk&#8230;profesorsko-bartoszewsko-geremkowy, pe\u0142en nienawi\u015bci i chyba jednak ci\u0105g\u0142ego strachu przed prawd\u0105. Najbardziej dziwi mnie udzia\u0142 w tym ohydztwie Andrzeja Wajdy. Do dzisiaj (5 czerwca) rz\u0105d jako\u015b si\u0119 nie wypowiada\u0142 specjalnie poza paroma, prawie nieoficjalnymi krytykami ksi\u0105\u017cki. Dzi\u015b Marsza\u0142ek Komorowski upominia\u0142 Prezydenta, \u017ce nie powinien wyg\u0142asza\u0107\u00a0 swojej opini, \u017ce to by\u0142 b\u0142\u0105d, bo Prezydent wyst\u0105pi\u0142 przeciwko symbolowi, jakim jest Wa\u0142\u0119sa. Symbol. C\u00f3\u017c oznacza to s\u0142owo? Czy oznacza zakaz studiowania historii? To zapomnieli\u015bmy ju\u017c symbol z w\u0105sami i czarn\u0105 czupryn\u0105 kulawego Gruzina? Zapomnieli\u015bmy ju\u017c symbol z tysi\u0105ca pomnik\u00f3w \u0142ysego &#8222;wy-my\u015bliciela&#8221; rewolucji i dobrobytu pod jedynie s\u0142usznymi drogowskazami czerwonej partii? Jeszcze nic nie opublikowano, jeszcze nikt nie przeczyta\u0142 cho\u0107by\u00a0 owych akapit\u00f3w o L. W., a stek wyzwisk polecia\u0142 w stron\u0119 zacnych naukowc\u00f3w, kt\u00f3rych polskie uczelnie, -poprzez nadanie im doktorskich tytu\u0142\u00f3w- upowa\u017cni\u0142y do dr\u0105\u017cenia dziej\u00f3w.\u00a0(Nie b\u0119d\u0119 dochodzi\u0142 historycznej prawdy lub nie-prawdy, czy i jak pan Bartoszewski w og\u00f3le zdoby\u0142 tytu\u0142 &#8222;profesora&#8221;&#8230;) Zakazana prawda? Zapomnieli\u015bmy o zakazanej prawdzie o AK, o Katyniu, o tysi\u0105cach ofiar komunistycznego 50-ciolecia? Po co pan zrobi\u0142 ten film, panie Andrzeju?<\/p>\n<p goog_docs_charIndex=\"10154\" id=\"mz6b0\">Premier oceni\u0142 sw\u00f3j rz\u0105d na czw\u00f3rk\u0119, siebie te\u017c. Reform nie ma, zmian na lepsze nie ma. W\u0142a\u015bnie dzisiaj pan TUSK oznajmi\u0142, \u017ce z t\u0105 rekompensat\u0105 za odebrae bezprawnie mienia, to wcale nie tak, jak m\u00f3wi\u0142. B\u0119dzi\u0119 troch\u0119 inaczej. Ciekaw jestem, czy pan Konsul Kasprzyk zorganizuje premierowi spotkanie w konsulacie, \u017ceby ten jako\u015b dok\u0142adnie wyt\u0142umaczy\u0142 temu samemu gronu, kt\u00f3remu obiecywa\u0142 w styczniu, \u017ce nagle teraz zmieni\u0142 koncepcj\u0119. A mo\u017ce premier ponownie wybierze si\u0119 do Izraela, \u017ceby tam oznajmi\u0107 o swoich nowych pomys\u0142ach na temat zwrotu maj\u0105tk\u00f3w? Chyba, \u017ce &#8222;nowo\u015bci&#8221; dotycz\u0105 wy\u0142\u0105cznie obywateli mieszkaj\u0105cych w Polsce&#8230;? To, co si\u0119 spe\u0142nia, to \u00f3w skr\u00f3t z dowcipu: <strong goog_docs_charIndex=\"10289\" id=\"l:014\">T<\/strong>eraz <strong goog_docs_charIndex=\"10297\" id=\"l:015\">U<\/strong>derz\u0105 <strong goog_docs_charIndex=\"10306\" id=\"l:016\">S<\/strong>tare <strong goog_docs_charIndex=\"10314\" id=\"l:017\">K<\/strong>omuchy. Jest ich pe\u0142no, na ka\u017cdym szczeblu wybranej w demokratycznych wyborach w\u0142adzy&#8230;Mia\u0142e\u015b chamie z\u0142oty r\u00f3g&#8230;A\u017c ten Wyspia\u0144ski, &#8211; prorok jaki, cy c\u00f3\u015b?<\/p>\n<p goog_docs_charIndex=\"10325\" id=\"mz6b2\">&nbsp;<\/p>\n","protected":false},"excerpt":{"rendered":"<p>Znajomi, przyjaciele i\u00a0w og\u00f3le Czytelnicy mojego bloga\u00a0od tygodni zasypuj\u0105 mnie oskar\u017ceniami o lenistwo, oboj\u0119tno\u015b\u0107\u00a0 i kompletny tumiwisizm, bo mija miesi\u0105c, a nowego tekstu nie ma. To prawda, \u017ce nie ma, ale nie prawda, \u017ce jestem le\u0144. Wstaj\u0119 o 5-ej (podobno, jak premier), ale nie po to, \u017ceby d\u0142u\u017cej nic nie robi\u0107; faktem jest, \u017ce od [&hellip;]<\/p>\n","protected":false},"author":2,"featured_media":0,"comment_status":"open","ping_status":"open","sticky":false,"template":"","format":"standard","meta":[],"categories":[4],"tags":[],"_links":{"self":[{"href":"https:\/\/sporek.com\/blog\/index.php?rest_route=\/wp\/v2\/posts\/70"}],"collection":[{"href":"https:\/\/sporek.com\/blog\/index.php?rest_route=\/wp\/v2\/posts"}],"about":[{"href":"https:\/\/sporek.com\/blog\/index.php?rest_route=\/wp\/v2\/types\/post"}],"author":[{"embeddable":true,"href":"https:\/\/sporek.com\/blog\/index.php?rest_route=\/wp\/v2\/users\/2"}],"replies":[{"embeddable":true,"href":"https:\/\/sporek.com\/blog\/index.php?rest_route=%2Fwp%2Fv2%2Fcomments&post=70"}],"version-history":[{"count":0,"href":"https:\/\/sporek.com\/blog\/index.php?rest_route=\/wp\/v2\/posts\/70\/revisions"}],"wp:attachment":[{"href":"https:\/\/sporek.com\/blog\/index.php?rest_route=%2Fwp%2Fv2%2Fmedia&parent=70"}],"wp:term":[{"taxonomy":"category","embeddable":true,"href":"https:\/\/sporek.com\/blog\/index.php?rest_route=%2Fwp%2Fv2%2Fcategories&post=70"},{"taxonomy":"post_tag","embeddable":true,"href":"https:\/\/sporek.com\/blog\/index.php?rest_route=%2Fwp%2Fv2%2Ftags&post=70"}],"curies":[{"name":"wp","href":"https:\/\/api.w.org\/{rel}","templated":true}]}}