{"id":71,"date":"2008-06-13T23:18:07","date_gmt":"2008-06-14T03:18:07","guid":{"rendered":"http:\/\/sporek.com\/blog\/?p=71"},"modified":"2008-06-21T08:48:35","modified_gmt":"2008-06-21T12:48:35","slug":"morda-w-kubel","status":"publish","type":"post","link":"https:\/\/sporek.com\/blog\/?p=71","title":{"rendered":"Morda w kube\u0142!"},"content":{"rendered":"<p><font goog_docs_charindex=\"18\" id=\"q8ef\" face=\"Verdana\"><font goog_docs_charindex=\"19\" id=\"q8ef0\" size=\"2\"><span goog_docs_charindex=\"26\" style=\"font-family: 'Times New Roman'\" id=\"ad0q\" lang=\"PL\"><font goog_docs_charindex=\"27\" id=\"goc.0\" size=\"3\"><span id=\"bjz53\" lang=\"PL\"><font id=\"bjz54\" face=\"Verdana\" size=\"2\">Historycy do k\u0105ta! Media maj\u0105 m\u00f3wi\u0107 to, co przymilne dla w\u0142adzy. Opozycja nie mo\u017ce w sejmie zadawa\u0107 pyta\u0144, bo to psuje porz\u0105dek obrad. W pi\u0105tek, 13 czerwca (nomen omen) Komorowski chcia\u0142 uchwalania ustaw z liczb\u0105 250 pos\u0142\u00f3w. Zrobi\u0142 z sejmu polskiego karykatur\u0119. Wszystko, co ma do powiedzenia, to pouczaj\u0105ce opozycj\u0119 tyrady na temat poprawnego zachowania w parlamencie. <\/font><\/span><span id=\"bjz56\" lang=\"PL\"><font id=\"bjz57\" face=\"Verdana\" size=\"2\">Historycy z IPN nie powinni prowadzi\u0107 bada\u0144 nad histori\u0105 (wsp\u00f3\u0142czesn\u0105) Polski, bo to psuje wizerunek Wa\u0142\u0119sy. W ca\u0142ym zamieszaniu spowodowanym okropno-j\u0119zycznym listem Michnik\u00f3w, Bartoszewskich, Geremk\u00f3w i, niestety Andrzeja Wajdy najwi\u0119cej winy znajduje si\u0119 po stronie&#8230;Lecha Wa\u0142\u0119sy;<!--more--> dlaczego wypo\u017cycza\u0142 teczki? Co si\u0119 sta\u0142o z brakuj\u0105c\u0105 dokumentacj\u0105, z teczkami?<span id=\"bjz58\">  <\/span>Jak\u0105 rol\u0119 spe\u0142ni\u0142 w tym minister-kierowca? Po co Wa\u0142\u0119sa pl\u00f3t\u0142 te bzdury, kt\u00f3re pl\u00f3t\u0142, np:<!--more--><\/font><\/span><\/font><\/span><\/font><\/font><font goog_docs_charindex=\"18\" id=\"q8ef\" face=\"Verdana\"><font goog_docs_charindex=\"19\" id=\"q8ef0\" size=\"2\"><span goog_docs_charindex=\"26\" style=\"font-family: 'Times New Roman'\" id=\"ad0q\" lang=\"PL\"><\/span><\/font><\/font><font goog_docs_charindex=\"18\" id=\"q8ef\" face=\"Verdana\"><font goog_docs_charindex=\"19\" id=\"q8ef0\" size=\"2\"><span goog_docs_charindex=\"26\" style=\"font-family: 'Times New Roman'\" id=\"ad0q\" lang=\"PL\"><\/span><\/font><\/font><font goog_docs_charindex=\"18\" id=\"q8ef\" face=\"Verdana\"><font goog_docs_charindex=\"19\" id=\"q8ef0\" size=\"2\"><span goog_docs_charindex=\"26\" style=\"font-family: 'Times New Roman'\" id=\"ad0q\" lang=\"PL\"><\/span><\/font><\/font><font goog_docs_charindex=\"18\" id=\"q8ef\" face=\"Verdana\"><font goog_docs_charindex=\"19\" id=\"q8ef0\" size=\"2\"><span goog_docs_charindex=\"26\" style=\"font-family: 'Times New Roman'\" id=\"ad0q\" lang=\"PL\"><\/span><\/font><\/font><font goog_docs_charindex=\"18\" id=\"q8ef\" face=\"Verdana\"><font goog_docs_charindex=\"19\" id=\"q8ef0\" size=\"2\"><span goog_docs_charindex=\"26\" style=\"font-family: 'Times New Roman'\" id=\"ad0q\" lang=\"PL\"><\/span><\/font><\/font><\/p>\n<p style=\"margin: 0in 0in 0pt\" id=\"bjz59\" class=\"MsoNormal\"><span id=\"bjz510\" lang=\"PL\"><font goog_docs_charindex=\"18\" id=\"q8ef\" face=\"Verdana\"><font goog_docs_charindex=\"19\" id=\"q8ef0\" size=\"2\"><font goog_docs_charindex=\"27\" id=\"goc.0\" size=\"3\"><font id=\"bjz511\" face=\"Verdana\"><font id=\"bjz512\" size=\"2\">\u201e<em id=\"bjz513\">Jestem przeciw podziemiu, przeciw strajkom<\/em>\u201d&#8230;\u201d<em id=\"bjz514\">Nie mam \u017cadnych pretensji do aparatu partyjnego, ani rz\u0105dowego<\/em>\u201d&#8230;\u201d<em id=\"bjz515\">Wyrzuci\u0142em wszystkich, kt\u00f3rzy wam si\u0119 mogli nie podoba\u0107-Borusewicza, Walentynowicz&#8230;.<\/em>\u201d<em id=\"bjz516\">Mo\u017cemy do ministra mie\u0107 pretensje, nawet do cz\u0142onka Partii, ale nie do Partii<\/em>\u201d&#8230;\u201d<em id=\"bjz517\">Ja mam pro\u015bb\u0119, \u017ceby zwr\u00f3cono mi uwag\u0119, \u017ce w takim i takim temacie, to tak powinienem zrobi\u0107, bo to jest niekorzystne dla w\u0142adz<\/em>\u201d&#8230;\u201d<em id=\"bjz518\">Chcia\u0142bym mie\u0107 kuratora, z kt\u00f3rym b\u0119d\u0119 pewne rzeczy uzgadnia\u0142, aby nie wchodzi\u0107 w konflikt\u201d&#8230;<\/em><\/font><\/font><\/font><\/font><\/font><\/span><\/p>\n<p style=\"margin: 0in 0in 0pt\" id=\"bjz519\" class=\"MsoNormal\"><span id=\"bjz520\" lang=\"PL\"><font goog_docs_charindex=\"18\" id=\"q8ef\" face=\"Verdana\"><font goog_docs_charindex=\"19\" id=\"q8ef0\" size=\"2\"><font goog_docs_charindex=\"27\" id=\"goc.0\" size=\"3\"><font id=\"bjz521\" face=\"Verdana\" size=\"2\">S\u0105 to cytaty z \u201eRozmowy z Wa\u0142\u0119s\u0105\u201d na stronie <\/font><a href=\"http:\/\/www.klubygp.pl\/arch\/2006_09_13_rozmowyz_walesa.html\" id=\"bjz522\"><font id=\"bjz523\" face=\"Verdana\" size=\"2\">www.klubygp.pl\/arch\/2006_09_13_rozmowyz_walesa.html<\/font><\/a><font id=\"bjz524\" face=\"Verdana\" size=\"2\"> <\/font><\/font><\/font><\/font><\/span><span id=\"bjz530\" lang=\"PL\"><font goog_docs_charindex=\"18\" id=\"q8ef\" face=\"Verdana\"><font goog_docs_charindex=\"19\" id=\"q8ef0\" size=\"2\"><font goog_docs_charindex=\"27\" id=\"goc.0\" size=\"3\"><font id=\"bjz531\" face=\"Verdana\"><font id=\"bjz532\" size=\"2\">Ju\u017c w 1995 UOP pisa\u0142 do L. Wa\u0142\u0119sy listy z pro\u015bb\u0105 o wyja\u015bnienie, co sta\u0142o si\u0119 z brakuj\u0105c\u0105 dokumentacj\u0105. Wa\u0142\u0119sa nigdy nie odpowiedzia\u0142. <\/font><\/font><\/font><\/font><\/font><\/span><span id=\"q3:m0\" lang=\"PL\"><font goog_docs_charindex=\"18\" id=\"q8ef\" face=\"Verdana\"><font goog_docs_charindex=\"19\" id=\"q8ef0\" size=\"2\"><font goog_docs_charindex=\"27\" id=\"goc.0\" size=\"3\"><font id=\"q3:m1\" face=\"Verdana\"><font id=\"q3:m2\" size=\"2\">Ju\u017c sama pro\u015bba o \u201ekuratora\u201d niweczy mit kreowany przez Wa\u0142\u0119s\u0119 o jego niebywa\u0142ej intuicji i nieomylno\u015bci. Niweczy te\u017c id\u0119 walki z komunistami; albo walka i trwa\u0142y konflikt, a\u017c do zwyci\u0119stwa, albo, (co paradoksalne), \u201e\u017ceby nie wchodzi\u0107 w konflikt\u201d? Nie by\u0142o zwyci\u0119stwa, &#8211; nie czarujmy si\u0119; by\u0142 podzia\u0142 w\u0142adzy, wp\u0142yw\u00f3w, maj\u0105tk\u00f3w, bogactw i&#8230; mizeria narodu. Bzdura goni bzdur\u0119. Nie s\u0105dz\u0119, aby ktokolwiek chcia\u0142 niszczy\u0107 Wa\u0142\u0119s\u0119. Po prostu wszyscy mamy prawo do prawdy. Pi\u0119\u0107dziesi\u0105t lat komuny to by\u0142y same k\u0142amstwa. I walczyli\u015bmy o k\u0142amstwa? Najwi\u0119kszy grzech Wa\u0142\u0119sy to 4 czerwca 1992. \u201eNocna zmiana\u201d. Po co to zrobi\u0142? W imi\u0119 \u201enie wchodzenia w konflikt\u201d? By\u0142oby ju\u017c po wszystkim. Chory z\u0105b si\u0119 usuwa, wrz\u00f3d si\u0119 wycina. Im d\u0142u\u017cej delikwent chodzi z bol\u0105cym z\u0119bem, tym pewniej po jego usuni\u0119ciu m\u00f3wi: <em id=\"bjz533\">trzeba to by\u0142o ju\u017c dawno zrobi\u0107.<\/em><\/font><\/font><\/font><\/font><\/font><\/span><span id=\"q3:m0\" lang=\"PL\"><font goog_docs_charindex=\"18\" id=\"q8ef\" face=\"Verdana\"><font goog_docs_charindex=\"19\" id=\"q8ef0\" size=\"2\"><font goog_docs_charindex=\"27\" id=\"goc.0\" size=\"3\"><font id=\"q3:m1\" face=\"Verdana\"><font id=\"q3:m2\" size=\"2\"><em id=\"bjz533\"> <\/em><\/font><\/font><\/font><\/font><\/font><\/span><span id=\"nazl0\" lang=\"PL\"><font goog_docs_charindex=\"18\" id=\"q8ef\" face=\"Verdana\"><font goog_docs_charindex=\"19\" id=\"q8ef0\" size=\"2\"><font goog_docs_charindex=\"27\" id=\"goc.0\" size=\"3\"><font id=\"nazl1\" face=\"Verdana\"><font id=\"nazl2\" size=\"2\">Zdaje si\u0119, \u017ce Lech Wa\u0142\u0119sa wm\u00f3wi\u0142 sobie, \u017ce to on personalnie, indywidualnie powali\u0142 komunizm. Sprawia wra\u017cenie, jakby zapomnia\u0142 o wszystkich opozycjonistach tamtych czas\u00f3w,- aktywnych, bitych, torturowanych, pozbawianych maj\u0105tk\u00f3w, pozbawianych awans\u00f3w, zaszczyt\u00f3w, honor\u00f3w. Sprawia wra\u017cenie, jakby zapomnia\u0142, jak bardzo wyrzek\u0142 si\u0119 idea\u0142\u00f3w <font id=\"w37n\" face=\"Comic Sans MS\"><strong id=\"d.4u\"><em id=\"d.4u0\">Solidarno\u015bci,<\/em><\/strong> <font id=\"d.4u1\"><font id=\"ms_6\" face=\"Verdana\">jak skuma\u0142 si\u0119 z Jaruzelskim, Kiszczakiem. To, co najbardziej mnie w Wa\u0142\u0119sie oburza, to kompletny brak pokory wobec narodu i obywateli Polskich. Mia\u0142 si\u0119 od kogo uczy\u0107; by\u0142 tak blisko Jana Paw\u0142a II, a jednak nie nauczy\u0142 si\u0119 od Niego niczego. Wa\u0142\u0119sa sprawia wra\u017cenie, jakby w tamtych czasach nie by\u0142o w\u0142a\u015bnie Jana Paw\u0142a II, jakby nie by\u0142o Ronalda Reagana, <font id=\"j-ag\">Margaret Thatcher, a wreszcie, jakby nie by\u0142o Polak\u00f3w; &#8211; 10 milion\u00f3w, kt\u00f3re odrzuci\u0142y komunistyczn\u0105 wersj\u0119 \u017cycia i wpisa\u0142y si\u0119 do Solidarno\u015bci, wspieraj\u0105c tym samym jego, Lecha Wa\u0142\u0119sy pozycj\u0119. I gdyby nie przewr\u00f3ci\u0142o mu si\u0119 w g\u0142owie, gdyby nie zachcia\u0142o mu si\u0119 &#8222;nie chcem, ale muszem<\/font><\/font><\/font><\/font><\/font><\/font><\/font><\/font><\/font><\/span><font goog_docs_charindex=\"18\" id=\"q8ef\" face=\"Verdana\"><font goog_docs_charindex=\"19\" id=\"q8ef0\" size=\"2\"><font goog_docs_charindex=\"27\" id=\"goc.0\" size=\"3\">&#8222;, gdyby zostawi\u0142 polityk\u0119 i nadal zajmowa\u0142 si\u0119 robotnikami. Ale nie. Przecie\u017c on od pocz\u0105tku mia\u0142 w planach odej\u015bcie od tego wszystkiego. Nie wypominam mu bycia elektrykiem, ale st\u0105d do\u015b<font id=\"fax5\" face=\"Verdana\" size=\"2\">\u0107 daleka droga do bycia politykiem, a ju\u017c tym bardziej dyplomat\u0105. Bohaterstwo opozycjonist\u00f3w z tamtych lat musimy mierzy\u0107 ich postaw\u0105 w usuwaniu komunizmu z naszego \u017cycia, ich postaw\u0105 w czasach, kt\u00f3re nadesz\u0142y potem. Wa\u0142\u0119sa zdradzi\u0142 swoich koleg\u00f3w-dzia\u0142aczy przy Okr\u0105g\u0142ym Stole; zdradzi\u0142 tam nar\u00f3d i idee Solidarno\u015bci. Zdradzi\u0142 tym, \u017ce zgodzi\u0142 si\u0119 na przed\u0142u\u017cenie \u017cycia systemu, przeciwko kt\u00f3remu walczy\u0142; zdradzi\u0142 tym, \u017ce nie s\u0142ucha\u0142 ju\u017c tych, kt\u00f3rzy byli z nim w stoczni.<\/font><\/font><\/font><\/font><\/p>\n<p style=\"margin: 0in 0in 0pt\" id=\"fax50\" class=\"MsoNormal\"><font goog_docs_charindex=\"18\" id=\"q8ef\" face=\"Verdana\"><font id=\"fax51\" face=\"Verdana\" size=\"2\">Ale&#8230;morda w kube\u0142. Ikony nie mo\u017cna narusza\u0107. Ikona si\u0119 obra\u017ca, ikona obra\u017ca innych. Ikona, jak \u017caden inny obywatel mia\u0142a mo\u017cliwo\u015b\u0107 wypo\u017cyczenia swoich dokument\u00f3w, jak \u017caden inny obywatel mia\u0142a szans\u0119  i okazj\u0119 zrobi\u0107 porz\u0105dek z t\u0105 dokumentacj\u0105.<\/font><\/font><\/p>\n<p style=\"margin: 0in 0in 0pt\" id=\"y33m\" class=\"MsoNormal\"><font goog_docs_charindex=\"18\" id=\"q8ef\" face=\"Verdana\"><font id=\"y33m0\" face=\"Verdana\" size=\"2\">Morda w kube\u0142 historycy. Mamy wolny kraj, mamy pokomunistyczn\u0105 platform\u0119 wolno\u015bci s\u0142owa, platform\u0119 mi\u0142o\u015bci&#8230;ale nie wolno grzeba\u0107 w ostatniej historii. Tylko komu to tak strasznie przeszkadza? Czy tylko Ikonie?<\/font><\/font><\/p>\n","protected":false},"excerpt":{"rendered":"<p>Historycy do k\u0105ta! Media maj\u0105 m\u00f3wi\u0107 to, co przymilne dla w\u0142adzy. Opozycja nie mo\u017ce w sejmie zadawa\u0107 pyta\u0144, bo to psuje porz\u0105dek obrad. W pi\u0105tek, 13 czerwca (nomen omen) Komorowski chcia\u0142 uchwalania ustaw z liczb\u0105 250 pos\u0142\u00f3w. Zrobi\u0142 z sejmu polskiego karykatur\u0119. Wszystko, co ma do powiedzenia, to pouczaj\u0105ce opozycj\u0119 tyrady na temat poprawnego zachowania [&hellip;]<\/p>\n","protected":false},"author":2,"featured_media":0,"comment_status":"open","ping_status":"open","sticky":false,"template":"","format":"standard","meta":[],"categories":[4],"tags":[],"_links":{"self":[{"href":"https:\/\/sporek.com\/blog\/index.php?rest_route=\/wp\/v2\/posts\/71"}],"collection":[{"href":"https:\/\/sporek.com\/blog\/index.php?rest_route=\/wp\/v2\/posts"}],"about":[{"href":"https:\/\/sporek.com\/blog\/index.php?rest_route=\/wp\/v2\/types\/post"}],"author":[{"embeddable":true,"href":"https:\/\/sporek.com\/blog\/index.php?rest_route=\/wp\/v2\/users\/2"}],"replies":[{"embeddable":true,"href":"https:\/\/sporek.com\/blog\/index.php?rest_route=%2Fwp%2Fv2%2Fcomments&post=71"}],"version-history":[{"count":0,"href":"https:\/\/sporek.com\/blog\/index.php?rest_route=\/wp\/v2\/posts\/71\/revisions"}],"wp:attachment":[{"href":"https:\/\/sporek.com\/blog\/index.php?rest_route=%2Fwp%2Fv2%2Fmedia&parent=71"}],"wp:term":[{"taxonomy":"category","embeddable":true,"href":"https:\/\/sporek.com\/blog\/index.php?rest_route=%2Fwp%2Fv2%2Fcategories&post=71"},{"taxonomy":"post_tag","embeddable":true,"href":"https:\/\/sporek.com\/blog\/index.php?rest_route=%2Fwp%2Fv2%2Ftags&post=71"}],"curies":[{"name":"wp","href":"https:\/\/api.w.org\/{rel}","templated":true}]}}