{"id":75,"date":"2008-06-19T22:25:18","date_gmt":"2008-06-20T02:25:18","guid":{"rendered":"http:\/\/sporek.com\/blog\/?p=75"},"modified":"2008-06-21T00:52:57","modified_gmt":"2008-06-21T04:52:57","slug":"kurwiki-chca-do-polityki","status":"publish","type":"post","link":"https:\/\/sporek.com\/blog\/?p=75","title":{"rendered":"Kurwiki chc\u0105 do polityki."},"content":{"rendered":"<p><font size=\"2\" id=\"nlq4\"><\/p>\n<p id=\"ih5.\"><font id=\"nlq40\"><font id=\"e2a4\">Renata Beger dosta\u0142a wyrok i oczywi\u015bcie, starym zwyczajem naszych po\u017cal si\u0119 Bo\u017ce &#8222;polityk\u00f3w&#8221;, z tym wyrokiem si\u0119 nie zgadza. Ca\u0142a Polska ongi\u015b s\u0142ysza\u0142a, jak m\u00f3wi\u0142a &#8222;g\u00f3wno mnie obchodzi, jak pani zdob\u0119dzie te podpisy&#8230;&#8221; Teraz z kolei o\u015bwiadczy\u0142a, \u017ce zniszczy\u0142a sfa\u0142szowane karty z podpisami, zatem w domy\u015ble mamy: &#8222;no, to sk\u0105d s\u0119dziowie i prokuratorzy mieli dow\u00f3d?&#8221; _&#8221;Jestem niewinna, &#8211; wracam do polityki!&#8221;<!--more-->Tak pustej g\u0142owy chyba jeszcze nie by\u0142o w naszym parlamencie. Ale najbardziej roz\u015bmiesza mnie, a jednocze\u015bnie dra\u017cni i wkurza fakt, \u017ce ci ludzie nazywaj\u0105 siebie p o l i t y k a m i. My\u015bl\u0119, \u017ce cz\u0119\u015b<font id=\"j9zc2\"><font id=\"e2a40\">\u0107<\/font> <font id=\"e2a41\">z nich, a ju\u017c ta pani na pewno, nie wiedz\u0105 chyba nawet, jak si\u0119 pisze polityka. Jest to, s\u0105dz\u0119 &#8211;\u00a0w jakiej\u015b cz\u0119\u015bci\u00a0r\u00f3wnie\u017c obra\u017caj\u0105ce dla obywateli. Tacy ludzie nie powinni zasiada\u0107 w parlamencie. Nie z powietrza wszak\u017ce wzi\u0119\u0142o si\u0119 powiedzenie &#8222;<em id=\"it.8\">nieparlamentalne zachowanie<\/em>&#8222;. Szcz\u0119\u015bciem Polak\u00f3w w przypadku obywatelki Beger jest to, \u017ce Samoobrony ju\u017c nie ma, a \u017cadna inna partia jej po prostu nie chce. Bo\u017ce zachowaj Polsk\u0119 od takich &#8222;polityk\u00f3w&#8221;.<\/font><\/font><\/font><\/font><\/p>\n<p id=\"it.80\"><font id=\"it.81\">Ale i Lech Wa\u0142\u0119sa psuje coraz bardziej sw\u00f3j image cz\u0142owieka, kt\u00f3ry niegdy\u015b\u00a0 w polityce by\u0142. Nie wszed\u0142 tam wszak\u017ce, jako \u015bwietnie przygotowany np: prawnik, historyk, naukowiec, czy w og\u00f3le wysokich lot\u00f3w intelektualista. Wszed\u0142 z rozp\u0119du po sukcesie Solidarno\u015bci. I od razu namiesza\u0142, a teraz przy okazji publikacji ksi\u0105\u017cki dr. dr. Cenckiewicza i Gontarczyka zachowuje si\u0119 tak okropnie, \u017ce trudno uwierzy\u0107, i\u017c ten cz\u0142owiek piastowa\u0142 niegdy\u015b pierwsze stanowisko w Polsce. J\u0119zyk nie prosty, bo to by\u0142oby cudowne, lecz prostacki; s\u0142ownictwo prawie uliczne. \u017b\u0105da traktowania go, jako autorytet, ale on autorytety ma gdzie\u015b. Na pytania red. Lisa, czy prof. Zybertowicza nie odpowiada\u0142 konkretami, ale pytaniami typu: jaki mia\u0142oby sens niszczenie moich dokument\u00f3w? To tylko jeden przyk\u0142ad, ale ta rozmowa tak w\u0142a\u015bnie prawie w ca\u0142o\u015bci przebiega\u0142a. Jestem pedagogiem i w mojej karierze naj\u0142atwiej by\u0142o mi rozpozna\u0107 win\u0119 ucznia po tym w\u0142a\u015bnie, \u017ce zamiast odpowiedzie\u0107 &#8222;nie, nie zrobi\u0142em tego&#8221; odpowiada\u0142 &#8211; &#8222;po co mia\u0142bym to robi\u0107?&#8221;<\/font><\/p>\n<p id=\"eym8\"><font id=\"eym80\">Lech Wa\u0142\u0119sa jawi\u0142 si\u0119 nam wszystkim kiedy\u015b z Matk\u0105 Bosk\u0105 w klapie. Manifestowa\u0142 swoj\u0105 religijno\u015b\u0107. Czy\u017c nie powinien pami\u0119ta\u0107 owego bogobojnego powiedzenia: &#8222;prawda zawsze wyjdzie na jaw&#8221;? Ju\u017c wi\u0119c u pocz\u0105tk\u00f3w swojej kariery, kiedy pada\u0142y pierwsze podejrzenia i zarzuty powinien podnie\u015b\u0107 czo\u0142o i powiedzie\u0107 wszystko. Zrobi\u0142by tak, gdyby mia\u0142 taki charakter, jaki m\u00f3wi, \u017ce ma (zw\u0142aszcza, gdy ur\u0105ga\u0142 w audycji u T. Lisa prof. Zybertowiczowi, co by\u0142o tak niesmaczne, \u017ce a\u017c obrzydliwe), ale niestety, nie zrobi\u0142, bo po prostu nie ma takiego charakteru, jak mu si\u0119 marzy, \u017ceby Wa\u0142\u0119sa mia\u0142. Jak tu powiedzie\u0107 prawd\u0119, gdy \u017cyj\u0105 ludzie, kt\u00f3rzy cierpieli z powodu Bolkowych donos\u00f3w, jak tu powiedzie\u0107 prawd\u0119, gdy g\u0142osi\u0142o si\u0119 wszem i wobec, \u017ce kryszta\u0142 nie jest od niego bardziej czysty.<\/font><\/p>\n<p id=\"cmn4\"><font id=\"cmn40\">Donald Tusk oczywi\u015bcie kaznodziejskim tonem ocenia, \u017ce ksi\u0105\u017cka s\u0142u\u017cy politycznym rozgrywkom.\u00a0 A kt\u00f3\u017c ma w tym polityczny interes? Ale, kiedy nie ma si\u0119 nic do powiedzenia w polityce, trzeba si\u0119 chmurnie wypowiada\u0107 o innych. Nie wr\u00f3\u017c\u0119 temu rz\u0105dowi wielu sukces\u00f3w, a co przykrzejsze, nie wr\u00f3\u017c\u0119 Polsce wielkiej poprawy, jej obywatelom lepszego \u017cycia. Ta ekipa wzi\u0119\u0142a w\u0142adz\u0119 tylko po to, \u017ceby nie rz\u0105dzi\u0142o PiS. Prawo i Sprawiedliwo\u015b\u0107 by\u0142o zbyt niewygodne dla zbyt wielu, ale bardzo te\u017c nie chcia\u0142o sprzeda\u0107 naszej Ojczyzny, przed czym zachowaj nas Panie.<\/font><\/p>\n<p>PS: Aleksander Kwa\u015bniewski przypomnia\u0142 sobie, \u017ce szef UOP-u zg\u0142asza\u0142 mu o zagini\u0119ciu dokument\u00f3w z teczki L. Wa\u0142\u0119sy po tym, jak przyw\u00f3dca Solidarno\u015bci, jako prezydent wypo\u017cyczy\u0142 je do wgl\u0105du.. Zbigniew Siemi\u0105tkowski (szef UOP-u) o\u015bwiadczy\u0142 w programie telewizyjnym, \u017ce jego urz\u0105d zwr\u00f3ci\u0142 si\u0119 do L. Wa\u0142\u0119sy listownie z pro\u015bb\u0105 o zwrot owych dokument\u00f3w, lub wyja\u015bnienie, co si\u0119 z nimi sta\u0142o. Lech Wa\u0142\u0119sa charakternie nigdy nie odpowiedzia\u0142&#8230;<\/p>\n<p>Ludzie, albo my jeste\u015bmy idiotami, albo z nas robi\u0105 idiot\u00f3w i to chyba do\u015b\u0107 skutecznie.<\/p>\n<p><\/font><\/p>\n<p id=\"wr.a\">&nbsp;<\/p>\n","protected":false},"excerpt":{"rendered":"<p>Renata Beger dosta\u0142a wyrok i oczywi\u015bcie, starym zwyczajem naszych po\u017cal si\u0119 Bo\u017ce &#8222;polityk\u00f3w&#8221;, z tym wyrokiem si\u0119 nie zgadza. Ca\u0142a Polska ongi\u015b s\u0142ysza\u0142a, jak m\u00f3wi\u0142a &#8222;g\u00f3wno mnie obchodzi, jak pani zdob\u0119dzie te podpisy&#8230;&#8221; Teraz z kolei o\u015bwiadczy\u0142a, \u017ce zniszczy\u0142a sfa\u0142szowane karty z podpisami, zatem w domy\u015ble mamy: &#8222;no, to sk\u0105d s\u0119dziowie i prokuratorzy mieli dow\u00f3d?&#8221; [&hellip;]<\/p>\n","protected":false},"author":2,"featured_media":0,"comment_status":"open","ping_status":"open","sticky":false,"template":"","format":"standard","meta":[],"categories":[4],"tags":[],"_links":{"self":[{"href":"https:\/\/sporek.com\/blog\/index.php?rest_route=\/wp\/v2\/posts\/75"}],"collection":[{"href":"https:\/\/sporek.com\/blog\/index.php?rest_route=\/wp\/v2\/posts"}],"about":[{"href":"https:\/\/sporek.com\/blog\/index.php?rest_route=\/wp\/v2\/types\/post"}],"author":[{"embeddable":true,"href":"https:\/\/sporek.com\/blog\/index.php?rest_route=\/wp\/v2\/users\/2"}],"replies":[{"embeddable":true,"href":"https:\/\/sporek.com\/blog\/index.php?rest_route=%2Fwp%2Fv2%2Fcomments&post=75"}],"version-history":[{"count":0,"href":"https:\/\/sporek.com\/blog\/index.php?rest_route=\/wp\/v2\/posts\/75\/revisions"}],"wp:attachment":[{"href":"https:\/\/sporek.com\/blog\/index.php?rest_route=%2Fwp%2Fv2%2Fmedia&parent=75"}],"wp:term":[{"taxonomy":"category","embeddable":true,"href":"https:\/\/sporek.com\/blog\/index.php?rest_route=%2Fwp%2Fv2%2Fcategories&post=75"},{"taxonomy":"post_tag","embeddable":true,"href":"https:\/\/sporek.com\/blog\/index.php?rest_route=%2Fwp%2Fv2%2Ftags&post=75"}],"curies":[{"name":"wp","href":"https:\/\/api.w.org\/{rel}","templated":true}]}}