{"id":77,"date":"2008-06-29T19:30:08","date_gmt":"2008-06-29T23:30:08","guid":{"rendered":"http:\/\/sporek.com\/blog\/?p=77"},"modified":"2008-06-29T19:42:07","modified_gmt":"2008-06-29T23:42:07","slug":"to-jak-z-tym-patriotyzmem","status":"publish","type":"post","link":"https:\/\/sporek.com\/blog\/?p=77","title":{"rendered":"To jak z tym patriotyzmem?"},"content":{"rendered":"<p goog_docs_charIndex=\"32\" id=\"isyt1\">Podczas spotkania premiera Tuska z Poloni\u0105, na Greenpoincie Antoni Chru\u015bcielewski &#8211; prezes Polskiego Domu Narodowego (ta nazwa, to tylko tak z rozp\u0119du po pi\u0119knej historii), kt\u00f3rego (prezesa) osobi\u015bcie ani nie lubi\u0119, ani nie specjalnie ceni\u0119, zada\u0142 pytanie nast\u0119puj\u0105cej tre\u015bci:\u00a0<em>&#8222;Jak z tym patriotyzmem w Polsce,- czy rz\u0105d zamierza co\u015b zrobi\u0107\u00a0z rozwijaniem patriotyzmu w\u015br\u00f3d m\u0142odzie\u017cy?&#8221;<\/em> Pytanie to wyra\u017anie ze\u017ali\u0142o pana Tuska, a w kuluarach &#8222;przy-cateringowych&#8221; uznane zosta\u0142o za jedno z g\u0142upszych. <!--more-->Jak nie lubi\u0119 prezesa Chru\u015bcielewskiego, tak teraz musz\u0119\u00a0przyzna\u0107, \u017ce\u00a0pytanie nie by\u0142o g\u0142upie i przyzna\u0107 te\u017c\u00a0, i\u017c nie dziwi\u0119 si\u0119, \u017ce pan premier (jeszcze ci\u0105gle pe\u0142ni\u0105cy t\u0119 funkcj\u0119) wyra\u017anie si\u0119 zirytowa\u0142 mamrocz\u0105c w odpowiedzi, \u017ce jest zaskoczony, i\u017c tego rodzaju pytanie w og\u00f3le mog\u0142o pa\u015b\u0107\u00a0 do mi\u0142o\u015bciwie panuj\u0105cego (jeszcze), pierwszego\u00a0 ministra Najja\u015bniejszej RP. Ot\u00f3\u017c po kilku miesi\u0105cach my\u015bl\u0119, \u017ce Antoni Chru\u015bcielewski, jaki jest, taki jest, ale z\u00a0 pytaniem trafi\u0142. No, bo c\u00f3\u017c&#8230;Sam premier wielkim patriot\u0105 nie jest; a to chce zamieni\u0107\u00a0 Polsk\u0119 w Irlandi\u0119 (ale tylko w kampanii wyborczej, potem ju\u017c okazuje si\u0119, \u017ce Irlandia jest niedo\u015bcigniona), a to odmawia zamienienia Polski w Irlandi\u0119, gdy idzie o Traktat Lizbo\u0144ski. Kompletnie niepatriotycznie nie daje spo\u0142ecze\u0144stwu dog\u0142\u0119bnej informacji, co zawiera Traktat Lizbo\u0144ski, nie dokonuje debaty spo\u0142ecznej, a w ko\u0144cu odmawia narodowi prawa do referendum, daj\u0105c g\u0142upkowate wypowiedzi, jak t\u0119 udzielon\u0105 mi w Nowym Jorku o dobrym wizerunku Polski w oczach Eurrrropy i o tym, \u017ce Polacy &#8222;na rrreferrenda nie chodz\u0105&#8221;. (prrorrok jaki, cy co?) \u00a0Przypomn\u0119, \u017ce Wielka Brytania, w kt\u00f3r\u0105 tak zapatrzeni s\u0105 m\u0142odzi sympatycy Tuska, do dzi\u015b (30 czerwca, 2008) nie ratyfikowa\u0142a Traktatu, a milioner Stuart Wheeler wyst\u0105pi\u0142 do s\u0105du cywilnego o wydanie postanowienia w kwestii referendum. Premier Polski wzi\u0105\u0142 t\u0119 historyczn\u0105\u00a0spraw\u0119 w swoje r\u0119ce i skierowa\u0142 do parlamentarnego ustalenia &#8222;woli narodu&#8221;. Za\u0142o\u017c\u0119 si\u0119, \u017ce ani premier, ani pos\u0142owie nie przeczytali Traktatu, \u017ce w sejmie nie by\u0142o ani jednego czytania z dok\u0142adn\u0105 analiz\u0105 tego dokumentu. Jestem pewien, bo debata taka powinna trwa\u0107 conajmniej rok przy wy\u0142\u0105cznym po\u015bwi\u0119ceniu czasu obrad czytaniu i analizowaniu. Wreszcie\u00a0premier lawiruje, jak piskorz w wypowiedziach na temat Bolka i IPN-u zarazem, m\u00f3wi\u0105c u Tomasza Lisa, \u017ce nie ma zamiaru zmienia\u0107 IPN-u, gdy tymczasem prawie gotowy jest projekt zmian.\u00a0W ko\u0144cu, maj\u0105c podobno tak ogromny autorytet u m\u0142odych ludzi (swoich wyborc\u00f3w), nie daje \u017cadnego komentarza na temat darmowych wyjazd\u00f3w m\u0142odzie\u017cy do Francji na manifestacj\u0119 organizacji terrorystycznej. M\u0142odzie\u017c jedzie &#8222;bo za darmo&#8221;. Premier nie zabiera g\u0142osu. Umoralnia\u0142 i wychowywa\u0142 &#8222;w mi\u0142o\u015bci&#8221; tylko podczas kampanii.<\/p>\n<p goog_docs_charIndex=\"32\" id=\"uibk\">Co do spotkania &#8222;Z Lisem na \u017cywo&#8221;, to licz\u0105c na inteligencj\u0119 i obiektywizm dziennikarza oczekiwa\u0142em pytania do premiera-historyka: panie premierze, jako historyk, jak wyja\u015bni pan sw\u00f3j udzia\u0142 w &#8222;Nocnej zmianie&#8221; i co takiego z\u0142ego by\u0142o w rz\u0105dzie Jana Olszewskiego?<\/p>\n<p goog_docs_charIndex=\"32\">Nie doczeka\u0142em si\u0119.<\/p>\n","protected":false},"excerpt":{"rendered":"<p>Podczas spotkania premiera Tuska z Poloni\u0105, na Greenpoincie Antoni Chru\u015bcielewski &#8211; prezes Polskiego Domu Narodowego (ta nazwa, to tylko tak z rozp\u0119du po pi\u0119knej historii), kt\u00f3rego (prezesa) osobi\u015bcie ani nie lubi\u0119, ani nie specjalnie ceni\u0119, zada\u0142 pytanie nast\u0119puj\u0105cej tre\u015bci:\u00a0&#8222;Jak z tym patriotyzmem w Polsce,- czy rz\u0105d zamierza co\u015b zrobi\u0107\u00a0z rozwijaniem patriotyzmu w\u015br\u00f3d m\u0142odzie\u017cy?&#8221; Pytanie to [&hellip;]<\/p>\n","protected":false},"author":2,"featured_media":0,"comment_status":"closed","ping_status":"open","sticky":false,"template":"","format":"standard","meta":[],"categories":[4],"tags":[],"_links":{"self":[{"href":"https:\/\/sporek.com\/blog\/index.php?rest_route=\/wp\/v2\/posts\/77"}],"collection":[{"href":"https:\/\/sporek.com\/blog\/index.php?rest_route=\/wp\/v2\/posts"}],"about":[{"href":"https:\/\/sporek.com\/blog\/index.php?rest_route=\/wp\/v2\/types\/post"}],"author":[{"embeddable":true,"href":"https:\/\/sporek.com\/blog\/index.php?rest_route=\/wp\/v2\/users\/2"}],"replies":[{"embeddable":true,"href":"https:\/\/sporek.com\/blog\/index.php?rest_route=%2Fwp%2Fv2%2Fcomments&post=77"}],"version-history":[{"count":0,"href":"https:\/\/sporek.com\/blog\/index.php?rest_route=\/wp\/v2\/posts\/77\/revisions"}],"wp:attachment":[{"href":"https:\/\/sporek.com\/blog\/index.php?rest_route=%2Fwp%2Fv2%2Fmedia&parent=77"}],"wp:term":[{"taxonomy":"category","embeddable":true,"href":"https:\/\/sporek.com\/blog\/index.php?rest_route=%2Fwp%2Fv2%2Fcategories&post=77"},{"taxonomy":"post_tag","embeddable":true,"href":"https:\/\/sporek.com\/blog\/index.php?rest_route=%2Fwp%2Fv2%2Ftags&post=77"}],"curies":[{"name":"wp","href":"https:\/\/api.w.org\/{rel}","templated":true}]}}