{"id":79,"date":"2008-06-30T16:18:44","date_gmt":"2008-06-30T20:18:44","guid":{"rendered":"http:\/\/sporek.com\/blog\/?p=79"},"modified":"2008-10-08T12:11:12","modified_gmt":"2008-10-08T16:11:12","slug":"kto-czyta-nie-badzi","status":"publish","type":"post","link":"https:\/\/sporek.com\/blog\/?p=79","title":{"rendered":"Kto czyta, nie b\u0105dzi"},"content":{"rendered":"<p id=\"lu4b0\">Zw\u0142aszcza, gdy czyta o Europie.<\/p>\n<p>Ot\u00f3\u017c to. Wcale nie trzeba po\u015bwi\u0119ca\u0107 zbyt du\u017co czasu, wystarczy przegl\u0105da\u0107 tytu\u0142y w gazetach i tygodnikach, je\u015bli ju\u017c nie chce si\u0119 po\u015bwi\u0119ca\u0107 wi\u0119cej czasu na czytanie wszystkich artyku\u0142\u00f3w. Akurat &#8222;Gazet\u0119 Polsk\u0105&#8221; (tygodnik) czytam od deski, do deski; <!--more-->do tego jakie\u015b wybrane artyku\u0142y z <em id=\"gnb:\">Newsweeka<\/em>, do\u015b\u0107 dok\u0142adnie <em id=\"id:j\">Czas najwy\u017cszy,<\/em> no i oczywi\u015bcie jedno, lub dwa pisma polonijne, kt\u00f3re jednak raczej przedrukowuj\u0105. Siadam na \u0142aweczce w s\u0105siaduj\u0105cym niemal z moj\u0105 szko\u0142\u0105 parku, na Greenpoincie i czytam i czytam i czytam.<\/p>\n<p id=\"x4w6\">Opr\u00f3cz wielkich artyku\u0142\u00f3w, kt\u00f3re czytam z ogromn\u0105 uwag\u0105 natkn\u0105\u0142em si\u0119 w ostatnim numerze GP na kr\u00f3ciutk\u0105 notk\u0119, tu\u017c obok artyku\u0142u &#8222;Dublin i Bruksela&#8221;. Notka zatytu\u0142owana jest &#8222;Vaclav Klaus o irlandzkim referendum&#8221;, zacytuj\u0119 w ca\u0142o\u015bci:<\/p>\n<p id=\"h846\">&#8222;<strong id=\"ez8l\">Warto przytoczy\u0107 wydane 13 czerwca o\u015bwiadczeie prezydenta Republiki Czeskiej Vaclava Klausa. &#8222;<\/strong><em id=\"drep\">Dzisiejsza decyzja irlandzkich wyborc\u00f3w oznacza koniec traktatu z Lizbony. Nie mo\u017cna ju\u017c<\/em> <em id=\"f6s-\">kontynuowa\u0107 procesu ratyfikacyjnego. W jednym jedynym z 27 kraj\u00f3w UE odby\u0142o si\u0119 referendum w sprawie traktatu. Tylko w jednym kraju politycy pozwolili obywatelom wyrazi\u0107 swoje zdanie. Wynik jest chyba dla wszystkich czytelnym komunikatem. Jest zwyci\u0119stwem wolno\u015bci i rozumu nad sztucznymi projektami elit i europejsk\u0105 biurokracj\u0105.&#8221;<\/em><\/p>\n<p id=\"gw3v\">Osobi\u015bcie nie mam wi\u0119cej pyta\u0144.<\/p>\n<p id=\"qpp4\">A teraz w tym samym temacie, ale jak\u017ce w innym tonie. Niedawno go\u015bciem naszego ministra d\/s zagranicznych i nag\u0142o\u015bnionej przez media uczty w jakim\u015b tam zameczku,\u00a0by\u0142\u00a0jego (Sikorskiego) odpowiednik w rz\u0105dzie\u00a0niemieckim, Frank-Walter Steinmeier. Zapowiadaj\u0105cy si\u0119 na d\u0142u\u017cej serial pt: &#8222;Frank u Radka i odwrotnie&#8221; mia\u0142, niestety tylko jeden odcinek ze specia\u0142ami domu. Podobny odcinek polecia\u0142 niedawno w Gda\u0144sku, gdzie na potrzeby go\u015bci ukatrupiono biednego strusia. Dowcip solenizanta, jakoby zaprosi\u0142 braci Kaczy\u0144skich i w zwi\u0105zku z tym na stole nie b\u0119dzie \u017cadnego drobiu, by\u0142\u00a0tyle\u017c p\u0142ytki, co chamski. ale te\u017c okaza\u0142 si\u0119 k\u0142amstwem (szcz\u0119\u015bciem nie tym lustracyjnym),\u00a0bo, jako\u00a0denat do spo\u017cycia\u00a0by\u0142 w\/w\u00a0stru\u015b (te\u017c dr\u00f3b, tyle, \u017ce nie drobny), jako \u017cywo\u00a0 przypomina\u0142 te\u017c ow\u0105 anegdotk\u0119 o g\u00f3ralu, kt\u00f3ry zaprasza\u0142 swoich dalekich s\u0105siad\u00f3w na wesele c\u00f3rki, zaznaczaj\u0105c: <em id=\"wnto\">widzi mi si\u0119 jednak gazdo, ze nie przydziecie, bo \u0142okropne b\u0142oto do nos.<\/em><\/p>\n<p id=\"i90_\">Prymitywny dowcip Wa\u0142\u0119sy,\u00a0a kt\u00f3\u017c inny m\u00f3g\u0142by b\u0142ysn\u0105\u0107 tak\u0105 elokwencj\u0105, jak przys\u0142owiowy kij z dwoma ko\u0144cami, mo\u017ce z powodzeniem mie\u0107 odpowiednie zako\u0144czenie: Lechu m\u00f3g\u0142 doko\u0144czy\u0107 sw\u00f3j &#8222;subtelny&#8221; \u017carcik na przyk\u0142ad tak: <em id=\"v1.q\">a dla moich zacnych go\u015bci, prosz\u0119 pa\u0144stwa, u mnie na stole, stru\u015b, &#8211; to ten ptak, kt\u00f3ry w trudnych sytuacjach chowa glow\u0119 w piasek.<\/em><\/p>\n<p id=\"s_6q\">Wspomnia\u0142em jednak o Steinmeierze. A, w\u0142a\u015bnie, jego wypowied\u017a to przejmuj\u0105cy pokaz brukselsko-berli\u0144skiej demokracji. Dyplomata niemiecki\u00a0uzna\u0142 by\u0142\u00a0 za\u00a0mo\u017cliwe <em id=\"q0eg\">&#8222;wyst\u0105pienie Irlandii z europejskiej integracji na jaki\u015b okres &#8221; &#8211; celem umo\u017cliwienia\u00a0pozosta\u0142ym pa\u0144stwom UE wprowadzenia traktatu w \u017cycie. (Der Spiegel). <\/em>Fajnie, co nie? Ale by si\u0119 Tusk ucieszy\u0142. Znowu przypomn\u0119, \u017ce podczas spotkania z Poloni\u0105 w Nowym Jorku papla\u0142 on co\u015b na temat niech\u0119ci Polak\u00f3w do uczestniczenia w referendach, o dobrym wizerunku Polski w oczach kraj\u00f3w UE i takie tam dyrdyma\u0142y. I dla owego &#8222;dobrrego wizerrunku&#8221; mia\u0142 gdzie\u015b sw\u00f3j nar\u00f3d i ooda\u0142 decyzje w r\u0119ce parlamentarzyst\u00f3w. Tymczasem Irlandia mia\u0142a gdzie\u015b &#8222;dobre imi\u0119&#8221; i powiedzia\u0142a NIE, a argumentem najcz\u0119\u015bciej powtarzanym by\u0142 ten, \u017ce nie chc\u0105 czego\u015b, o czym nic, albo prawie nic nie wiedz\u0105. Niepokoi\u0142em sie\u00a0 w poprzednim artykule, czy\u00a0aby nasi parlamentarzy\u015bci\u00a0przeczytali rzeczony traktat, bo to przecie\u017c 560 stron. I tak zrobiono im przys\u0142ug\u0119, bo pierwotnie by\u0142 to dokument na 2800 stron. (Tak si\u0119 \u015bcina by\u0142e konstytucje, \u017ceby je potem nazywa\u0107 &#8222;traktatami&#8221;).<\/p>\n<p id=\"xay0\">I znowu z innej beczki, bli\u017cszej prezydentowi Czech; du\u0144ski europarlamentarzysta, 60-letni Jeans-Peter Bonde og\u0142osi\u0142, \u017ce opuszcza Parlament\u00a0w Brukseli. Od dawna wykazywa\u0142 on &#8222;brak przejrzysto\u015bci w\u0142adz i mechanizm\u00f3w decyzji Unii&#8221;. A zrezygnowa\u0142 w prote\u015bcie przeciwko &#8222;puczowi&#8221;. Tak, Drogi Czytelniku, &#8222;p u c z o w i&#8221;. Du\u0144czyk nazwa\u0142 puczem wprowadzenie traktatu lizbo\u0144skiego za plecami narod\u00f3w i bez ich zgody w referendum. Oto jego s\u0142owa: &#8222;Jestem przeciwny temu puczowi, kt\u00f3ry zorganizowano pod przewodnictwem pani Merkel.&#8221; Ma\u0142o tego, powiedzia\u0142 to w wywiadzie dla niemieckiego radia, Deutsche Welle.<\/p>\n<p id=\"dfa4\">I popatrzcie, da si\u0119 i nie ma wojny mi\u0119dzy Dani\u0105 i Niemcami i \u015bwiat si\u0119 nie zawali\u0142. Bez zalotnego spozierania w lazur enerdowskich oczu Angeli M. A swoj\u0105 drog\u0105 spacer po Gda\u0144sku i tak niczego nie za\u0142atwi\u0142. &#8222;Zaprzyja\u017aniony&#8221; i wymieniony ju\u017c Der Spiegel w &#8222;tek\u015bcie tygodnia&#8221; tak naukowo rozprawia z Helmutem Schmidtem (by\u0142ym kanclerzem, kt\u00f3ry pewnie nie zna si\u0119 z p. DT) na temat\u00a0dzia\u0142a\u0144 opozycyjnych przeciwko\u00a0komunizmowi, \u017ce ani s\u0142owem nie wspomnia\u0142 o udziale w tym Polski. Nie istnia\u0142 Pozna\u0144, Radom, Gda\u0144sk, nie wspomniano nawet o Solidarno\u015bci. ot zawali\u0142a si\u0119 \u015bcianka dzia\u0142owa mi\u0119dzy NRD i RFN i tak pad\u0142 komunizm. Dbajmy o dobre imi\u0119 i wizerunek, schowajmy g\u0142owy w piasek i&#8230;na st\u00f3\u0142 do Lecha.<\/p>\n<p id=\"zl84\">Pami\u0119tam te \u015bmiechhy, chichy z Kaczy\u0144skich na pocz\u0105tku ich kadencji. Ale jak Boga kocham wol\u0119 ka\u017cdego, kto ma cho\u0107 troch\u0119 narodowy program w stosunkach zagranicznych, niz takie m\u0119tne woale, jakie prezentuj\u0105 obecni szefowie naszego kraju. Zgadzam si\u0119 w 250% (!) z prof. Krasnod\u0119bskim (pozdrawiam serdecznie i mo\u017ce do ponownego zobaczenia w Nowym Jorku), kiedy m\u00f3wi, <em id=\"nv.k\">\u017ce Polacy, to taki dziwny nar\u00f3d, kt\u00f3ry wybacza jednemu, gdy zapijaczony chwieje si\u0119 nad grobami zamordowanych bohater\u00f3w, a nie mo\u017ce wybaczy\u0107 innemu, bo ma odwr\u00f3cony szalik.<\/em><\/p>\n<p id=\"nv.k0\">Dodam jeszcze, \u017ce mamy i t\u0119 cech\u0119, \u017ce strasznie lubimy, gdy nas obcy chwal\u0105 i g\u0142aszcz\u0105 po pleckach, bez wzgl\u0119du na to, czy nam w tym samym czasie kopi\u0105 w ty\u0142ek, byle na zewn\u0105trz by\u0142o, \u017ce nas g\u0142aszcz\u0105.<\/p>\n","protected":false},"excerpt":{"rendered":"<p>Zw\u0142aszcza, gdy czyta o Europie. Ot\u00f3\u017c to. Wcale nie trzeba po\u015bwi\u0119ca\u0107 zbyt du\u017co czasu, wystarczy przegl\u0105da\u0107 tytu\u0142y w gazetach i tygodnikach, je\u015bli ju\u017c nie chce si\u0119 po\u015bwi\u0119ca\u0107 wi\u0119cej czasu na czytanie wszystkich artyku\u0142\u00f3w. Akurat &#8222;Gazet\u0119 Polsk\u0105&#8221; (tygodnik) czytam od deski, do deski;<\/p>\n","protected":false},"author":2,"featured_media":0,"comment_status":"open","ping_status":"open","sticky":false,"template":"","format":"standard","meta":[],"categories":[4],"tags":[],"_links":{"self":[{"href":"https:\/\/sporek.com\/blog\/index.php?rest_route=\/wp\/v2\/posts\/79"}],"collection":[{"href":"https:\/\/sporek.com\/blog\/index.php?rest_route=\/wp\/v2\/posts"}],"about":[{"href":"https:\/\/sporek.com\/blog\/index.php?rest_route=\/wp\/v2\/types\/post"}],"author":[{"embeddable":true,"href":"https:\/\/sporek.com\/blog\/index.php?rest_route=\/wp\/v2\/users\/2"}],"replies":[{"embeddable":true,"href":"https:\/\/sporek.com\/blog\/index.php?rest_route=%2Fwp%2Fv2%2Fcomments&post=79"}],"version-history":[{"count":0,"href":"https:\/\/sporek.com\/blog\/index.php?rest_route=\/wp\/v2\/posts\/79\/revisions"}],"wp:attachment":[{"href":"https:\/\/sporek.com\/blog\/index.php?rest_route=%2Fwp%2Fv2%2Fmedia&parent=79"}],"wp:term":[{"taxonomy":"category","embeddable":true,"href":"https:\/\/sporek.com\/blog\/index.php?rest_route=%2Fwp%2Fv2%2Fcategories&post=79"},{"taxonomy":"post_tag","embeddable":true,"href":"https:\/\/sporek.com\/blog\/index.php?rest_route=%2Fwp%2Fv2%2Ftags&post=79"}],"curies":[{"name":"wp","href":"https:\/\/api.w.org\/{rel}","templated":true}]}}