{"id":83,"date":"2008-07-14T07:46:38","date_gmt":"2008-07-14T11:46:38","guid":{"rendered":"http:\/\/sporek.com\/blog\/?p=83"},"modified":"2008-10-08T12:08:16","modified_gmt":"2008-10-08T16:08:16","slug":"kpa-na-bocznej-linii","status":"publish","type":"post","link":"https:\/\/sporek.com\/blog\/?p=83","title":{"rendered":"KPA na bocznej linii?"},"content":{"rendered":"<p goog_docs_charIndex=\"1\" id=\"l_ba\">Bia\u0142y Orze\u0142, polonijne pismo, wypu\u015bci\u0142 spory artyku\u0142 o tym, \u017ce Ministerstwo Spraw Zagranicznych RP czyni starania o znalezienie (i wynaj\u0119cie) firmy lobbingowej, kt\u00f3ra mia\u0142aby lobbowa\u0107 na rzecz interes\u00f3w Polski w USA. W \u015bwietle spapranych rokowa\u0144 dotycz\u0105cych tarczy antyrakietowej akcja ta\u00a0jawi si\u0119 jako kolejna bzdura wymy\u015blona, \u017ceby po prostu nasypa\u0107 piasku w oczy.\u00a0O inicjatywie poszukiwania firmy lobbingowej\u00a0m\u00f3wi Bia\u0142emu Or\u0142owi\u00a0wiceminister Ryszard Schnepf.\u00a0Bior\u0105c pod uwag\u0119 fakt, \u017ce pan Schnepf jest jak\u0105\u015b dziwn\u0105 ci\u0105g\u0142o\u015bci\u0105 &#8222;starego&#8221; <!--more-->&#8211; ju\u017c w 1991 by\u0142 ambasadorem w Urugwaju, potem w rz\u0105dzie Buzka, jako doradca d\/s zagranicznych, a jak Buzek odchodzil, to za\u0142atwi\u0142 sobie posadk\u0119 ambasadora na Kostaryce, gdzie jako ambasador wyr\u00f3\u017cni\u0142 si\u0119 handlem samochodami, co m\u00f3g\u0142 bezc\u0142owo robi\u0107, jako &#8222;dyplomata&#8221; (inne znaczenie s\u0142owa &#8222;ambasador&#8221;: ten, co handluje autami); pojawi\u0142 si\u0119, jako doradca d\/s zagranicznych u Marcinkiewicza, ale z tej posadki zosta\u0142 po prostu wyrzucony m. inn. za to, \u017ce obieca\u0142 przedstawicielom \u015awiatowego Kongresu \u017byd\u00f3w odszkodowania w imieniu polskiego rz\u0105du (burza by\u0142a, jak cholera) i za to, \u017ce opowiada\u0142 si\u0119 za Ruroci\u0105giem P\u00f3\u0142nocnym, co sta\u0142o w jaskrawej sprzeczno\u015bci z oficjalnym stanowiskiem rz\u0105du &#8211; nale\u017ca\u0142oby wyci\u0105gn\u0105\u0107 logiczny wniosek, \u017ce kompetencje tego pana &#8222;d\/s zagranicznych&#8221; s\u0105 bliskie zeru. A jednak u Radka Sikorskiego sta\u0142 si\u0119 wiceministrem. Ojciec Schnepfa, to \u017cydowskiego pochodzenia komunista, sam Ryszrd Schnepf jest r\u00f3wnie\u017c dyrektorem organizacji &#8222;Szalom&#8221; powo\u0142anej przez rodzin\u0119 Szurmiej\u00f3w. Kariera do\u015b\u0107 osobliwa. Teraz trzeba tylko czeka\u0107, jak\u0105 firm\u0119 w drodze konkursu nasze MSZ, decyzjami pana Schnepfa powo\u0142a do lobbowania w sprawach Polski. I tu si\u0119 zaczyna dzia\u0107 co\u015b, co wygl\u0105da conajmniej dziwnie. Ot\u00f3\u017c polskie MSZ ostentacyjnie omin\u0119\u0142o najbradziej zas\u0142u\u017con\u0105 i presti\u017cow\u0105 organizacj\u0119 spo\u0142eczno-polityczn\u0105, zwan\u0105 Kongresem Polonii Ameryka\u0144skiej, jakby jej po prostu nie by\u0142o i zwraca si\u0119 do organizacji zwanej w skr\u00f3cie APF &#8211; konia z rz\u0119dem ka\u017cdemu polskiemu emigrantowi w USA, je\u015bli powie mi co te trzy literki znacz\u0105 -, a znacz\u0105: American Polish Forum. Jest to organizacja skupiaj\u0105ca kilkoro m\u0142odych ludzi, umiejscowiona w Waszyngtonie, niemaj\u0105ca \u017cadnego dorobku w dzia\u0142alno\u015bci dla Polonii, a szczeg\u00f3lnie na linii Polska &#8211;\u00a0rz\u0105d Stan\u00f3w Zjednoczonych. Organizacja ta nie ma r\u00f3wnie\u017c \u017cadnego uznanego statusu w\u015br\u00f3d polskich obywateli i mieszka\u0144c\u00f3w USA. Ale nawet nie maj\u0105c nic przeciwko APF &#8211; bo i nie mam, jako \u017ce nigdy o tej organizacji nie s\u0142ysza\u0142em &#8211; to najbardziej jednak dziwi mnie fakt, \u017ce Kongres Polonii Ameryka\u0144skiej zosta\u0142 najnormalniej zignorowany. I to po tym, jak jego prezes, Frank Spula, mia\u0142 swoje &#8222;pi\u0119\u0107 minut&#8221; z Donaldem Tuskiem na Greenpoincie. Napisa\u0142em poprzednio dwa artyku\u0142y z pytaniem &#8222;Quo vadis Kongresie?&#8221; Teraz widz\u0119, jakby nieco wyra\u017aniej, \u017ce KPA zmierza do samounicestwienia. Frank Spula nie sta\u0142 si\u0119 poprzez &#8222;prywatne&#8221; spotkanie z Tuskiem godnym partnerem polskiego rz\u0105du. Swoj\u0105 drog\u0105 to chyba powinien poinformowa\u0107 przynajmniej dyrektor\u00f3w narodowych o przebiegu i\u00a0wynikach\u00a0 tych &#8222;pi\u0119ciu&#8221; minut. Nie mog\u0119 nawet u\u017cy\u0107 stwierdzenia, \u017ce jest on ch\u0142opcem na posy\u0142ki, bo po prostu jest przez polski rz\u0105d Platformy i PSL ignorowany.\u00a0I powiem, \u017ce jest mi przykro, a nawet bardzo wstyd. Kiedy zapyta\u0142em jednego z aktywist\u00f3w, dyrektora jednego z oddzia\u0142\u00f3w\u00a0KPA z New Jersey,\u00a0jak to by\u0142o z t\u0105 rezolucj\u0105 o lustracji funkcyjnych dzia\u0142aczy KPA, kt\u00f3ra nie zosta\u0142a przyj\u0119ta w Phoenix, odpowiedzia\u0142, \u017ce by\u0142a \u017ale przygotowana pod wzgl\u0119dem prawnym, po czym doda\u0142, \u017ce &#8222;trzeba tylko wyrzuci\u0107 z Kongresu kilku &#8222;beznadziejnych&#8221; cz\u0142onk\u00f3w, oczy\u015bci\u0107 Kongres z wichrzycieli i zaczn\u0105 si\u0119 dobre czasy&#8221; (na pierwszym miejscu kandydat\u00f3w do wyrzucenia wymieniony by\u0142 Ludwik Wn\u0119kowicz, dyrektor d\/s polskich). No, prosz\u0119 do oczyszczania Kongresu z kilku &#8222;beznadziejnych &#8221; cz\u0142onk\u00f3w\u00a0 nie trzeba \u017cadnej &#8222;dobrze przygotowanej pod wzgl\u0119dem prawnym&#8221; rezolucji,\u00a0natomiast zlustrowanie funkcyjnych cz\u0142onk\u00f3w nie mog\u0142o zosta\u0107 zdecydowane, bo rezolucja by\u0142a &#8222;niepoprawnie&#8221; napisana. To, co do cholery robili ci delegaci na zje\u017adzie w Phoenix? Nie mo\u017cna jej by\u0142o poprawi\u0107 i przeg\u0142osowa\u0107? Taki zjazd, to spory wydatek, zar\u00f3wno dla cz\u0142onk\u00f3w-delegat\u00f3w, jak i dla organizacji. To po to si\u0119 spotkali, \u017ceby stwierdzi\u0107, \u017ce dokument jest \u017ale przygotowany? A kto to stwierdzi\u0142? Oczywi\u015bcie radca prawny, a jak. Bior\u0105cy grub\u0105 fors\u0119 za opiniowanie takich dokument\u00f3w. To jaka\u015b parodia. \u015amieszno\u015b\u0107, kt\u00f3ra jest kompromitacj\u0105 i szefa i delegat\u00f3w. Czy trzeba si\u0119 dziwi\u0107, \u017ce\u00a0Kongres ignorowany jest, jako partner przez\u00a0polski rz\u0105d? A jak\u0105 pozycj\u0119 ma Kongres w oczach kongresmen\u00f3w, senator\u00f3w i cz\u0142onk\u00f3w rz\u0105du USA? Do roboty, panie Prezesie, do roboty Cz\u0142onkowie i Delegaci, dyskutanci. Kongres Polonii Ameryka\u0144skiej, to bardzo powa\u017cna organizacja. Potraktujcie j\u0105 z nale\u017cn\u0105 jej powag\u0105.<\/p>\n","protected":false},"excerpt":{"rendered":"<p>Bia\u0142y Orze\u0142, polonijne pismo, wypu\u015bci\u0142 spory artyku\u0142 o tym, \u017ce Ministerstwo Spraw Zagranicznych RP czyni starania o znalezienie (i wynaj\u0119cie) firmy lobbingowej, kt\u00f3ra mia\u0142aby lobbowa\u0107 na rzecz interes\u00f3w Polski w USA. W \u015bwietle spapranych rokowa\u0144 dotycz\u0105cych tarczy antyrakietowej akcja ta\u00a0jawi si\u0119 jako kolejna bzdura wymy\u015blona, \u017ceby po prostu nasypa\u0107 piasku w oczy.\u00a0O inicjatywie poszukiwania firmy [&hellip;]<\/p>\n","protected":false},"author":2,"featured_media":0,"comment_status":"open","ping_status":"open","sticky":false,"template":"","format":"standard","meta":[],"categories":[3],"tags":[],"_links":{"self":[{"href":"https:\/\/sporek.com\/blog\/index.php?rest_route=\/wp\/v2\/posts\/83"}],"collection":[{"href":"https:\/\/sporek.com\/blog\/index.php?rest_route=\/wp\/v2\/posts"}],"about":[{"href":"https:\/\/sporek.com\/blog\/index.php?rest_route=\/wp\/v2\/types\/post"}],"author":[{"embeddable":true,"href":"https:\/\/sporek.com\/blog\/index.php?rest_route=\/wp\/v2\/users\/2"}],"replies":[{"embeddable":true,"href":"https:\/\/sporek.com\/blog\/index.php?rest_route=%2Fwp%2Fv2%2Fcomments&post=83"}],"version-history":[{"count":0,"href":"https:\/\/sporek.com\/blog\/index.php?rest_route=\/wp\/v2\/posts\/83\/revisions"}],"wp:attachment":[{"href":"https:\/\/sporek.com\/blog\/index.php?rest_route=%2Fwp%2Fv2%2Fmedia&parent=83"}],"wp:term":[{"taxonomy":"category","embeddable":true,"href":"https:\/\/sporek.com\/blog\/index.php?rest_route=%2Fwp%2Fv2%2Fcategories&post=83"},{"taxonomy":"post_tag","embeddable":true,"href":"https:\/\/sporek.com\/blog\/index.php?rest_route=%2Fwp%2Fv2%2Ftags&post=83"}],"curies":[{"name":"wp","href":"https:\/\/api.w.org\/{rel}","templated":true}]}}