{"id":87,"date":"2008-07-25T01:31:48","date_gmt":"2008-07-25T05:31:48","guid":{"rendered":"http:\/\/sporek.com\/blog\/?p=87"},"modified":"2008-10-08T12:07:18","modified_gmt":"2008-10-08T16:07:18","slug":"im-krocej-tym-lepiej","status":"publish","type":"post","link":"https:\/\/sporek.com\/blog\/?p=87","title":{"rendered":"Im kr\u00f3cej, tym lepiej"},"content":{"rendered":"<p goog_docs_charIndex=\"1\" id=\"skeu\">A\u00a0najciekawsze na ko\u0144cu.<!--more-->*23 lipca, 2008 zapami\u0119tam, jako karczemn\u0105 awantur\u0119 w polskim parlamencie, a \u015bci\u015blej w Komisji, kt\u00f3ra koniecznie chcia\u0142a odebra\u0107 immunitet poselski panu Zbigniewowi Ziobro. Im bardziej PO przekonuje wyborc\u00f3w, \u017ce to wina PiS-u, tym bardziej chce mi si\u0119 rzyga\u0107. Czekam, kiedy spo\u0142ecze\u0144stwo obudzi si\u0119 z letargu, w jaki wprowadzi\u0142 je z\u0142otousty Donek.<\/p>\n<p goog_docs_charIndex=\"379\" id=\"zu2l0\">*Przyj\u0105\u0142em do wiadomo\u015bci informacj\u0119 o wypadku drogowym Bronis\u0142awa Geremka; oczekuj\u0119 na informacje o stanie zdrowia ofiar, kt\u00f3re najprawdopodobniej z winy europos\u0142a zosta\u0142y ci\u0119\u017cko poszkodowane. Specjali\u015bci od proces\u00f3w dochodzeniowych nie podaj\u0105 nazwiska asystentki europos\u0142a, pasa\u017cerki mercedesa, kt\u00f3ry prowadzi\u0142 zmar\u0142y europose\u0142, ale te\u017c i nie podaj\u0105 przyczyn. Ma to potrwa\u0107 kilka miesi\u0119cy. Niezwyk\u0142o\u015b\u0107 tego wypadku polega na tym, \u017ce by\u0142o \u015blisko, europose\u0142 wyprzedza\u0142, waln\u0105\u0142 w nadje\u017cd\u017caj\u0105cy samoch\u00f3d, zabi\u0142 siebie i okaleczy\u0142 kilka innych os\u00f3b. Tylko raz us\u0142ysza\u0142em w TVP \u015bwiadka m\u00f3wi\u0105cego po niemiecku, kt\u00f3ry o\u015bwiadczy\u0142, \u017ce samoch\u00f3d, w kt\u00f3ry uderzy\u0142 mercedes Geremka nie mia\u0142 szans. Teraz b\u0119dzie trwa\u0142o wielomiesi\u0119cne \u015bledztwo. Ka\u017cdy inny wypadek komentowany jest natychmiast przez dziennikarzy i funkcjonariuszy &#8222;drog\u00f3wki&#8221;, np: <em>przyczyn\u0105 wypadku by\u0142a nadmierna szybko\u015b\u0107, albo brawura, albo kierowca by\u0142\u00a0 w stanie wskazuj\u0105cym, itp.<\/em> W tym wypadku, niestety \u015bledztwo ju\u017c zapowiedziano na kilka miesi\u0119cy. Wypadek \/ przypadek&#8230;?<\/p>\n<p goog_docs_charIndex=\"1409\" id=\"dsnb0\">*Obamo-mania w Niemczech. Odsy\u0142am do Wall Street Journal z dzisiaj: 24 lipca, 2008. Jeden artyku\u0142 zatytu\u0142owany &#8222;Cold Comfort: Arctic is Oil Hot Spot&#8221;, drugi: &#8222;Energy Speculation Eludes Senate Curb&#8221; &#8211; kr\u00f3tko m\u00f3wi\u0105c (im kr\u00f3cej, tym lepiej) &#8211; demokraci b\u0119d\u0105 si\u0119 bardziej martwi\u0107 o samopoczucie bia\u0142ych nied\u017awiedzi, ni\u017c o samopoczucie obywateli USA. Mimo, i\u017c naukowcy nie zak\u0142adaj\u0105 w \u017cadnym razie niszczenia natury.<\/p>\n<p goog_docs_charIndex=\"1826\" id=\"l.j10\">*Palikot, Niesio\u0142owski, Komorowski&#8230;najwi\u0119ksze pomy\u0142ki wyborc\u00f3w. Kochani b\u0119dziecie bardzo \u017ca\u0142owa\u0107 g\u0142os\u00f3w oddanych na tych pan\u00f3w. Andrzej Czuma natomiast mimo do\u015b\u0107 heroicznej przesz\u0142o\u015bci opozycyjnej ma jednak do\u015b\u0107 dziwn\u0105 przesz\u0142o\u015b\u0107 ameryka\u0144sk\u0105. Odsy\u0142am do dzia\u0142aczy organizacji POMOST &#8211; \u017cenuj\u0105ce. Mo\u017cna wej\u015b\u0107 na Google, wpisa\u0107, Czuma, albo POMOST i poszpera\u0107.<\/p>\n<p goog_docs_charIndex=\"2190\" id=\"rqy70\">*W miejscowo\u015bci \u017babljak, w Czarnog\u00f3rze temperatura spad\u0142a o 20 stopni, a okolica pokryta zosta\u0142a pi\u0119ciocentymetrow\u0105 warstw\u0105 \u015bniegu. To na poparcie decyzji o przyznaniu Nobla i Oskara by\u0142emu prezydentowi USA Alowi Gore. Ludzie! Gore! \u015anieg w lipcu!<\/p>\n<p goog_docs_charIndex=\"2442\" id=\"jd9j0\">*A propos Nobla, to uwa\u017cam, \u017ce nie Mi\u0142osz, nie Szymborska, ale Herbert powinien by\u0107 naszym noblist\u0105 w dziedzinie poezji. A ju\u017c napewno odsy\u0142am naszych &#8222;cudownych&#8221; parlamentarzyst\u00f3w z PO, ale te\u017c i zwyk\u0142ych, polskich zjadaczy chleba\u00a0do jego tw\u00f3rczo\u015bci; z wiersza &#8222;Przes\u0142anie Pana Cogito&#8221;:<\/p>\n<p goog_docs_charIndex=\"2732\" id=\"ze-s\"><em goog_docs_charIndex=\"2733\" id=\"ze-s0\"><strong goog_docs_charIndex=\"2734\" id=\"ta8x\">&#8222;&#8230;Id\u017a wyprostowany po\u015br\u00f3d tych co na kolanach<\/strong><\/em><\/p>\n<p goog_docs_charIndex=\"2785\" id=\"o854\"><em goog_docs_charIndex=\"2786\" id=\"jra9\"><strong goog_docs_charIndex=\"2787\" id=\"ta8x0\">w\u015br\u00f3d odwr\u00f3conych plecami i obalonych w proch&#8230;&#8221;<br goog_docs_charIndex=\"2837\" id=\"o8541\" \/><\/strong><\/em>Odsy\u0142am do tw\u00f3rczo\u015bci Herberta cho\u0107by dlatego, \u017ce zapa\u015b\u0107 auturytet\u00f3w w Polsce si\u0119ga dna. Napewno nigdy nie b\u0119dzie dla mnie autorytetem &#8222;powszechnie szanowany &#8222;Polak i Europejczyk&#8221;, ale Herbert b\u0119dzie nim z ca\u0142\u0105 pewno\u015bci\u0105. To on poucza\u0142 nas, ale przede wszystkim polityk\u00f3w (tyle, \u017ce oni nie czytaj\u0105 poezji), w tym\u017ce samym wierszu:<\/p>\n<p goog_docs_charIndex=\"3170\" id=\"o0-5\"><em goog_docs_charIndex=\"3171\" id=\"o0-50\"><strong goog_docs_charIndex=\"3172\" id=\"o0-51\">&#8222;&#8230;zaiste nie w twojej mocy<\/strong><\/em><\/p>\n<p goog_docs_charIndex=\"3204\" id=\"o0-52\"><em goog_docs_charIndex=\"3205\" id=\"o0-53\"><strong goog_docs_charIndex=\"3206\" id=\"o0-54\">przebacza\u0107 w imieniu tych, kt\u00f3rych zdradzono o \u015bwicie&#8230;&#8221;<\/strong><\/em><\/p>\n<p goog_docs_charIndex=\"3270\" id=\"r9d82\">Na zako\u0144czenie mia\u0142o by\u0107 najciekawsze, ale poniewa\u017c &#8222;im kr\u00f3cej, tym lepiej&#8221;, owo najciekawsze b\u0119dzie w osobnym artykule pt. &#8222;Sejm, a Traktat Lizbo\u0144ski&#8221;.<\/p>\n","protected":false},"excerpt":{"rendered":"<p>A\u00a0najciekawsze na ko\u0144cu.<\/p>\n","protected":false},"author":2,"featured_media":0,"comment_status":"open","ping_status":"open","sticky":false,"template":"","format":"standard","meta":[],"categories":[1],"tags":[],"_links":{"self":[{"href":"https:\/\/sporek.com\/blog\/index.php?rest_route=\/wp\/v2\/posts\/87"}],"collection":[{"href":"https:\/\/sporek.com\/blog\/index.php?rest_route=\/wp\/v2\/posts"}],"about":[{"href":"https:\/\/sporek.com\/blog\/index.php?rest_route=\/wp\/v2\/types\/post"}],"author":[{"embeddable":true,"href":"https:\/\/sporek.com\/blog\/index.php?rest_route=\/wp\/v2\/users\/2"}],"replies":[{"embeddable":true,"href":"https:\/\/sporek.com\/blog\/index.php?rest_route=%2Fwp%2Fv2%2Fcomments&post=87"}],"version-history":[{"count":0,"href":"https:\/\/sporek.com\/blog\/index.php?rest_route=\/wp\/v2\/posts\/87\/revisions"}],"wp:attachment":[{"href":"https:\/\/sporek.com\/blog\/index.php?rest_route=%2Fwp%2Fv2%2Fmedia&parent=87"}],"wp:term":[{"taxonomy":"category","embeddable":true,"href":"https:\/\/sporek.com\/blog\/index.php?rest_route=%2Fwp%2Fv2%2Fcategories&post=87"},{"taxonomy":"post_tag","embeddable":true,"href":"https:\/\/sporek.com\/blog\/index.php?rest_route=%2Fwp%2Fv2%2Ftags&post=87"}],"curies":[{"name":"wp","href":"https:\/\/api.w.org\/{rel}","templated":true}]}}