{"id":88,"date":"2008-08-20T04:02:12","date_gmt":"2008-08-20T08:02:12","guid":{"rendered":"http:\/\/sporek.com\/blog\/?p=88"},"modified":"2008-10-08T12:07:10","modified_gmt":"2008-10-08T16:07:10","slug":"praca-i-wypoczynek","status":"publish","type":"post","link":"https:\/\/sporek.com\/blog\/?p=88","title":{"rendered":"Praca i wypoczynek"},"content":{"rendered":"<p id=\"bwkx\">Wakacje &#8211; magiczne s\u0142owo, daj\u0105ce poczucie ulgi i zadowolenia u wszystkich, kt\u00f3rzy je maj\u0105, lub nawet zaczynaj\u0105 je planowa\u0107.<\/p>\n<p id=\"cw0w\">Praca &#8211; magiczne s\u0142owo, daj\u0105ce nadziej\u0119 na przetrwanie, ale u\u017cywane podczas wakacji poduje nerwowe odruchy wypoczywaj\u0105cych.<!--more--><\/p>\n<p id=\"ldum\">U mnie ju\u017c kt\u00f3ry\u015b rok z rz\u0119du te dwa s\u0142owa wsp\u00f3\u0142pracuj\u0105 z sob\u0105 zupe\u0142nie bezkolizyjnie. Jestem teraz na wakacjach w Polsce i wypoczynek tak cudownie miksuje mi si\u0119 z obowi\u0105zkami zawodowymi, \u017ce wr\u0119cz pot\u0119guje uczucie bycia na wakacjach przy jednoczesnym poczuciu dobrze wykonanych obowi\u0105zk\u00f3w. Sp\u0119dzam\u00a0wspania\u0142e chwile\u00a0z rodzin\u0105, przyjaci\u00f3\u0142mi, a jednocze\u015bnie odbywam mn\u00f3stwo spotka\u0144 zawodowych dotycz\u0105cych moich przysz\u0142ych plan\u00f3w koncertowych w Nowym Jorku.<\/p>\n<p id=\"xg5_\">I chc\u0119 sobie zrobi\u0107 wakacje od pisania. Ale nie znaczy to, \u017ce zaprzesta\u0142em obserwowa\u0107 i podgl\u0105da\u0107 codzienno\u015b\u0107.\u00a0Pozwalam sobie\u00a0nawet prowokowa\u0107 moich znajomych i przyjaci\u00f3\u0142 do politycznych wynurze\u0144. Zapewne podziel\u0119 si\u0119 z moimi Czytelnikami obserwacjami z Polski. A teraz \u017cycz\u0119 sobie i wszystkim, kt\u00f3rzy s\u0105 na wakacjach, jako i tym, kt\u00f3rzy dopiero zamierzaj\u0105 si\u0119 na nie wybra\u0107, aby by\u0142y one pe\u0142ne wspania\u0142ego relaksu, \u0142adowania baterii na powr\u00f3t do pracy i podreperowaniem zdrowia, bez kt\u00f3rego ani wakacje, ani praca nie s\u0105 mo\u017cliwe.<\/p>\n<p id=\"vjtg\">A po powrocie do Nowego Jorku wezm\u0119 si\u0119 do pracy; zar\u00f3wno pedagogicznej, promocyjnej, jak i publicystycznej.<\/p>\n<p>A czekaj\u0105 nas wspania\u0142o\u015bci artystyczne z najwy\u017cszej p\u00f3\u0142ki: 17 pa\u017cdziernika\u00a0 W Konsulacie Generalnym RP w Manhattanie &#8211; Poezja Baczy\u0144skiego w wykonaniu dw\u00f3ch wspania\u0142ych sopranistek: Judith Kellock i Anny Kostrzy\u0144skiej.<\/p>\n<p>Dziewi\u0119\u0107 dni p\u00f3\u017aniej Anna Kostrzy\u0144ska i Krzysztof Biernacki, baryton, wesp\u00f3\u0142 z Jackiem Zganiaczem, fortepian wyst\u0105pi\u0105 w cudownym koncercie najpi\u0119kniejszych arii operowych, oraz arii i duet\u00f3w z Halki w Carnegie Hall &#8211; 26 pa\u017adziernika. Zatem po powrocie do NY r\u0119ce pe\u0142ne roboty. Ale to jest to, co kocham.<\/p>\n<p>\u00a0Mi\u0142ych wakacji!!!<\/p>\n","protected":false},"excerpt":{"rendered":"<p>Wakacje &#8211; magiczne s\u0142owo, daj\u0105ce poczucie ulgi i zadowolenia u wszystkich, kt\u00f3rzy je maj\u0105, lub nawet zaczynaj\u0105 je planowa\u0107. Praca &#8211; magiczne s\u0142owo, daj\u0105ce nadziej\u0119 na przetrwanie, ale u\u017cywane podczas wakacji poduje nerwowe odruchy wypoczywaj\u0105cych.<\/p>\n","protected":false},"author":2,"featured_media":0,"comment_status":"open","ping_status":"open","sticky":false,"template":"","format":"standard","meta":[],"categories":[1],"tags":[],"_links":{"self":[{"href":"https:\/\/sporek.com\/blog\/index.php?rest_route=\/wp\/v2\/posts\/88"}],"collection":[{"href":"https:\/\/sporek.com\/blog\/index.php?rest_route=\/wp\/v2\/posts"}],"about":[{"href":"https:\/\/sporek.com\/blog\/index.php?rest_route=\/wp\/v2\/types\/post"}],"author":[{"embeddable":true,"href":"https:\/\/sporek.com\/blog\/index.php?rest_route=\/wp\/v2\/users\/2"}],"replies":[{"embeddable":true,"href":"https:\/\/sporek.com\/blog\/index.php?rest_route=%2Fwp%2Fv2%2Fcomments&post=88"}],"version-history":[{"count":0,"href":"https:\/\/sporek.com\/blog\/index.php?rest_route=\/wp\/v2\/posts\/88\/revisions"}],"wp:attachment":[{"href":"https:\/\/sporek.com\/blog\/index.php?rest_route=%2Fwp%2Fv2%2Fmedia&parent=88"}],"wp:term":[{"taxonomy":"category","embeddable":true,"href":"https:\/\/sporek.com\/blog\/index.php?rest_route=%2Fwp%2Fv2%2Fcategories&post=88"},{"taxonomy":"post_tag","embeddable":true,"href":"https:\/\/sporek.com\/blog\/index.php?rest_route=%2Fwp%2Fv2%2Ftags&post=88"}],"curies":[{"name":"wp","href":"https:\/\/api.w.org\/{rel}","templated":true}]}}