{"id":90,"date":"2008-09-11T09:26:44","date_gmt":"2008-09-11T13:26:44","guid":{"rendered":"http:\/\/sporek.com\/blog\/?p=90"},"modified":"2008-10-08T12:06:49","modified_gmt":"2008-10-08T16:06:49","slug":"miecz-damoklesa","status":"publish","type":"post","link":"https:\/\/sporek.com\/blog\/?p=90","title":{"rendered":"Miecz Damoklesa"},"content":{"rendered":"<li><em>Miecz Damoklesa &#8211; gro\u017aba wisz\u0105ca nad cz\u0142owiekiem beztrosko u\u017cywaj\u0105cym przyjemno\u015bci \u017cycia.<br \/>\nEtymologia: &#8211; Dionizjos Starszy, tyran Syrakuz (405-367 p.n.e.), aby unaoczni\u0107 sw\u00f3j los Damoklesowi, pochlebcy, kt\u00f3ry nazywa\u0142 go najszcz\u0119\u015bliwszym ze \u015bmiertelnik\u00f3w, pozwoli\u0142 mu zasi\u0105\u015b\u0107 przy swym stole biesiadnym, nad g\u0142ow\u0105 Damoklesa zawiesi\u0107 kaza\u0142 jednak ostry miecz na ko\u0144skim w\u0142osie.<\/em> Tyle encyklopedyczna formu\u0142ka. A rzeczywisto\u015b\u0107? Czasy wsp\u00f3\u0142czesne? <!--more-->To, \u017ce nad \u015bwiatem wisi to staro\u017cytne mieczysko jasne jest ju\u017c od wielu lat. Ludzko\u015b\u0107 od wiek\u00f3w ustami i czynami polityk\u00f3w prosi o kar\u0119. Ju\u017c 40 kraj\u00f3w posiada komponenty do konstruowania broni j\u0105drowej, co jest s\u0142uszne sk\u0105dnin\u0105d, bo jak pierd..\u0107, to tak, \u017ceby ju\u017c nic nie zosta\u0142o. Maszynki do wzajemnego mordowania s\u0105 ju\u017c na takim poziomie dok\u0142adno\u015bci i skuteczno\u015bci, \u017ce trzeba by\u0142o wymy\u015ble\u0107 tarcze &#8222;anty&#8221;. Trudno przewidzie\u0107, co jeszcze wymy\u015bl\u0105 konstruktorzy i co jeszcze ka\u017c\u0105 im tworzy\u0107 polityczni bonzowie o m\u00f3zgach orangutan\u00f3w. A co z Polsk\u0105? My\u015bl\u0119, \u017ce owo staro\u017cytne, ostre narz\u0119dzie wisi nad PO i to na bardzo cie\u0144kim w\u0142osku. Jak na d\u0142oni wida\u0107, \u017ce partia ta chcia\u0142a wygra\u0107 wybory tylko po to, aby odsun\u0105\u0107 od w\u0142adzy PiS. Jej szefowie, tak strasznie pragn\u0105cy w\u0142adzy nie mieli i do dzi\u015b nie maj\u0105 planu na rz\u0105dzenie, planu na popraw\u0119 \u017cycia spo\u0142ecze\u0144stwa. Kiedy rz\u0105dzili Kaczy\u0144scy PO bi\u0142a na trwog\u0119, \u017ce to rz\u0105dy jedynie odwetowe, pragn\u0105ce rozlicze\u0144. Zbli\u017ca si\u0119 I-a rocznica rz\u0105d\u00f3w Tuska i nic nie jest tak klarownie widoczne, jak&#8230;odwet i rozliczenia. Tyle, \u017ce w imi\u0119 mi\u0142o\u015bci, ale te\u017c tyle, \u017ce Kaczy\u0144scy chcieli rozliczy\u0107 komuch\u00f3w i korumpuj\u0105cych cwaniak\u00f3w okradaj\u0105cych kraj i nar\u00f3d, a PO rozlicza za to PiS. Sejmowy wyrok na Zbigniewa Ziobr\u0119 jest ukoronowaniem tej tendencji. Polska sta\u0142a si\u0119 krajem obrzydliwie nienormalnych polityk\u00f3w, obrzydliwie wykrzywionych dziennikarzy i obrzydliwie za\u015blepionego spo\u0142ecze\u0144stwa.<br \/>\nPO kontynuuje sprzeda\u017c polskich przedsi\u0119biorstw (z tzw. &#8222;ostatniej chwili&#8221;: w\u0119giel na Sl\u0105sku dro\u017ceje, a pod koniec sierpnia niemiecki przedsi\u0119biorca kupi\u0142 KWK D\u0119bie\u0144sko, z niezwykle cennym, wysokiej jako\u015bci w\u0119glem koksuj\u0105cym i tyle\u017c cennym zak\u0142adem odsalania w\u00f3d do\u0142owych). W 2008 roku nie oddano nawet jednego metra autostrady, nie rozpocz\u0119to prac budowlanych na warszawskim stadionie, gdzie pono\u0107 za trzy lata i dziewi\u0119\u0107 miesi\u0119cy (ju\u017c nie cztery lata, -czas leci), ma si\u0119 dokona\u0107 otwarcie pi\u0142karskiego festiwalu dru\u017cyn europejskich.<br \/>\nOd ko\u0144ca kwietnia nie ma w rz\u0105dzie ministra, kt\u00f3ry zajmowa\u0107 si\u0119 powinien energetyk\u0105. Pod koniec maja natomiast zlikwidowany zosta\u0142 urz\u0105d d\/s dywersyfikacji. Dzeinnikarze m\u00f3wi\u0105, \u017ce nie ma nawet oficjalnego uzasadnienia tej sytuacji. Czy\u017cby rz\u0105dz\u0105cy mieli jaki\u015b ukryty, rewelacyjny plan na zabezpieczenia energetyczne; ropa, gaz&#8230;? A tymczasem Rosja waln\u0119\u0142a w Gruzj\u0119. Lech Kaczy\u0144ski waln\u0105\u0142 Rusa prosto w oczy ostrymi s\u0142owami i dopiero potem tzw. Zjednoczona Europa jako\u015b tam zareagowa\u0142a udowadniaj\u0105c raczej jednak swoj\u0105 s\u0142abo\u015b\u0107, wyrachowanie i kompletne niedoczytanie rosyjskich intencji. To nic, \u017ce Sarkozi by\u0142 w Tbilisi przed Kaczy\u0144skim (argumentu tego u\u017cy\u0142 by\u0142y minister Andrzej Olechowski w programie u Lisa chc\u0105c umniejszy\u0107 rol\u0119 naszego prezydenta, jednocze\u015bnie mentorsko pouczaj\u0105c, \u017ce nie tak prezydent powinien si\u0119 wypowiada\u0107 &#8211; ale to takie odgrzewane kluski wyrzucane z gard\u0142a przez tych, kt\u00f3rzy swoje pi\u0119\u0107 minut ju\u017c mieli, tyle, \u017ce ich nie wykorzystali, no chyba, \u017ce&#8230;). Sarko naprawd\u0119 niewiele zdzia\u0142a\u0142. To, co og\u0142osi\u0142 Europie, \u017ce Rosja si\u0119 wycofuje okaza\u0142o si\u0119 fikcj\u0105, bo Rosyjskie wojska nadal siedz\u0105 w Gruzji, zniszczenia s\u0105 miliardowe, a straty w ludziach nie do odrobienia, bo nawet zjednoczona Europa nie przywr\u00f3ci im \u017cycia. Europie nie wysz\u0142y nawet skrzynki na listy, to c\u00f3\u017c si\u0119 dziwi\u0107 przy tak du\u017cej sprawie&#8230;<br \/>\nTymczasem Stany Zjednoczone zadeklarowa\u0142y MILIARD DOLAR\u00d3W pomocy dla Gruzji. A Europa czeka, byle nie podpa\u015b\u0107 Putinowi. Sk\u0105din\u0105d inteligentny Tomasz Lis &#8222;idzie&#8221; po rad\u0119 do by\u0142ego prezydenta Kwa\u015bniewskiego (w tym\u017ce samym programie). To ju\u017c jaka\u015b paranoja. Poza wszystkim program Lisa, to niesamowicie perfidnie skomponowana rewia pogardy dla PiS-u, Kaczy\u0144skich i wszystkiego, co zwi\u0105zane z nimi. Go\u015bcinne &#8222;wyst\u0119py&#8221; Kwa\u015bniewskiego, Wa\u0142\u0119sy (kt\u00f3ry nadal nie ma nic m\u0105drego do powiedzenia; odm\u00f3wi\u0142 uczestnictwa w obchodach rocznicowych Solidarno\u015bci, z g\u00f3ry przewiduj\u0105c, \u017ce b\u0119dzie si\u0119 \u017ale czu\u0142 w towarzystwie Kaczy\u0144skiego, Gwiazdy, Walentynowicz. To czyj to problem? Tych ostatnich, czy jego, Wa\u0142\u0119sy? No, to niech nie narzeka &#8211; u Lisa w\u0142a\u015bnie). Na Kaczy\u0144skich mo\u017cna plu\u0107, gdzie si\u0119 da, a najlepiej u Lisa. Pami\u0119tam, \u017ce kiedy A. Lepper obrazi\u0142 Kwa\u015bniewskiego, to dosta\u0142 p\u00f3\u0142tora roku w zawieszeniu. Dzi\u015b niejaki Palikot uchodzi bezkarnie, a Lis ma tak\u0105 widowni\u0119, \u017ce wystarczy powiedzie\u0107 Kaczy\u0144ski, ju\u017c si\u0119 \u015bmiej\u0105, a je\u015bli doda\u0107 Kaczy\u0144ski be, to owacja na stoj\u0105co. \u017benada.<br \/>\nHanny Lis te\u017c nie lubi\u0119, bo jest sztuczna, Kra\u015bko jeszcze bardziej sztuczny i nad\u0119ty. Najwi\u0119ksz\u0105 klas\u0119 ma w Wiadomo\u015bciach Ma\u0142gorzata Wyszy\u0144ska: wyluzowna, naturalna i niezwykle urodziwa, a przy tym nie robi z siebie mentora.<\/li>\n<p>Europose\u0142 Buzek (te\u017c by\u0142y rz\u0105dz\u0105cy) m\u00f3wi, (w programie Jana Pospieszalskiego &#8222;Warto rozmawia\u0107), \u017ce owszem Polska powinna si\u0119 &#8222;jako\u015b broni\u0107&#8221; przed rosyjskimi zakusami odci\u0119cia nas od dostaw przez Gruzj\u0119, ale &#8222;<em><strong>przede wszystkim na spraw\u0119 Gruzji trzeba patrze\u0107 przez pryzmat Europy&#8221;. <\/strong><\/em>Na argumenty Przemys\u0142awa Wiplera z Instytutu Jagiello\u0144skiego (cz\u0142owieka o ogromnej wiedzy merytorycznej, co by\u0142o niezwykle ostro wida\u0107 w jego wypowiedziach) pan Buzek ripostuje: &#8222;nie wiem o czym pan m\u00f3wi&#8230;&#8221;<br \/>\nNo, to\u015bmy si\u0119 doczekali. <em>Polska, jako\u015b tam&#8230;ale najpierw Europa<\/em>. (vide skrzynki pocztowe). Pi\u0119knie panie premierze (by\u0142y).<br \/>\nHarce PO na politycznej scenie Polski trwaj\u0105; kilku facet\u00f3w zostanie pozbawionych m\u0119sko\u015bci (kastracja to ostatnio najwa\u017cniejsza sprawa Donka T. i minister Kopacz, tej od zdrowia). Tymczasem Ziobro i tak wygra spraw\u0119 w s\u0105dzie, bo nie ma konstytucjonalnych przepis\u00f3w, co, kiedy i komu mo\u017cna pokazywa\u0107, (dotyczy to nawet pedofil\u00f3w), autostrad nie b\u0119dzie, stadion\u00f3w te\u017c, a staro\u017cytne narz\u0119dzie do obcinania g\u0142\u00f3w spadnie na PO dok\u0142adnie na rok przed kopanymi mistrzostwami, kiedy Platini przyjedzie do Polski i powie: O, k&#8230;, to wy\u015bcie, k&#8230;nic nie zrobili\u015bcie.<br \/>\nI to b\u0119dzie kabaret!<\/p>\n","protected":false},"excerpt":{"rendered":"<p>Miecz Damoklesa &#8211; gro\u017aba wisz\u0105ca nad cz\u0142owiekiem beztrosko u\u017cywaj\u0105cym przyjemno\u015bci \u017cycia. Etymologia: &#8211; Dionizjos Starszy, tyran Syrakuz (405-367 p.n.e.), aby unaoczni\u0107 sw\u00f3j los Damoklesowi, pochlebcy, kt\u00f3ry nazywa\u0142 go najszcz\u0119\u015bliwszym ze \u015bmiertelnik\u00f3w, pozwoli\u0142 mu zasi\u0105\u015b\u0107 przy swym stole biesiadnym, nad g\u0142ow\u0105 Damoklesa zawiesi\u0107 kaza\u0142 jednak ostry miecz na ko\u0144skim w\u0142osie. Tyle encyklopedyczna formu\u0142ka. A rzeczywisto\u015b\u0107? Czasy [&hellip;]<\/p>\n","protected":false},"author":2,"featured_media":0,"comment_status":"open","ping_status":"open","sticky":false,"template":"","format":"standard","meta":[],"categories":[4],"tags":[],"_links":{"self":[{"href":"https:\/\/sporek.com\/blog\/index.php?rest_route=\/wp\/v2\/posts\/90"}],"collection":[{"href":"https:\/\/sporek.com\/blog\/index.php?rest_route=\/wp\/v2\/posts"}],"about":[{"href":"https:\/\/sporek.com\/blog\/index.php?rest_route=\/wp\/v2\/types\/post"}],"author":[{"embeddable":true,"href":"https:\/\/sporek.com\/blog\/index.php?rest_route=\/wp\/v2\/users\/2"}],"replies":[{"embeddable":true,"href":"https:\/\/sporek.com\/blog\/index.php?rest_route=%2Fwp%2Fv2%2Fcomments&post=90"}],"version-history":[{"count":0,"href":"https:\/\/sporek.com\/blog\/index.php?rest_route=\/wp\/v2\/posts\/90\/revisions"}],"wp:attachment":[{"href":"https:\/\/sporek.com\/blog\/index.php?rest_route=%2Fwp%2Fv2%2Fmedia&parent=90"}],"wp:term":[{"taxonomy":"category","embeddable":true,"href":"https:\/\/sporek.com\/blog\/index.php?rest_route=%2Fwp%2Fv2%2Fcategories&post=90"},{"taxonomy":"post_tag","embeddable":true,"href":"https:\/\/sporek.com\/blog\/index.php?rest_route=%2Fwp%2Fv2%2Ftags&post=90"}],"curies":[{"name":"wp","href":"https:\/\/api.w.org\/{rel}","templated":true}]}}