{"id":92,"date":"2008-09-18T10:43:44","date_gmt":"2008-09-18T14:43:44","guid":{"rendered":"http:\/\/sporek.com\/blog\/?p=92"},"modified":"2008-10-08T12:06:26","modified_gmt":"2008-10-08T16:06:26","slug":"tym-co-jeszcze-wierza","status":"publish","type":"post","link":"https:\/\/sporek.com\/blog\/?p=92","title":{"rendered":"Tym, co jeszcze wierz\u0105&#8230;"},"content":{"rendered":"<p>-Maj, 2008: w p\u0142omiennym wyst\u0105pieniu premier RP Donald Tusk zaklina\u0142, \u017ce g\u0142odne dzieci to wstyd; polskie dzieci b\u0119d\u0105 nakarmione w szko\u0142ach. I co? \u017baden terenowy urz\u0105d nie otrzyma\u0142 najmniejszej nawet, najprostszej dyrektywy, jak to zrobi\u0107, aby szko\u0142y otrzyma\u0142y fundusze na dokarmianie dzieci. Dyrektorzy szk\u00f3\u0142 zg\u0142aszaj\u0105, \u017ce nagminnie wyst\u0119puj\u0105 przypadki niedo\u017cywionych dzieci, z b\u00f3lami g\u0142owy, os\u0142abieniem. <!--more-->Rz\u0105d i sejm wybrali si\u0119 na urlopy, rok szkolny si\u0119 rozpocz\u0105\u0142 i o dzieciach zapomniano. Wa\u017cne, \u017ce wska\u017aniki w czerwcu wzros\u0142y. Ale spadaj\u0105.<\/p>\n<p>-Euro: Premier (ten\u017ce sam) zapewni\u0142 nar\u00f3d, \u017ce w 2011 roku Polska do\u0142\u0105czy do kraj\u00f3w u\u017cywaj\u0105cych Euro, jako waluty. Zn\u00f3w p\u0142omienna wypowied\u017a, kt\u00f3r\u0105 zach\u0142ysn\u0119\u0142a si\u0119 ta cz\u0119\u015b\u0107 spo\u0142ecze\u0144stwa, kt\u00f3ra nachalnie wierzy w dobre intencje szefa rz\u0105du. A to zn\u00f3w pi-ar. Nic innego. Gdyby premier troch\u0119 wi\u0119cej czyta\u0142 i pyta\u0142 nie paln\u0105\u0142by takiego glupstwa; W\u0142osi np. maj\u0105 ju\u017c do\u015b\u0107 wsp\u00f3lnej waluty. Kelner, na S\u0142owacji, gdzie mia\u0142em przyjemno\u015b\u0107 miesi\u0105c temu zwiedza\u0107 Demianowskie Jaskinie, powiedzia\u0142, \u017ce S\u0142owacja ju\u017c zdecydowa\u0142a i wyznaczy\u0142a dat\u0119 zmiany swojej waluty na Euro. Nie by\u0142 to jednak suchy komunikat. Doda\u0142 bowiem natychmiast, \u017ce prawdopodobnie Polacy nie b\u0119d\u0105 ju\u017c tak gremialnie przyje\u017cd\u017ca\u0107, bo wszystko b\u0119dzie conajmniej dwa razy dro\u017csze. Zupe\u0142nie inn\u0105 spraw\u0105 jest, czy nasz polski rz\u0105d zapyta nar\u00f3d o zdanie. jak udowodni\u0142em w przypadku Traktatu Lizbo\u0144skiego, nasi parlamentarzyci, pod wodz\u0105 Komorowskiego nie raczyli przeanalizowa\u0107 nawet jednego paragrafu z tego dokumentu (patrz: &#8222;Sejm, a Traktat Lizbo\u0144ski&#8221; &#8211; lipiec, 2008). Nie by\u0142oby od rzeczy, gdyby nasz parlament dopuci\u0142 na m\u00f3wnic\u0119 ekspert\u00f3w reprezentuj\u0105cych r\u00f3\u017cne pogl\u0105dy, za\u015b sesje takie transmitowa\u0142 dla narodu w \u015brodkach masowego przekazu, po czym og\u0142osi\u0142 narodow\u0105 debat\u0119, a w konsekwencji referendum. Obawiam si\u0119 jednak, znaj\u0105c pogl\u0105dy pana Tuska na spraw\u0119 referendum, \u017ce nic takiego si\u0119 nie zdarzy. B\u0142yskawiczna reakcja spec\u00f3w od pieni\u0119dzy, w tym r\u00f3wnie\u017c ministra finans\u00f3w obla\u0142a premiera przys\u0142owiowym kub\u0142em zimnej wody i tu z pomoc\u0105 premierowi przyszed\u0142&#8230;dewiata z Siemiatycz, ktory tak kocha\u0142 w\u0142asn\u0105 c\u00f3rk\u0119, \u017ce postanowi\u0142 j\u0105 regularie gwa\u0142ci\u0107. Zwariowa\u0142em? Nie. Bo zdarzenie to pozwoli\u0142o premierowi na natychmiastowe odwr\u00f3cenie uwagi spo\u0142ecze\u0144stwa od g\u0142upstwa, jakie paln\u0105\u0142 w sprawie Euro na rozgrzany do czerwonoci temat ojca-gwa\u0142ciciela. Wykastrowa\u015b\u0107 te kreatury, krzykn\u0105\u0142 pierwszy minister i zo\u00f3w, jak si\u0119 okazuje ponios\u0142y go emocje. Zn\u00f3w specjali\u015bci od prawa, konstytucji itp. chlusn\u0119li zimn\u0105 wod\u0105. To nie takie proste, bo&#8230;? A w\u0142a\u015bnie. I tu si\u0119gnijmy nieco wstecz do obrad naszego parlamentu. Prawo nie daje jednoznacznych mo\u017cliwo\u015bci, konstytucja r\u00f3wnie\u017c. Pedofile w Polsce maj\u0105 si\u0119 dobrze w przeciwie\u0144stwie do swoich ofiar. C\u00f3\u017c si\u0119 dziwi\u0107, skoro&#8230;? Dwa lata temu, a dokladnie 3 czerwca, 2005 roku sejm na wniosek &#8222;przekl\u0119tego&#8221; Ziobry (jeszcze wtedy pos\u0142a), wzi\u0105\u0142 pod g\u0142osowanie poprawk\u0119 nowelizacyjn\u0105 do Kodeksu Karnego, kt\u00f3ra m\u00f3wi\u0142a, \u017ce sprawcy takich czyn\u00f3w powinni mie\u0107 te przest\u0119pstwa wpisane w swoje \u017cyciorysy, powinni by\u0107 skatalogowani. Kto si\u0119 wstrzyma\u0142? A w\u0142anie wstrzyma\u0142 si\u0119 mi\u0119dzy innymi P-owcami Donald Tusk i obecna vice premier Jaruga-Nowacka. Teraz, \u017ceby pi-ar by\u0142 OK oboje natychmiast chcieliby ch\u0142opu odci\u0105\u0107 co nieco, &#8211; wprawdzie farmakologicznie, ale zawsze\u0107 to jakie\u015b okaleczenie. Jestem za tym, aby w\u0142a\u015bnie farmakologicznie zmniejsza\u0107 \u017c\u0105dze zbocze\u0144c\u00f3w, cho\u0107 skoro kiedy\u015b Szwecja obcina\u0142a z\u0142odziejom r\u0119ce i teraz ma z tym spok\u00f3j, to i nie mia\u0142bym nic przeciwko, aby konstytucyjnie obcina\u0107 zbocze\u0144com przyrodzenia, je\u015bli nie wiedz\u0105, jak ich u\u017cywa\u0107. No, c\u00f3\u017c konstytucja jednak zabrania, a premier nie wiedzia\u0142. Tylko czemu g\u0142osowa\u0142 przeciwko utrudnieniu \u017cycia zbocze\u0144com? Taki mi\u0142osierny? To niech si\u0119 teraz nie wym\u0105drza. Jaki by\u0142, taki by\u0142; za babami lata\u0142 po owalnym pokoju Bia\u0142ego Domu, szczeg\u00f3lnie jedn\u0105 z wyra\u017anym polskim pochodzeniem, &#8211; Bill Clinton, bo o nim mowa, ale kiedy trzeba by\u0142o, bez wahania podpisa\u0142 tzw: &#8222;Megan-law&#8221;, poprawk\u0119, kt\u00f3ra pozwala\u0142a ka\u017cdemu dowiedzie\u0107 si\u0119 kim jest np. nowoprzyby\u0142y w s\u0105siedztwie jegomo\u015b\u0107. Je\u015bli by\u0142 zwichrowany na punkcie dzieci, to przy jego nazwisku w Internecie ta informacja, za przyzwoleniem prawa\u00a0ma by\u0107\u00a0jasno i wyra\u017anie podana. A sta\u0142o si\u0119 to po ohydnym gwa\u0142cie na dziewczynce imieniem Megan w\u0142a\u015bnie. Taki Clinton, a jednak. Libera\u0142 Tusk &#8211; nie. Wtedy dwa lata temu wida\u0107 chcia\u0142 si\u0119 nawet pedofilom przypodoba\u0107.<\/p>\n<p>Ja ju\u017c naprawd\u0119 nie wierz\u0119 w nic, co ten cz\u0142owiek gada. A Wy&#8230;? No, to daj Bo\u017ce zdrowie. I niech Was prowadzi mi\u0142o\u015b\u0107, wierno\u015b\u0107 i&#8230;nieuczciwo\u015b\u0107 rz\u0105dz\u0105cych, a\u017c do usr&#8230;j \u015bmierci.<\/p>\n","protected":false},"excerpt":{"rendered":"<p>-Maj, 2008: w p\u0142omiennym wyst\u0105pieniu premier RP Donald Tusk zaklina\u0142, \u017ce g\u0142odne dzieci to wstyd; polskie dzieci b\u0119d\u0105 nakarmione w szko\u0142ach. I co? \u017baden terenowy urz\u0105d nie otrzyma\u0142 najmniejszej nawet, najprostszej dyrektywy, jak to zrobi\u0107, aby szko\u0142y otrzyma\u0142y fundusze na dokarmianie dzieci. Dyrektorzy szk\u00f3\u0142 zg\u0142aszaj\u0105, \u017ce nagminnie wyst\u0119puj\u0105 przypadki niedo\u017cywionych dzieci, z b\u00f3lami g\u0142owy, os\u0142abieniem.<\/p>\n","protected":false},"author":2,"featured_media":0,"comment_status":"open","ping_status":"open","sticky":false,"template":"","format":"standard","meta":[],"categories":[1],"tags":[],"_links":{"self":[{"href":"https:\/\/sporek.com\/blog\/index.php?rest_route=\/wp\/v2\/posts\/92"}],"collection":[{"href":"https:\/\/sporek.com\/blog\/index.php?rest_route=\/wp\/v2\/posts"}],"about":[{"href":"https:\/\/sporek.com\/blog\/index.php?rest_route=\/wp\/v2\/types\/post"}],"author":[{"embeddable":true,"href":"https:\/\/sporek.com\/blog\/index.php?rest_route=\/wp\/v2\/users\/2"}],"replies":[{"embeddable":true,"href":"https:\/\/sporek.com\/blog\/index.php?rest_route=%2Fwp%2Fv2%2Fcomments&post=92"}],"version-history":[{"count":0,"href":"https:\/\/sporek.com\/blog\/index.php?rest_route=\/wp\/v2\/posts\/92\/revisions"}],"wp:attachment":[{"href":"https:\/\/sporek.com\/blog\/index.php?rest_route=%2Fwp%2Fv2%2Fmedia&parent=92"}],"wp:term":[{"taxonomy":"category","embeddable":true,"href":"https:\/\/sporek.com\/blog\/index.php?rest_route=%2Fwp%2Fv2%2Fcategories&post=92"},{"taxonomy":"post_tag","embeddable":true,"href":"https:\/\/sporek.com\/blog\/index.php?rest_route=%2Fwp%2Fv2%2Ftags&post=92"}],"curies":[{"name":"wp","href":"https:\/\/api.w.org\/{rel}","templated":true}]}}