{"id":93,"date":"2008-09-18T11:44:38","date_gmt":"2008-09-18T15:44:38","guid":{"rendered":"http:\/\/sporek.com\/blog\/?p=93"},"modified":"2008-10-08T12:06:20","modified_gmt":"2008-10-08T16:06:20","slug":"kon-gres-czy-re-gres-polonii-amerykanskiej","status":"publish","type":"post","link":"https:\/\/sporek.com\/blog\/?p=93","title":{"rendered":"Kon-gres, czy Re-gres Polonii Ameryka\u0144skiej?"},"content":{"rendered":"<p>Pyta\u0142em kilka razy: &#8222;Dok\u0105d zmierza Kongres Polonii Ameryka\u0144skiej?&#8221; Teraz chyba wiem. Niedawno napisa\u0142em o skandalicznych obradach Zjazdu KPA w Phoenix, Arizona (&#8222;Quo vadis Kongresie Polonii Ameryka\u0144skie&#8221; &#8211; czerwiec, 2008). Fortuna ko\u0142em si\u0119 toczy, a historia lubi si\u0119 powtarza\u0107. Przys\u0142\u00f3w mamy do licha i troch\u0119 i cho\u0107\u00a0s\u0105 pono\u0107 m\u0105droci\u0105 narod\u00f3w, mamy to w&#8230;gdzie\u015b. <!--more-->Ale nie zmienia to faktu, \u017ce historia lubi si\u0119 powtarza\u0107, a te powt\u00f3rki potwierdzaj\u0105 tylko nies\u0142uszno\u015b\u0107, lub s\u0142uszno\u015b\u0107 zjawisk politycznych, spo\u0142ecznych itp. Ot\u00f3\u017c historia si\u0119 powt\u00f3rzy\u0142a w KPA, a owo powt\u00f3rzenie potwierdza tylko w moich odczuciach nies\u0142uszno\u015b\u0107 wyboru Franka Spu\u0142y na szefa tej zacnej sk\u0105din\u0105d organizacji. Ad rem: Ot\u00f3\u017c jest w tej chwili w Stanach jeden z czo\u0142owych obserwator\u00f3w \u017cycia spo\u0142eczno-politycznego w Polsce, red. Stanis\u0142aw Michalkiewicz. Spotyka si\u0119 z r\u00f3\u017cnymi \u015brodowiskami polonijnymi w r\u00f3\u017cnych miastach i zaplanowany te\u017c by\u0142 przez dyrektora d\/s polskich w KPA,\u00a0Ludwika Wn\u0119kowicza do zabrania g\u0142osu podczas uroczysto\u015bci rocznicowych zwi\u0105zanych z obchodami 400-lecia przybycia pierwszych polskich emigrant\u00f3w, kt\u00f3re to uroczysto\u015bci maj\u0105 si\u0119 odby\u0107 w Jamestown, w stanie Virginia. Pi\u0119ciu, pierwszych Polak\u00f3w przyp\u0142yn\u0119\u0142o do USA angielskim statkiem &#8222;Maria i Ma\u0142gorzata&#8221;. Napewno nie spodziewali si\u0119, \u017ce zjednoczona Polonia XXI wieku zleci si\u0119 do tego miasta, by uczci\u0107 t\u0119 ich emigracyjn\u0105 decyzj\u0119 z gatunku &#8222;za chlebem&#8221;. Cudownie. Ale nie do ko\u0144ca. Ot\u00f3\u017c okazuje si\u0119, \u017ce planowany m\u00f3wca z Polski, Stanis\u0142aw Michalkiewicz nie dost\u0105pi zaszczytu wyst\u0105pienia w tym zacnym jubileuszu, bo nie zgadza sie na to zarz\u0105d KPA pod wodz\u0105 F. S.<\/p>\n<p>Podobno jednak w zamian (mnie si\u0119 ta zamiana nie podoba), b\u0119dziemy mogli us\u0142ysze\u0107 p\u0142omienn\u0105 mow\u0119 ministra Sikorskiego, kt\u00f3rego Frank wydaje si\u0119 by\u0107 osobistym przyjacielem (zw\u0142aszcza po tym, jak z Donaldem Tuskiem zostali wpuszczeni boczym wej\u015bciem na spotkanie z Poloni\u0105 na Greenpoincie). Brawo Frank. W kraju przyk\u0142adnie ucz\u0105cym nas demokracji KPA decyduje, kto si\u0119 nadaje, a kto si\u0119 nie nadaje do przem\u00f3wie\u0144. W kraju, w kt\u00f3rym mo\u017cna stan\u0105\u0107 np. na \u015brodku Times Square i krzykn\u0105\u0107, \u017ce polityka prezydenta Busha mi si\u0119 nie podoba, KPA decyduje, \u017ce nie mo\u017cna mie\u0107 innego zdania, ni\u017c to, kt\u00f3re zaakceptuje zarz\u0105d tej\u017ce organizacji. I wy si\u0119 dziwicie, \u017ce ludzie nie chc\u0105 do Kongresu? A po co? Wi\u0119kszo\u015b\u0107 z nas prze\u017cy\u0142a na w\u0142asnej sk\u00f3rze &#8222;jednomy\u015blno\u015b\u0107&#8221; partyjn\u0105 narzucan\u0105 narodowi. Nie mamy ochoty prze\u017cywa\u0107 tego tutaj. Frank nie prze\u017cy\u0142 nic z tego, czego my byli\u015bmy \u015bwiadkami. Czy to go usprawiedliwia? NIE. S\u0142uchanie g\u0142os\u00f3w z do\u0142u winno by\u0107 nie tylko cech\u0105, ale obowi\u0105zkiem szefa organizacji. Widocznie nie w KPA.\u00a0Wyeliminowanie red. Michalkiewicza z programu w Jamestown \u015bwiadczy jeszcze o czym\u015b wi\u0119cej. Przecie\u017c wcale nie wiadomo,\u00a0co Michalkiewicz chcia\u0142by powiedzie\u0107. Wiadomo jedynie, \u017ce jest to cz\u0142owiek krytycznie patrz\u0105cy na to, co dzieje si\u0119 w Polsce. Czy zatem obawa przed prawd\u0105 jest tak histeryczna, \u017ce zanim otworzy usta trzeba mu je zamkn\u0105\u0107? Ale nawet je\u015bli, to kto daje\u00a0zarz\u0105dowi i jego przewodnicz\u0105cemu takie prawo?\u00a0My, cz\u0142onkowie napewno nie, &#8211; no, chyba, \u017ce nie wszyscy. A po tym, jak w Phoenix usuni\u0119to rezolucj\u0119 o lustracji istotnie mo\u017cna s\u0105dzi\u0107, \u017ce jest taka grupka.<\/p>\n<p>Prezesie Kongresu Polonii Ameryka\u0144skiej,\u00a0\u017c\u0105damy wyjanienia.<\/p>\n","protected":false},"excerpt":{"rendered":"<p>Pyta\u0142em kilka razy: &#8222;Dok\u0105d zmierza Kongres Polonii Ameryka\u0144skiej?&#8221; Teraz chyba wiem. Niedawno napisa\u0142em o skandalicznych obradach Zjazdu KPA w Phoenix, Arizona (&#8222;Quo vadis Kongresie Polonii Ameryka\u0144skie&#8221; &#8211; czerwiec, 2008). Fortuna ko\u0142em si\u0119 toczy, a historia lubi si\u0119 powtarza\u0107. Przys\u0142\u00f3w mamy do licha i troch\u0119 i cho\u0107\u00a0s\u0105 pono\u0107 m\u0105droci\u0105 narod\u00f3w, mamy to w&#8230;gdzie\u015b.<\/p>\n","protected":false},"author":2,"featured_media":0,"comment_status":"open","ping_status":"open","sticky":false,"template":"","format":"standard","meta":[],"categories":[3],"tags":[],"_links":{"self":[{"href":"https:\/\/sporek.com\/blog\/index.php?rest_route=\/wp\/v2\/posts\/93"}],"collection":[{"href":"https:\/\/sporek.com\/blog\/index.php?rest_route=\/wp\/v2\/posts"}],"about":[{"href":"https:\/\/sporek.com\/blog\/index.php?rest_route=\/wp\/v2\/types\/post"}],"author":[{"embeddable":true,"href":"https:\/\/sporek.com\/blog\/index.php?rest_route=\/wp\/v2\/users\/2"}],"replies":[{"embeddable":true,"href":"https:\/\/sporek.com\/blog\/index.php?rest_route=%2Fwp%2Fv2%2Fcomments&post=93"}],"version-history":[{"count":0,"href":"https:\/\/sporek.com\/blog\/index.php?rest_route=\/wp\/v2\/posts\/93\/revisions"}],"wp:attachment":[{"href":"https:\/\/sporek.com\/blog\/index.php?rest_route=%2Fwp%2Fv2%2Fmedia&parent=93"}],"wp:term":[{"taxonomy":"category","embeddable":true,"href":"https:\/\/sporek.com\/blog\/index.php?rest_route=%2Fwp%2Fv2%2Fcategories&post=93"},{"taxonomy":"post_tag","embeddable":true,"href":"https:\/\/sporek.com\/blog\/index.php?rest_route=%2Fwp%2Fv2%2Ftags&post=93"}],"curies":[{"name":"wp","href":"https:\/\/api.w.org\/{rel}","templated":true}]}}