{"id":98,"date":"2008-10-01T14:14:50","date_gmt":"2008-10-01T18:14:50","guid":{"rendered":"http:\/\/sporek.com\/blog\/?p=98"},"modified":"2008-10-08T12:05:43","modified_gmt":"2008-10-08T16:05:43","slug":"uderz-w-stol2","status":"publish","type":"post","link":"https:\/\/sporek.com\/blog\/?p=98","title":{"rendered":"Uderz w st\u00f3\u0142&#8230;2"},"content":{"rendered":"<p goog_docs_charIndex=\"1\">Ogromnie si\u0119 ciesz\u0119, \u017ce kto\u015b, w tym wypadku Pan Tadeusz K. podzieli\u0142 si\u0119 z Internautami tak ciep\u0142\u0105 informacj\u0105 na m\u00f3j temat i wyst\u0105pi\u0142 z poparciem moich tez i obron\u0105 mojej osoby. Dziekuj\u0119. Poni\u017cej tekst listu, jaki zosta\u0142 wys\u0142any do mnie i Pana Stanis\u0142awa Trojaniaka:<!--more--><br goog_docs_charIndex=\"289\" \/><\/p>\n<p goog_docs_charIndex=\"341\" style=\"margin: 0in 0in 0pt\" class=\"MsoNormal\"><span goog_docs_charIndex=\"342\" style=\"color: black; font-family: Verdana\"><font goog_docs_charIndex=\"343\" size=\"2\">Subject: Re: Odpowiedz na list St. Trojaniaka<\/font><\/span><\/p>\n<p goog_docs_charIndex=\"392\" style=\"margin: 0in 0in 0pt\" class=\"MsoNormal\"><span goog_docs_charIndex=\"393\" style=\"color: black; font-family: Verdana\"><font goog_docs_charIndex=\"394\" size=\"2\">Date: <\/font><\/span><span goog_docs_charIndex=\"403\" style=\"color: black; font-family: Verdana\"><font goog_docs_charIndex=\"404\" size=\"2\">9\/29\/2008<\/font><\/span><span goog_docs_charIndex=\"416\" style=\"color: black; font-family: Verdana\"><font goog_docs_charIndex=\"417\" size=\"2\"> 11:21:20 AM<\/font><\/span><\/p>\n<p goog_docs_charIndex=\"433\" style=\"margin: 0in 0in 0pt\" class=\"MsoNormal\"><span goog_docs_charIndex=\"434\" style=\"color: black; font-family: Verdana\"><font goog_docs_charIndex=\"435\" size=\"2\">From: felixdekansky <\/font><\/span><\/p>\n<p goog_docs_charIndex=\"459\" style=\"margin: 0in 0in 0pt\" class=\"MsoNormal\"><span goog_docs_charIndex=\"460\" style=\"color: black; font-family: Verdana\"><font goog_docs_charIndex=\"461\" size=\"2\">To: <\/font><\/span><span goog_docs_charIndex=\"468\" style=\"color: black; font-family: Verdana\"><font goog_docs_charIndex=\"469\" size=\"2\">jan.<\/font><\/span><span goog_docs_charIndex=\"476\" style=\"color: black; font-family: Verdana\"><font goog_docs_charIndex=\"477\" size=\"2\">sporek<\/font><\/span><span goog_docs_charIndex=\"486\" style=\"color: black; font-family: Verdana\"><font goog_docs_charIndex=\"487\" size=\"2\">@verizon.net<\/font><\/span><\/p>\n<p goog_docs_charIndex=\"503\" style=\"margin: 0in 0in 0pt\" class=\"MsoNormal\"><span goog_docs_charIndex=\"504\" style=\"color: black; font-family: Verdana\"><br goog_docs_charIndex=\"505\" \/><\/span><\/p>\n<p goog_docs_charIndex=\"511\" style=\"margin: 0in 0in 0pt\" class=\"MsoNormal\"><font goog_docs_charIndex=\"512\" size=\"3\"><span goog_docs_charIndex=\"513\" style=\"color: black; font-family: Verdana\"><strong>Stanley Trojaniak<\/strong><\/span><span goog_docs_charIndex=\"532\" style=\"color: black; font-family: Verdana\"><strong> na us\u0142ugach ?<\/strong> <\/span><\/font><\/p>\n<p goog_docs_charIndex=\"551\" style=\"margin: 0in 0in 0pt\" class=\"MsoNormal\"><em goog_docs_charIndex=\"552\"><span goog_docs_charIndex=\"553\" style=\"color: black; font-family: Verdana\"><font goog_docs_charIndex=\"554\" size=\"3\">Odpowiedz na list pana Trojaniaka opublikowany w internecie a szkalujacy pana Janusza Sporka <\/font><\/span><\/em><\/p>\n<p goog_docs_charIndex=\"551\" style=\"margin: 0in 0in 0pt\" class=\"MsoNormal\"><em goog_docs_charIndex=\"552\"><span goog_docs_charIndex=\"553\" style=\"color: black; font-family: Verdana\"><\/span><\/em><\/p>\n<p goog_docs_charIndex=\"651\" style=\"margin: 0in 0in 0pt\" class=\"MsoNormal\"><font goog_docs_charIndex=\"652\" size=\"3\"><strong goog_docs_charIndex=\"653\"><span goog_docs_charIndex=\"654\" style=\"color: black; font-family: Verdana\">Nie godne to ani Dy<\/span><\/strong><strong goog_docs_charIndex=\"676\"><span goog_docs_charIndex=\"677\" style=\"color: black; font-family: Verdana\">rektor<\/span><\/strong><strong goog_docs_charIndex=\"686\"><span goog_docs_charIndex=\"687\" style=\"color: black; font-family: Verdana\">a Krajowego Kongresu Polonii Ameryka\u0144skiej, ani szefa rozg\u0142o\u015bni radiowej, <\/span><\/strong><span goog_docs_charIndex=\"764\" style=\"color: black; font-family: Verdana\">ubli\u017canie Panu Januszowi Sporkowi w spos\u00f3b jaki to czyni Pan Trojaniak. Nazywaj\u0105c Janusza Sporka mianem <em goog_docs_charIndex=\"869\">\u201e <strong goog_docs_charIndex=\"872\">pse\u0142do Polaka\u201d <\/strong><\/em>nie zauwa\u017cy\u0142 biedny Pan Trojaniak, \u017ce pluj\u0105c, sam si\u0119 po prostu nie\u017ale oplu\u0142. A diament jak by\u0142 diamentem tak nim pozosta\u0142. <\/span><\/font><\/p>\n<p goog_docs_charIndex=\"1017\" style=\"margin: 0in 0in 0pt\" class=\"MsoNormal\"><span goog_docs_charIndex=\"1018\" style=\"color: black; font-family: Verdana\"><font goog_docs_charIndex=\"1019\" size=\"3\">Ten nieetyczny atak na Pana Sporka, ju\u017c sam\u0105 pisowni\u0105 budzi w\u0105tpliwo\u015b\u0107; czy Pan Trojaniak wie na pewno o czym m\u00f3wi. Niewykluczone, \u017ce to zacietrzewienie i nienawi\u015b\u0107 spowodowa\u0142y t\u0119 \u201eniegramotno\u015b\u0107\u201d w pisowni. Nie zmienia to jednak faktu, \u017ce <strong goog_docs_charIndex=\"1259\">Pan Trojaniak obrzuca b\u0142otem cz\u0142owieka, kt\u00f3rego dokonania na rzecz polskiego \u015brodowiska w Nowym Jorku, jak i dla naszego wizerunku w Stanach Zjednoczonych s\u0105 przeogromne. <\/strong><\/font><\/span><\/p>\n<p goog_docs_charIndex=\"1435\" style=\"margin: 0in 0in 0pt\" class=\"MsoNormal\"><span goog_docs_charIndex=\"1436\" style=\"color: black; font-family: Verdana\"><font goog_docs_charIndex=\"1437\" size=\"3\">Pan Trojaniak zarzuca Panu Sporkowi k\u0142amstwo, gdy tymczasem sam, b\u0105d\u017a te\u017c na czyje\u015b polecenie przekr\u0119ca fakty. W imi\u0119 jakich korzy\u015bci nie wiemy? Wiemy na pewno, \u017ce nie w imi\u0119 prawdy. <\/font><\/span><\/p>\n<p goog_docs_charIndex=\"1627\" style=\"margin: 0in 0in 0pt\" class=\"MsoNormal\"><span goog_docs_charIndex=\"1628\" style=\"color: black; font-family: Verdana\"><font goog_docs_charIndex=\"1629\" size=\"3\">Po pierwsze jak najbardziej prawdziwa jest informacja o tym, i\u017c KPA na ostatnim zje\u017adzie w Arizonie zablokowa\u0142 lustracj\u0119 Polonii, co mo\u017cna sprawdzi\u0107 w protokole ze zjazdu. Prawd\u0105 jest r\u00f3wnie\u017c, \u017ce zarz\u0105d KPA odwo\u0142a\u0142 zaplanowane spotkanie z redaktorem Stanis\u0142awem Michalkiewiczem. <\/font><\/span><\/p>\n<p goog_docs_charIndex=\"1912\" style=\"margin: 0in 0in 0pt\" class=\"MsoNormal\"><span goog_docs_charIndex=\"1913\" style=\"color: black; font-family: Verdana\"><font goog_docs_charIndex=\"1914\" size=\"3\">Janusz Sporek, to cz\u0142owiek g\u0142\u0119boko zatroskany sprawami kraju i Polonii, czego dowody daje od lat pisz\u0105c i m\u00f3wi\u0105c na antenie radiowej. Niedawno z trosk\u0105 napisa\u0142, \u017ce KPA przestaje by\u0107 organizacj\u0105 jakiej Polonia potrzebuje. I jest to prawda. <\/font><\/span><\/p>\n<p goog_docs_charIndex=\"2157\" style=\"margin: 0in 0in 0pt\" class=\"MsoNormal\"><span goog_docs_charIndex=\"2158\" style=\"color: black; font-family: Verdana\"><font goog_docs_charIndex=\"2159\" size=\"3\">Uwa\u017cam, \u017ce <strong goog_docs_charIndex=\"2171\">dla KPA, szacownej organizacji z tradycjami, nie przystoi k\u0142amstwo! <\/strong><\/font><\/span><\/p>\n<p goog_docs_charIndex=\"2244\" style=\"margin: 0in 0in 0pt\" class=\"MsoNormal\"><strong goog_docs_charIndex=\"2245\"><span goog_docs_charIndex=\"2246\" style=\"color: black; font-family: Verdana\"><font goog_docs_charIndex=\"2247\" size=\"3\">To, co by\u0142o zawsze si\u0142\u0105 tej organizacji, to jedno\u015b\u0107 i pogarda dla komuny i form jej pochodnych, czyli i dla dzisiejszej postkomuny! <\/font><\/span><\/strong><\/p>\n<p goog_docs_charIndex=\"2384\" style=\"margin: 0in 0in 0pt\" class=\"MsoNormal\"><span goog_docs_charIndex=\"2385\" style=\"color: black; font-family: Verdana\"><font goog_docs_charIndex=\"2386\" size=\"3\">Nie tylko Pan Sporek, ale wszyscy obserwuj\u0105cy poczynania KPA widz\u0105 go\u0142ym okiem, \u017ce <strong goog_docs_charIndex=\"2470\">w Kongresie <\/strong>ostatnio <strong goog_docs_charIndex=\"2493\">stosuje si\u0119 sito podrzucone przez Pana Tuska, do przesiewania ludzi. <\/strong><\/font><\/span><\/p>\n<p goog_docs_charIndex=\"2567\" style=\"margin: 0in 0in 0pt\" class=\"MsoNormal\"><span goog_docs_charIndex=\"2568\" style=\"color: black; font-family: Verdana\"><font goog_docs_charIndex=\"2569\" size=\"3\">KPA za pomoc\u0105 tego w\u0142a\u015bnie \u201etuskowego\u201d sita, wyrzuca pi\u0119kne, zdrowe ziarna, ale wci\u0105\u017c obiecuje, \u017ce wypieka\u0107 b\u0119dzie smaczny chleb. Trudno w to uwierzy\u0107, bo na dnie sita, po tym <em goog_docs_charIndex=\"2746\">\u201epse\u0142do\u201d <\/em>(wg. pisowni przyj\u0119tej przez Pana Trojaniaka) przesiewaniu, pozosta\u0142 prawie sam sporysz. <\/font><\/span><span goog_docs_charIndex=\"2850\" style=\"color: black; font-family: Verdana\"><font goog_docs_charIndex=\"2851\" size=\"3\">Ciekawe co Pana Trojaniaka urzek\u0142o w tuskowym sicie? <\/font><\/span><span goog_docs_charIndex=\"2909\" style=\"color: black; font-family: Verdana\"><font goog_docs_charIndex=\"2910\" size=\"3\">Pe\u0142nomocnictwa przysz\u0142y najprawdopodobniej wraz z instrukcj\u0105 do u\u017cywania sita. <\/font><\/span><span goog_docs_charIndex=\"2994\" style=\"color: black; font-family: Verdana\"><font goog_docs_charIndex=\"2995\" size=\"3\">Nie tylko Pan Sporek wie o tych i wcze\u015bniejszych niecnych wyczynach organizacji: \u201eSpula &amp; Sp\u00f3\u0142ka\u201d. <strong goog_docs_charIndex=\"3095\">Szkodzi\u0107 Polonii si\u0119 nie wstydz\u0105, ale wstydz\u0105 si\u0119 widocznie o tym czyta\u0107. <\/strong>Znajomy ksi\u0105dz m\u00f3wi, \u017ce to zawsze dobry znak, gdy telepie si\u0119 cho\u0107by strz\u0119p sumienia. A oni chcieliby, aby szatan te ichnie matactwa albo przykry\u0142 ogonem, albo wszystkim zamydli\u0142 oczy. Zapomnieli chyba jednak wspomnie\u0107 o tym \u201ekusemu\u201d w cyrografie, bo <strong goog_docs_charIndex=\"3422\">ludzie jak na razie i widz\u0105 i s\u0142ysz\u0105 i m\u00f3wi\u0105 i przede wszystkim dziwi\u0105 si\u0119. <\/strong><\/font><\/span><\/p>\n<p goog_docs_charIndex=\"3503\" style=\"margin: 0in 0in 0pt\" class=\"MsoNormal\"><span goog_docs_charIndex=\"3504\" style=\"color: black; font-family: Verdana\"><font goog_docs_charIndex=\"3505\" size=\"3\">Karygodne jest to, w jaki spos\u00f3b potraktowany zosta\u0142 przez KPA, znany felietonista z Polski, redaktor Stanis\u0142aw Michalkiewicz. Zaproszono go wcze\u015bniej jako go\u015bcia na 2 pa\u017adziernika na Zjazd KPA do Wirginii. Redaktor Michalkiewicz uwzgl\u0119dni\u0142 to w swoich planach kupuj\u0105c stosowne bilety lotnicze. Przesta\u0142 jednak \u201epasowa\u0107\u201d redaktor Michalkiewicz Panu Prezesowi Spule, gdy Pan Spula u\u015bwiadomi\u0142 sobie potrzeb\u0119 przegl\u0105dania si\u0119 w \u017arenicach oczu Pana Tuska i Pana Borusewicza, kt\u00f3rzy to zadeklarowali r\u00f3wnie\u017c swoje przybycie. Zrobi\u0142o si\u0119 g\u0142o\u015bno wok\u00f3\u0142 tej sprawy, bo i Sejm w Polsce zosta\u0142 poinformowany o tym, \u017ce Kongres Polonii Ameryka\u0144skiej nie \u017cyczy sobie spotkania z b\u0105d\u017a co b\u0105d\u017a cenionym w Polsce Pi\u00f3rem. Zacz\u0119to wi\u0119c po desperacku obszczekiwa\u0107 ka\u017cdego, kto o tym fakcie wspomni. Tym w\u0142a\u015bnie sposobem w polu ra\u017cenia znalaz\u0142 si\u0119 i Janusz Sporek. <\/font><\/span><span goog_docs_charIndex=\"4354\" style=\"color: black; font-family: Verdana\"><font goog_docs_charIndex=\"4355\" size=\"3\">Ciekawe czy Pan Trojaniak zosta\u0142 poinformowany przez mocodawc\u00f3w o p\u00f3\u017aniejszym fakcie, jakim by\u0142a pr\u00f3ba wyciszenia sprawy. Zaproponowano bowiem na odczepnego, wy\u015bciubienie troch\u0119 czasu redaktorowi Michalkiewiczowi, ewentualnie w pierwszym dniu zjazdu. Redaktor Michalkiewicz z pewno\u015bci\u0105 wyci\u0105gnie z tej lekcji m\u0105dry wniosek. Wnioski bowiem wysnuwa jak ma\u0142o kto. Nauczony obecnym do\u015bwiadczeniem, by\u0107 mo\u017ce profilaktycznie uwije sobie jakie\u015b gniazdko, mo\u017ce nawet gdzie\u015b w pobli\u017cu lotniska i czeka\u0107 b\u0119dzie na rozkazy od <strong goog_docs_charIndex=\"4871\">g(\u0142)\u00f3wno <\/strong>&#8211; dowodz\u0105cego z KPA. <\/font><\/span><\/p>\n<p goog_docs_charIndex=\"4906\" style=\"margin: 0in 0in 0pt\" class=\"MsoNormal\"><span goog_docs_charIndex=\"4907\" style=\"color: black; font-family: Verdana\"><font goog_docs_charIndex=\"4908\" size=\"3\">Jestem oburzony faktem, i\u017c <strong goog_docs_charIndex=\"4936\">Pan Trojaniak w b\u0142ogim poczuciu bezkarno\u015bci zaatakowa\u0142 tego wspania\u0142ego Polaka jakim jest Janusz Sporek. To cz\u0142owiek \u2013 instytucja. To co robi\u0105 zwykle ca\u0142e sztaby ludzi, Janusz Sporek robi od wielu lat sam. <\/strong><\/font><\/span><\/p>\n<p goog_docs_charIndex=\"5147\" style=\"margin: 0in 0in 0pt\" class=\"MsoNormal\"><font goog_docs_charIndex=\"5148\" size=\"3\"><strong goog_docs_charIndex=\"5149\"><span goog_docs_charIndex=\"5150\" style=\"color: black; font-family: Verdana\">To propagator polskiej kultury. Zorganizowa\u0142 tyle wspania\u0142ych koncert\u00f3w, umo\u017cliwi\u0142 zaprezentowanie si\u0119 na s\u0142awnych nowojorskich scenach naszym kompozytorom, muzykom, \u015bpiewakom i tancerzom. Wielu wypromowa\u0142. Uczy dzieci i m\u0142odzie\u017c muzyki. Sam prowadzi ch\u00f3r. <\/span><\/strong><span goog_docs_charIndex=\"5410\" style=\"color: black; font-family: Verdana\">Czyni to z potrzeby serca. Serca artysty. Dzieli si\u0119 pi\u0119knem z innymi, bo tak mu widocznie nakazuje sumienie. Sumienie stawia mu za\u015b poprzeczki niezwykle wysoko. <\/span><\/font><span goog_docs_charIndex=\"5577\" style=\"color: black; font-family: Verdana\"><font goog_docs_charIndex=\"5578\" size=\"3\">Trudno jest w tym zmaterializowanym \u015bwiecie uwierzy\u0107, \u017ce istniej\u0105 jeszcze tacy zapale\u0144cy i tytani w jednej osobie. Pan Janusz jest tego \u017cywym przyk\u0142adem. <\/font><\/span><\/p>\n<p goog_docs_charIndex=\"5736\" style=\"margin: 0in 0in 0pt\" class=\"MsoNormal\"><strong goog_docs_charIndex=\"5737\"><span goog_docs_charIndex=\"5738\" style=\"color: black; font-family: Verdana\"><font goog_docs_charIndex=\"5739\" size=\"3\">Kto m\u00f3g\u0142by si\u0119 pochwali\u0107 podobn\u0105 zaradno\u015bci\u0105? <\/font><\/span><\/strong><\/p>\n<p goog_docs_charIndex=\"5790\" style=\"margin: 0in 0in 0pt\" class=\"MsoNormal\"><span goog_docs_charIndex=\"5791\" style=\"color: black; font-family: Verdana\"><font goog_docs_charIndex=\"5792\" size=\"3\">Ten wspania\u0142y cz\u0142owiek ma swoj\u0105 misj\u0119 \u017cyciow\u0105 i dzie\u0144 po dniu, krok po kroku j\u0105 realizuje. Nieustannie walczy o te bajo\u0144skie sumy na op\u0142acenie kosztownych sal koncertowych. <\/font><\/span><span goog_docs_charIndex=\"5970\" style=\"color: black; font-family: Verdana\"><font goog_docs_charIndex=\"5971\" size=\"3\">Sk\u0105d bierze si\u0142y? Trudno powiedzie\u0107. Przykre s\u0142owa i komentarze towarzyszy\u0142y chyba wszystkim jego przedsi\u0119wzi\u0119ciom, ale widocznie nie one zaprz\u0105ta\u0142y mu g\u0142ow\u0119, je\u015bli mimo wszystko, <strong goog_docs_charIndex=\"6152\">ci\u0105gle jest on w trakcie jakiego\u015b nowego zamierzenia artystycznego. <\/strong><\/font><\/span><font goog_docs_charIndex=\"6226\" size=\"3\"><strong goog_docs_charIndex=\"6227\"><span goog_docs_charIndex=\"6228\" style=\"color: black; font-family: Verdana\">Je\u015bli nawet uda\u0142oby si\u0119 zsumowa\u0107 wszystkich etatowych \u201edzia\u0142aczy\u201d, <\/span><\/strong><span goog_docs_charIndex=\"6298\" style=\"color: black; font-family: Verdana\">kt\u00f3rzy przez te wszystkie lata komunizmu i postkomunizmu w Polsce, tu w Stanach Zjednoczonych, z obowi\u0105zku i wcale nie za darmo winni broni\u0107 polsko\u015bci i mecenasowa\u0107 polskiej kulturze i sztuce, <strong goog_docs_charIndex=\"6492\">to blado dla nich wypad\u0142oby to por\u00f3wnanie z tym jednym cz\u0142owiekiem. <\/strong><\/span><\/font><\/p>\n<p goog_docs_charIndex=\"6565\" style=\"margin: 0in 0in 0pt\" class=\"MsoNormal\"><span goog_docs_charIndex=\"6566\" style=\"color: black; font-family: Verdana\"><font goog_docs_charIndex=\"6567\" size=\"3\">W tym co robi Janusz Sporek, wida\u0107 wyra\u017anie swoist\u0105 s\u0142u\u017cb\u0119 Ojczy\u017anie i Bogu. <\/font><\/span><span goog_docs_charIndex=\"6649\" style=\"color: black; font-family: Verdana\"><font goog_docs_charIndex=\"6650\" size=\"3\">Czy kiedy\u015b Polonia doceni go nale\u017cycie ? Oby. <\/font><\/span><\/p>\n<p goog_docs_charIndex=\"6700\" style=\"margin: 0in 0in 0pt\" class=\"MsoNormal\"><span goog_docs_charIndex=\"6701\" style=\"color: black; font-family: Verdana\"><font goog_docs_charIndex=\"6702\" size=\"3\">A Panu Trojaniakowi proponuj\u0119 okre\u015bli\u0107 zwrotem <strong goog_docs_charIndex=\"6750\"><em goog_docs_charIndex=\"6751\">\u201epse\u0142do Polacy\u201d <\/em><\/strong>raczej te polskoj\u0119zyczne indywidua, kt\u00f3re przyznaj\u0105 si\u0119 jedynie do zwi\u0105zk\u00f3w z terytorium Polski, ale za nic maj\u0105 nasz\u0105 kochan\u0105, zn\u00f3w rozgrabian\u0105 Ojczyzn\u0119 i jej dzieci rozp\u0119dzane przez kolejny <strong goog_docs_charIndex=\"6962\">pseudopolski <\/strong>rz\u0105d po ca\u0142ym \u015bwiecie. <\/font><\/span><span goog_docs_charIndex=\"7004\" style=\"color: black; font-family: Verdana\"><font goog_docs_charIndex=\"7005\" size=\"3\">Kto\u015b kiedy\u015b powiedzia\u0142, \u017ce <em>\u201e <strong>to zazdro\u015b\u0107 wtyka ludziom lornetk\u0119 z pomniejszaj\u0105cymi szk\u0142ami i ka\u017ce im widzie\u0107 cudze zas\u0142ugi w skali 1:100.\u201d <\/strong><\/em>T<\/font><\/span><span goog_docs_charIndex=\"7153\" style=\"color: black; font-family: Verdana\"><font goog_docs_charIndex=\"7154\" size=\"3\">ak si\u0119 dzieje i w tym przypadku. Jest takie <strong goog_docs_charIndex=\"7200\">polskie przys\u0142owie: <em goog_docs_charIndex=\"7221\">\u201egdy chcesz uderzy\u0107 psa, kij si\u0119 znajdzie\u201d. <\/em><\/strong><\/font><\/span><span goog_docs_charIndex=\"7272\" style=\"color: black; font-family: Verdana\"><font goog_docs_charIndex=\"7273\" size=\"3\">Wygl\u0105da na to, \u017ce Pan Trojaniak rozgl\u0105da\u0142 si\u0119 za tym kijem ju\u017c od pewnego czasu, a lornetk\u0119 naby\u0142 ju\u017c du\u017co wcze\u015bniej. <\/font><\/span><\/p>\n<p goog_docs_charIndex=\"7395\" style=\"margin: 0in 0in 0pt\" class=\"MsoNormal\"><span goog_docs_charIndex=\"7396\" style=\"color: black; font-family: Verdana\"><font goog_docs_charIndex=\"7397\" size=\"3\">Tadeusz Kropiwnicki <\/font><\/span><\/p>\n<p goog_docs_charIndex=\"7421\" style=\"margin: 0in 0in 0pt\" class=\"MsoNormal\"><span goog_docs_charIndex=\"7422\" style=\"color: black; font-family: Verdana\"><font goog_docs_charIndex=\"7423\" size=\"3\">www.tkrop@ceramika.com <\/font><\/span><\/p>\n","protected":false},"excerpt":{"rendered":"<p>Ogromnie si\u0119 ciesz\u0119, \u017ce kto\u015b, w tym wypadku Pan Tadeusz K. podzieli\u0142 si\u0119 z Internautami tak ciep\u0142\u0105 informacj\u0105 na m\u00f3j temat i wyst\u0105pi\u0142 z poparciem moich tez i obron\u0105 mojej osoby. Dziekuj\u0119. Poni\u017cej tekst listu, jaki zosta\u0142 wys\u0142any do mnie i Pana Stanis\u0142awa Trojaniaka:<\/p>\n","protected":false},"author":2,"featured_media":0,"comment_status":"open","ping_status":"open","sticky":false,"template":"","format":"standard","meta":[],"categories":[3],"tags":[],"_links":{"self":[{"href":"https:\/\/sporek.com\/blog\/index.php?rest_route=\/wp\/v2\/posts\/98"}],"collection":[{"href":"https:\/\/sporek.com\/blog\/index.php?rest_route=\/wp\/v2\/posts"}],"about":[{"href":"https:\/\/sporek.com\/blog\/index.php?rest_route=\/wp\/v2\/types\/post"}],"author":[{"embeddable":true,"href":"https:\/\/sporek.com\/blog\/index.php?rest_route=\/wp\/v2\/users\/2"}],"replies":[{"embeddable":true,"href":"https:\/\/sporek.com\/blog\/index.php?rest_route=%2Fwp%2Fv2%2Fcomments&post=98"}],"version-history":[{"count":0,"href":"https:\/\/sporek.com\/blog\/index.php?rest_route=\/wp\/v2\/posts\/98\/revisions"}],"wp:attachment":[{"href":"https:\/\/sporek.com\/blog\/index.php?rest_route=%2Fwp%2Fv2%2Fmedia&parent=98"}],"wp:term":[{"taxonomy":"category","embeddable":true,"href":"https:\/\/sporek.com\/blog\/index.php?rest_route=%2Fwp%2Fv2%2Fcategories&post=98"},{"taxonomy":"post_tag","embeddable":true,"href":"https:\/\/sporek.com\/blog\/index.php?rest_route=%2Fwp%2Fv2%2Ftags&post=98"}],"curies":[{"name":"wp","href":"https:\/\/api.w.org\/{rel}","templated":true}]}}