{"id":99,"date":"2008-10-01T14:40:28","date_gmt":"2008-10-01T18:40:28","guid":{"rendered":"http:\/\/sporek.com\/blog\/?p=99"},"modified":"2008-10-08T14:21:02","modified_gmt":"2008-10-08T18:21:02","slug":"uderz-w-stol3","status":"publish","type":"post","link":"https:\/\/sporek.com\/blog\/?p=99","title":{"rendered":"Uderz w st\u00f3\u0142&#8230;3"},"content":{"rendered":"<p goog_docs_charIndex=\"18\" style=\"margin: 0in 0in 0pt\" class=\"MsoNormal\"><span goog_docs_charIndex=\"19\" style=\"color: black; font-family: Verdana\"><font goog_docs_charIndex=\"20\">No, c\u00f3\u017c. Polemika trwa, ale przyrzekam, \u017ce to ju\u017c ostatni jej odcinek. Wyrzuci\u0142em wszystkie adresy, na kt\u00f3re zosta\u0142 ten poni\u017cszy \u201elist\u201d wys\u0142any z szacunku do prywatno<\/font><\/span><span goog_docs_charIndex=\"189\" style=\"color: black; font-family: Arial\"><font goog_docs_charIndex=\"190\" face=\"Verdana\">\u015bci adresat\u00f3w. Dziwi mnie natomiast niezmiernie, \u017ce Pan Trojaniak zawiadamia o tym p\u00f3\u0142 Polski i to w sferach rz\u0105dowo-ko\u015bcielno-medialno-prywatnych, co zmusza do zastanowienia. <!--more-->W adresach jest i Episkopat i Senat i Geneva, Euro-pos\u0142owie, jaki<span goog_docs_charIndex=\"189\" style=\"color: black; font-family: Arial\"><font goog_docs_charIndex=\"190\" face=\"Verdana\">\u015b<\/font><\/span> sekretariat wojskowy\u00a0i Pan B\u00f3g raczy wiedzie<font face=\"Arial\">\u0107, kto jeszcze. P<\/font>o co? To naprawd\u0119 m\u00f3wi samo za siebie. Nie oczekiwa\u0142em przeprosin, bo jako\u015b podsk\u00f3rnie nie s\u0105dzi\u0142em, \u017ce Stasia na to sta\u0107. Jakie\u017c moje zaskoczenie! Przeprosi\u0142&#8230;za przecinki. Ja, niestety nie mam czasu na kontynuowanie tego spektaklu, no&#8230;chyba, \u017ce wydarzy si\u0119 co\u015b istotnie wartego przedrukowania. <\/font><\/span><span goog_docs_charIndex=\"632\" style=\"color: black; font-family: Verdana\"><\/span><\/p>\n<p goog_docs_charIndex=\"634\" style=\"margin: 0in 0in 0pt\" class=\"MsoNormal\"><span goog_docs_charIndex=\"635\" style=\"color: black; font-family: Verdana\"><\/span><\/p>\n<p goog_docs_charIndex=\"637\" style=\"margin: 0in 0in 0pt\" class=\"MsoNormal\"><span goog_docs_charIndex=\"638\" style=\"color: black; font-family: Verdana\"><font goog_docs_charIndex=\"639\">Poni\u017cej odpowied\u017a na to,\u00a0w &#8222;Uderz st\u00f3\u0142&#8230;2&#8221;, czyli na list Pana Tadeusza\u00a0K.<\/font><\/span><\/p>\n<p goog_docs_charIndex=\"637\" style=\"margin: 0in 0in 0pt\" class=\"MsoNormal\"><span goog_docs_charIndex=\"638\" style=\"color: black; font-family: Verdana\">Zosta\u0142em, jak przysta\u0142o na g\u0142\u00f3wnego &#8222;bohatera&#8221;\u00a0zaszczycony wreszcie\u00a0kilkoma zdaniami w &#8222;PS&#8221;, przy czym zar\u0119czam, \u017ce Pana Tadeusza Kropiwnickiego znam tylko z faktu, \u017ce si\u0119 pod swoim listem podpisa\u0142. <\/span><\/p>\n<p goog_docs_charIndex=\"637\" style=\"margin: 0in 0in 0pt\" class=\"MsoNormal\"><span goog_docs_charIndex=\"638\" style=\"color: black; font-family: Verdana\">Nie b\u0119d\u0119 ju\u017c komentowa\u0142, ani odpowiada\u0142. Jak m\u00f3wi\u0105 Piasecki i Rewi\u0144ski: &#8222;Szkoda gada\u0107&#8221;.<\/span><\/p>\n<p goog_docs_charIndex=\"637\" style=\"margin: 0in 0in 0pt\" class=\"MsoNormal\"><span goog_docs_charIndex=\"638\" style=\"color: black; font-family: Verdana\">Jedno jest w poni\u017cszych wypowiedziach Stasia pozytywne: w ko\u0144cu potwierdzi\u0142, \u017ce red. Michalkiewicz nie zosta\u0142 dopuszczony; cytuj\u0119: <span goog_docs_charIndex=\"3343\" style=\"color: black; font-family: Arial\"><font goog_docs_charIndex=\"3344\" size=\"2\"><em>Ja stanley,stanis\u0142aw trojaniak szanuje Pana\u00a0 Michalkiewicza i nie wiem dlaczego nie zosta\u0142 dopuszczony do wspomnianego\u00a0 programu.<\/em><\/font><\/span><\/span><\/p>\n<p goog_docs_charIndex=\"637\" style=\"margin: 0in 0in 0pt\" class=\"MsoNormal\"><span goog_docs_charIndex=\"638\" style=\"color: black; font-family: Verdana\"><span goog_docs_charIndex=\"3343\" style=\"color: black; font-family: Arial\"><\/span><\/span><span goog_docs_charIndex=\"638\" style=\"color: black; font-family: Verdana\"><span goog_docs_charIndex=\"3343\" style=\"color: black; font-family: Arial\"><font face=\"Verdana\">I o to chodzi\u0142o, Stasiu. A na m\u00f3j artyku\u0142 powinni odpowiedzie\u0107 ci, kt\u00f3rzy podj\u0119li tak\u0105 decyzj\u0119. Ty natomiast pokaza\u0142e\u015b, \u017ce po katolicku potrafisz naobra\u017ca\u0107, a poniewa\u017c zrobi\u0142e\u015b to\u00a0publicznie, nie dziw si\u0119, \u017ce sprawa ma, czy te\u017c b\u0119dzie mia\u0142a ci\u0105g dalszy.<\/font><\/span><\/span><\/p>\n<p goog_docs_charIndex=\"637\" style=\"margin: 0in 0in 0pt\" class=\"MsoNormal\"><span goog_docs_charIndex=\"638\" style=\"color: black; font-family: Verdana\"><span goog_docs_charIndex=\"3343\" style=\"color: black; font-family: Arial\"><font face=\"Verdana\">&#8212;&#8212;&#8212;&#8211;<\/font><\/span><\/span><\/p>\n<p goog_docs_charIndex=\"637\" style=\"margin: 0in 0in 0pt\" class=\"MsoNormal\"><span goog_docs_charIndex=\"638\" style=\"color: black; font-family: Verdana\"><span goog_docs_charIndex=\"3343\" style=\"color: black; font-family: Arial\"><\/span><\/span><\/p>\n<p goog_docs_charIndex=\"637\" style=\"margin: 0in 0in 0pt\" class=\"MsoNormal\"><span goog_docs_charIndex=\"638\" style=\"color: black; font-family: Verdana\"><span goog_docs_charIndex=\"3343\" style=\"color: black; font-family: Arial\"><\/span><\/span><\/p>\n<p goog_docs_charIndex=\"637\" style=\"margin: 0in 0in 0pt\" class=\"MsoNormal\"><span goog_docs_charIndex=\"638\" style=\"color: black; font-family: Verdana\"><span goog_docs_charIndex=\"3343\" style=\"color: black; font-family: Arial\"><\/span><\/span><\/p>\n<p goog_docs_charIndex=\"637\" style=\"margin: 0in 0in 0pt\" class=\"MsoNormal\"><font goog_docs_charIndex=\"939\"><span goog_docs_charIndex=\"953\" style=\"color: black; font-family: Verdana\"><\/span><\/font><\/p>\n<p goog_docs_charIndex=\"1001\" style=\"margin: 0in 0in 0pt\" class=\"MsoNormal\"><span goog_docs_charIndex=\"1002\" style=\"color: #3333ff; font-family: Verdana\"><a goog_docs_charIndex=\"1003\" target=\"frameMiddle\"><\/a><\/span><\/p>\n<p goog_docs_charIndex=\"1008\" style=\"margin: 0in 0in 0pt\" class=\"MsoNormal\"><span goog_docs_charIndex=\"1009\" style=\"color: black; font-family: Verdana\"><\/span><\/p>\n<p goog_docs_charIndex=\"1008\" style=\"margin: 0in 0in 0pt\" class=\"MsoNormal\"><span goog_docs_charIndex=\"1009\" style=\"color: black; font-family: Verdana\"><font goog_docs_charIndex=\"1010\" size=\"2\">From: &#8222;STANLEY TROJANIAK&#8221; &lt;stanley@radiorytm.com&gt;<\/font><\/span><\/p>\n<p goog_docs_charIndex=\"1063\" style=\"margin: 0in 0in 0pt\" class=\"MsoNormal\"><span goog_docs_charIndex=\"1064\" style=\"color: black; font-family: Verdana\"><font goog_docs_charIndex=\"1065\" size=\"2\">To: &#8222;felixdekansky<\/font><\/span><span goog_docs_charIndex=\"1086\" style=\"color: black; font-family: Verdana\"><font goog_docs_charIndex=\"1087\" size=\"2\">&#8221; <\/font><\/span><span goog_docs_charIndex=\"2235\" style=\"color: black; font-family: Verdana\"><font goog_docs_charIndex=\"2236\" size=\"2\">Cc: stanley@radiorytm.com@unspecified-domain,janusz<\/font><\/span><span goog_docs_charIndex=\"2290\" style=\"color: black; font-family: Verdana\"><font goog_docs_charIndex=\"2291\" size=\"2\">sporek<\/font><\/span><span goog_docs_charIndex=\"2300\" style=\"color: black; font-family: Verdana\"><font goog_docs_charIndex=\"2301\" size=\"2\">@unspecified-domain<\/font><\/span><\/p>\n<p goog_docs_charIndex=\"2324\" style=\"margin: 0in 0in 0pt\" class=\"MsoNormal\"><span goog_docs_charIndex=\"2325\" style=\"color: black; font-family: Verdana\"><font goog_docs_charIndex=\"2326\" size=\"2\">Date: Mon Sep 29 <\/font><\/span><span goog_docs_charIndex=\"2346\" style=\"color: black; font-family: Verdana\"><font goog_docs_charIndex=\"2347\" size=\"2\">21:22:53 CDT<\/font><\/span><span goog_docs_charIndex=\"2362\" style=\"color: black; font-family: Verdana\"><font goog_docs_charIndex=\"2363\" size=\"2\"> 2008<\/font><\/span><\/p>\n<p goog_docs_charIndex=\"2372\" style=\"margin: 0in 0in 0pt\" class=\"MsoNormal\"><span goog_docs_charIndex=\"2373\" style=\"color: black; font-family: Verdana\"><font goog_docs_charIndex=\"2374\" size=\"2\">Subject: Re: Fwd: Fwd: Odpowiedz na list St. Trojaniaka<\/font><\/span><\/p>\n<p goog_docs_charIndex=\"2433\" style=\"margin: 0in 0in 0pt\" class=\"MsoNormal\">&nbsp;<\/p>\n<p goog_docs_charIndex=\"2438\" style=\"margin: 0in 0in 0pt\" class=\"MsoNormal\"><span goog_docs_charIndex=\"2439\" style=\"color: black; font-family: Verdana\"><font goog_docs_charIndex=\"2440\" size=\"3\">\ufeff<\/font><\/span><span goog_docs_charIndex=\"2445\" style=\"color: black; font-family: Arial\"><font goog_docs_charIndex=\"2446\" size=\"2\">Szanowny Panie Tadeuszu K.(tak si\u0119 Pan\u00a0 podpisa\u0142), <\/font><\/span><\/p>\n<p goog_docs_charIndex=\"2501\" style=\"margin: 0in 0in 0pt\" class=\"MsoNormal\"><span goog_docs_charIndex=\"2502\" style=\"color: black; font-family: Arial\"><font goog_docs_charIndex=\"2503\" size=\"2\">&#8222;<\/font><\/span><strong goog_docs_charIndex=\"2508\"><span goog_docs_charIndex=\"2509\" style=\"color: black; font-family: Arial\"><font goog_docs_charIndex=\"2510\" size=\"2\">Stanley Trojaniak<\/font><\/span><\/strong><strong goog_docs_charIndex=\"2531\"><span goog_docs_charIndex=\"2532\" style=\"color: black; font-family: Arial\"><font goog_docs_charIndex=\"2533\" size=\"2\"> na us\u0142ugach <\/font><\/span><\/strong><span goog_docs_charIndex=\"2550\" style=\"color: black; font-family: Arial\"><font goog_docs_charIndex=\"2551\" size=\"2\">&#8222;,-\u00a0to bardzo nie pasuje do ca\u0142okszta\u0142tu Pa\u0144skiego dzie\u0142a jakie Pan\u00a0 opisa\u0142. <\/font><\/span><\/p>\n<p goog_docs_charIndex=\"2633\" style=\"margin: 0in 0in 0pt\" class=\"MsoNormal\"><span goog_docs_charIndex=\"2634\" style=\"color: black; font-family: Arial\"><font goog_docs_charIndex=\"2635\" size=\"2\">Ja naprwd\u0119 pisz\u0105c do &#8222;grupy&#8221;do jakiej nale\u017cy Pan\u00a0 Janusz Sporek nie planowa\u0142em jak to Pan pi\u0119knie i stylistycznie pisze &#8222;plu\u0107&#8221;po\u00a0 nikim, to nie m\u00f3j styl, za to zrobi\u0142 to Pan pisz\u0105c ca\u0142\u0105 tre\u015b\u0107 z pi\u0119knym\u00a0 tytu\u0142em(&#8230;),Podkre\u015blaj\u0105c Pana J. Sporka jako diament, cz\u0142owiek-instytucja, a\u00a0 mnie Pan tak samo jak zrobi\u0142 to Pan Sporek komu\u015b innemu oceni\u0142, os\u0105dzi\u0142 i \u0142adnie\u00a0 nazwa\u0142 a sprawy merytoryczne pomin\u0105\u0142, gratuje Panu przyk\u0142adneko religijnego\u00a0 Polaka i oczywi\u015bcie znakomitego pi\u00f3ra, (ja nie mog\u0119 si\u0119 takowym\u00a0 pochwali\u0107).\u00a0 <\/font><\/span><span goog_docs_charIndex=\"3159\" style=\"color: black; font-family: Arial\"><font goog_docs_charIndex=\"3160\" size=\"2\">Je\u015bli Panu chodzi o to &#8222;sito&#8221;w jakim mnie Pan\u00a0 przecedzi\u0142 (to \u015bwiadczy o mi\u0142o\u015bci do bli\u017cniego, w tym przypadku nie\u00a0 znanego) to ja Panu troch\u0119 o sobie i moich pogl\u0105dach. <\/font><\/span><\/p>\n<p goog_docs_charIndex=\"3334\" style=\"margin: 0in 0in 0pt\" class=\"MsoNormal\"><span goog_docs_charIndex=\"3343\" style=\"color: black; font-family: Arial\"><font goog_docs_charIndex=\"3344\" size=\"2\">Ja stanley,stanis\u0142aw trojaniak szanuje Pana\u00a0 Michalkiewicza i nie wiem dlaczego nie zosta\u0142 dopuszczony do wspomnianego\u00a0 programu. <\/font><\/span><span goog_docs_charIndex=\"3480\" style=\"color: black; font-family: Arial\"><font goog_docs_charIndex=\"3481\" size=\"2\">Na Pana Premiera Tuska nie g\u0142osowa\u0142em ani na jego\u00a0 POparti\u0119, i \u017cadnych kontakt\u00f3w z t\u0105 &#8222;band\u0105&#8221; nie utrzymuje, by\u0142em na jednym\u00a0 spotkaniu w celu zadania pyta\u0144, ale malu\u0107zkich nie dopu\u015bcili(Pan Sporek zada\u0142\u00a0 par\u0119). <\/font><\/span><span goog_docs_charIndex=\"3698\" style=\"color: black; font-family: Arial\"><font goog_docs_charIndex=\"3699\" size=\"2\">Prezesa KPA Pana Franka Sp\u00f3\u0142\u0119 szanuje i i wierz\u0119 w\u00a0 Jego dba\u0142o\u015b\u0107 o dobro dla naszej spo\u0142eczno\u015bci. <\/font><\/span><span goog_docs_charIndex=\"3802\" style=\"color: black; font-family: Arial\"><font goog_docs_charIndex=\"3803\" size=\"2\">Na konwencji KPA Nie g\u0142osowa\u0142em przeciwko\u00a0 lustracji, tylko przeciwko niekonstytucyjnie napisanej do niej rezolucji,\u00a0 (lustracja i sprawy dekomunizacji to ponad 2-letni temat wniosku z <\/font><strong goog_docs_charIndex=\"3990\">KPA New Jersey wydzia\u0142 p\u00f3\u0142nocny <\/strong><font goog_docs_charIndex=\"4024\" size=\"2\">do kt\u00f3rego to ja nale\u017c\u0119 i sam\u00a0 by\u0142em i jeste wsp\u00f3\u0142autorem, tylko &#8222;cwaniacy&#8221; wnioskiem pokr\u0119cili i robi\u0105 boo..\u00a0 m\u00f3zg\u00f3w, prosz\u0119 sprawdzi\u0107 w raportach KPA). <\/font><\/span><span goog_docs_charIndex=\"4183\" style=\"color: black; font-family: Arial\"><font goog_docs_charIndex=\"4184\" size=\"2\">Nie wsp\u00f3\u0142pracowa\u0142em z SB ani nie nale\u017ca\u0142em w Polsce\u00a0 do \u017cadnej komunistycznej partii, jestem w Stanach od 1983r.(przyjecha\u0142em do\u00a0 rodziny na pobyt sta\u0142y). <\/font><\/span><\/p>\n<p goog_docs_charIndex=\"4343\" style=\"margin: 0in 0in 0pt\" class=\"MsoNormal\"><span goog_docs_charIndex=\"4344\" style=\"color: black; font-family: Arial\"><font goog_docs_charIndex=\"4345\" size=\"2\">Bogiem ani \u015bwi\u0119to\u015bciami si\u0119 nie podpieram, ja\u00a0 poprostu wierze w Boga, -no i \u015bwi\u0119tym nie jestem. <\/font><\/span><span goog_docs_charIndex=\"4447\" style=\"color: black; font-family: Arial\"><font goog_docs_charIndex=\"4448\" size=\"2\">S\u0142owa zazdro\u015b\u0107 (nie cytuje wiele innych\u00a0 Pa\u0144skich) nie u\u017cywam, gdy\u017c s\u0105 mi obce. <\/font><\/span><span goog_docs_charIndex=\"4533\" style=\"color: black; font-family: Arial\"><font goog_docs_charIndex=\"4534\" size=\"2\">Nikogo nigdy nie os\u0105dzam gdy\u017c nie jestem\u00a0 s\u0119dzi\u0105 ,a sam chc\u0119 by\u0107 os\u0105dzony przez s\u0119dzie Najwy\u017cszego, tylko On ma takie\u00a0 prawo. <\/font><\/span><span goog_docs_charIndex=\"4665\" style=\"color: black; font-family: Arial\"><font goog_docs_charIndex=\"4666\" size=\"2\">Na przys\u0142owia, obce has\u0142a, czy powiedzenia si\u0119\u00a0 niepowo\u0142uj\u0119, (czasem w \u017cartach je cytuj\u0119). <\/font><\/span><span goog_docs_charIndex=\"4762\" style=\"color: black; font-family: Arial\"><font goog_docs_charIndex=\"4763\" size=\"2\">Nie posiadam (dzi\u0119ki komunie z kt\u00f3r\u0105 walczy\u0142em i\u00a0 walcz\u0119) \u017cadnej uczelni Dyplomu,\u00a0 i dlatego nie przeprano mi\u00a0 m\u00f3zgu. <\/font><\/span><span goog_docs_charIndex=\"4886\" style=\"color: black; font-family: Arial\"><font goog_docs_charIndex=\"4887\" size=\"2\">Swoistej polsko\u015bci nie nadu\u017cywam, a na\u00a0 przecinki, kropki, czy inne drobne b\u0142\u0119dy stawiam drugorz\u0119dnie w merytorium\u00a0 spraw(nie pisa\u0142em w tym e-mailu pracy naukowej) <\/font><\/span><span goog_docs_charIndex=\"5056\" style=\"color: black; font-family: Arial\"><font goog_docs_charIndex=\"5057\" size=\"2\">Mam za sob\u0105 50-letni\u0105 szko\u0142\u0119 \u017cycia, troch\u0119\u00a0 osi\u0105gni\u0119\u0107, pracy spo\u0142ecznej, zawodowej, zawsze reaguje na z\u0142o i broni\u0119\u00a0 prawdy o ile mam dowody. <\/font><\/span><span goog_docs_charIndex=\"5203\" style=\"color: black; font-family: Arial\"><font goog_docs_charIndex=\"5204\" size=\"2\">Nie czyni\u0119 stara\u0144 i nie my\u015bl\u0119 czy Polonia to\u00a0 co robi\u0119 doceni(ju\u017c wiele razy Sama doceni\u0142a) .<\/font><\/span><span goog_docs_charIndex=\"5303\" style=\"color: black; font-family: Arial\"><font goog_docs_charIndex=\"5304\" size=\"2\">Je\u015bli nie\u015bwiadomie obra\u017c\u0119 to przepraszam i staram\u00a0 si\u0119 zado\u015b\u0107uczyni\u0107. <\/font><\/span><span goog_docs_charIndex=\"5379\" style=\"color: black; font-family: Arial\"><font goog_docs_charIndex=\"5380\" size=\"2\">Pana Janusza Sporka nie oplu\u0142em nie\u00a0 zaatakowa\u0142em(cytuje Pana) tak jak On to zrobi\u0142 innym, tylko zada\u0142em mu\u00a0 kilka pyta\u0144 i zwr\u00f3ci\u0142em Mu uwag\u0119 na konkretne zarzuty i nies\u0142uszne os\u0105dy, a w\u00a0 Jego repo\u015bcie On sam nie odpowiedzia\u0142 na pytania pomin\u0105\u0142\u00a0 merytorium spraw,\u00a0 a sam podkre\u015bli\u0142 swoj\u0105 INTELIGENCJ\u0118, osiagni\u0119cia ( ja je szanuj\u0119 i\u00a0 doceniam) i chyba w po\u015bpiechu zagubi\u0142 ca\u0142y w\u0105tek wypominaj\u0105c mi wiele\u00a0 zarzut\u00f3w, kt\u00f3rych nie warto powtarza\u0107. <\/font><\/span><span goog_docs_charIndex=\"5828\" style=\"color: black; font-family: Arial\"><font goog_docs_charIndex=\"5829\" size=\"2\">Panu Panie Tadeuszu K. na koniec podziekuje za\u00a0 lawine Pa\u0144skich s\u0142\u00f3w, zda\u0144, one dla ka\u017cdego normalniemy\u015bl\u0105cego s\u0105\u00a0 samokrytyczne( tyle Pan o mnie wie a ja Pana nie znam, wypomnia\u0142 mi Pan moj\u0105\u00a0 Polsko\u015b\u0107,-tak moi przodkowie ponad 400 lat temu za\u0142o\u017cyli kiedy\u015b osad\u0119 na Podhalu\u00a0 w Polsce, a dzisiaj wiosk\u0119 -Piekielnik, dziadek J\u00f3zef walczy\u0142 od pierwszych dni\u00a0 o Posk\u0119 podczas 2-ej wojny kiedy inni tch\u00f3rzyli, a drugiego dziadka\u00a0 Fra\u0144ciszka zamordowali gdy\u017c nie wyda\u0142 bliskich). <\/font><\/span><\/p>\n<p goog_docs_charIndex=\"6307\" style=\"margin: 0in 0in 0pt\" class=\"MsoNormal\"><span goog_docs_charIndex=\"6308\" style=\"color: black; font-family: Arial\"><font goog_docs_charIndex=\"6309\" size=\"2\">Przepraszam Pana i Pana Sporka za brak przecink\u00f3w,\u00a0 kropek i b\u0142\u0119dy, i o\u015bwiadczam \u017ce nie mia\u0142em ani nie mam innego podtekstu jak\u00a0 tylko zwr\u00f3cenie uwagi na populistyczne pogrywki, i my\u015bl\u0119 \u017ce gdybym to nie ja to\u00a0 pewnie nikt by si\u0119 nie odwa\u017cy\u0142 zareagowa\u0107(Grupa adresat\u00f3w Pana Sporka by\u0142a dla\u00a0 mnie publicznie trudno-dost\u0119pna).\u00a0\u00a0 <\/font><\/span><\/p>\n<p goog_docs_charIndex=\"6639\" style=\"margin: 0in 0in 0pt\" class=\"MsoNormal\"><span goog_docs_charIndex=\"6640\" style=\"color: black; font-family: Verdana\"><font goog_docs_charIndex=\"6641\" size=\"3\">\u00a0 <\/font><\/span><\/p>\n<p goog_docs_charIndex=\"6647\" style=\"margin: 0in 0in 0pt\" class=\"MsoNormal\"><span goog_docs_charIndex=\"6648\" style=\"color: black; font-family: Arial\"><font goog_docs_charIndex=\"6649\" size=\"2\">Ps. <\/font><\/span><\/p>\n<p goog_docs_charIndex=\"6657\" style=\"margin: 0in 0in 0pt\" class=\"MsoNormal\"><span goog_docs_charIndex=\"6658\" style=\"color: black; font-family: Arial\"><font goog_docs_charIndex=\"6659\" size=\"2\">Janusz, tak jak pisz\u0119 do Twojego kolegi tak i\u00a0 Ciebie prosz\u0119 o troch\u0119 powagi, wypominasz mi r\u00f3\u017cne zarzuty;nie otrzyma\u0142em nigdy\u00a0 Twojego tekstu wspomnianego listu,podkre\u015blasz rzekom\u0105 blisk\u0105 znajomo\u015b\u0107 z O.\u00a0 Hejmo(zna\u0142em Go tylko z oczywistych wizyt u \u015aw. Pami\u0119ci Ojca \u015awi\u0119tego\u00a0 i nigdy nie musia\u0142em u O.zabiega\u0107 o audi\u0119cje cho\u0107 bywa\u0142em tam wiele\u00a0 razy),opisujesz pow\u00f3d Twojego rozej\u015bcia si\u0119 z Radiem Rytm, m\u00f3wi\u0142e\u015b mi co\u015b innego\u00a0 i wiesz jak by\u0142o naprawd\u0119, nie wiem dlaczego tak \u017ca\u0142ujesz \u017ce zamiast\u00a0 stanis\u0142aw w USA do mnie zwracaj\u0105 si\u0119 stanley, mnie to nie przeszkadza dlaczego\u00a0 Tobie?,czy to przystoi tak prywatnie &#8222;\u017ca\u0142owa\u0107&#8221; komu\u015b, przecie\u017c jeszcze \u017cyj\u0119,\u00a0 podkre\u015blasz swoj\u0105 wy\u017cszo\u015b\u0107 inteligencji -tego nie trzeba podkre\u015bla\u0107 to si\u0119\u00a0 ma, &#8230;uczysz zasad pisania i stawiasz oceny&#8221;dw\u00f3je&#8221; a ja nie jestem\u00a0 polonist\u0105, ale za to dobrze licz\u0119-chcesz sprawdzi\u0107?, po co poruszy\u0142e\u015b ten temat?\u00a0 nie przewidzia\u0142e\u015b \u017ce &#8222;no\u017cyce mog\u0105 si\u0119 otworzy\u0107?&#8221; dlaczego nie\u00a0 odpowiedzia\u0142e\u015b na pytania\/, czy boisz si\u0119 kompromitacji?, nawet wielcy si\u0119 myl\u0105\u00a0 wi\u0119c nie masz nic do stracenia. <\/font><\/span><\/p>\n<p goog_docs_charIndex=\"7722\" style=\"margin: 0in 0in 0pt\" class=\"MsoNormal\"><span goog_docs_charIndex=\"7731\" style=\"color: black; font-family: Arial\"><font goog_docs_charIndex=\"7732\" size=\"2\">Z uznaniem. stanley, stanis\u0142aw trojaniak,\u00a0 pozdrawiam wszystkich i przepraszam za niedoci\u0105gni\u0119cia. <\/font><\/span><\/p>\n<p goog_docs_charIndex=\"7835\" style=\"margin: 0in 0in 0pt\" class=\"MsoNormal\"><span goog_docs_charIndex=\"7836\" style=\"color: black; font-family: Verdana\"><font goog_docs_charIndex=\"7837\" size=\"3\">\u00a0 <\/font><\/span><\/p>\n<p goog_docs_charIndex=\"7843\" style=\"margin: 0in 0in 0pt\" class=\"MsoNormal\"><span goog_docs_charIndex=\"7844\" style=\"color: black; font-family: Verdana\"><font goog_docs_charIndex=\"7845\" size=\"3\">\u00a0 <\/font><\/span><\/p>\n<p goog_docs_charIndex=\"7851\" style=\"margin: 0in 0in 0pt\" class=\"MsoNormal\"><span goog_docs_charIndex=\"7852\" style=\"color: black; font-family: Verdana\"><font goog_docs_charIndex=\"7853\" size=\"3\">\u00a0 <\/font><\/span><\/p>\n<p goog_docs_charIndex=\"7859\" style=\"margin: 0in 0in 0pt\" class=\"MsoNormal\"><span goog_docs_charIndex=\"7860\" style=\"color: black; font-family: Verdana\"><font goog_docs_charIndex=\"7861\" size=\"3\">\u00a0 <\/font><\/span><\/p>\n<p goog_docs_charIndex=\"7867\" style=\"margin: 0in 0in 0pt\" class=\"MsoNormal\"><span goog_docs_charIndex=\"7868\" style=\"color: black; font-family: Verdana\"><font goog_docs_charIndex=\"7869\" size=\"3\">\u00a0 <\/font><\/span><\/p>\n<p goog_docs_charIndex=\"7875\" style=\"margin: 0in 0in 0pt\" class=\"MsoNormal\"><span goog_docs_charIndex=\"7876\" style=\"color: black; font-family: Verdana\"><font goog_docs_charIndex=\"7877\" size=\"3\">\u00a0 <\/font><\/span><\/p>\n<p goog_docs_charIndex=\"7883\" style=\"margin: 0in 0in 0pt\" class=\"MsoNormal\"><span goog_docs_charIndex=\"7884\" style=\"color: black; font-family: Verdana\"><font goog_docs_charIndex=\"7885\" size=\"3\">\u00a0 <\/font><\/span><\/p>\n<p><br goog_docs_charIndex=\"7891\" \/><\/p>\n","protected":false},"excerpt":{"rendered":"<p>No, c\u00f3\u017c. Polemika trwa, ale przyrzekam, \u017ce to ju\u017c ostatni jej odcinek. Wyrzuci\u0142em wszystkie adresy, na kt\u00f3re zosta\u0142 ten poni\u017cszy \u201elist\u201d wys\u0142any z szacunku do prywatno\u015bci adresat\u00f3w. Dziwi mnie natomiast niezmiernie, \u017ce Pan Trojaniak zawiadamia o tym p\u00f3\u0142 Polski i to w sferach rz\u0105dowo-ko\u015bcielno-medialno-prywatnych, co zmusza do zastanowienia.<\/p>\n","protected":false},"author":2,"featured_media":0,"comment_status":"open","ping_status":"open","sticky":false,"template":"","format":"standard","meta":[],"categories":[3],"tags":[],"_links":{"self":[{"href":"https:\/\/sporek.com\/blog\/index.php?rest_route=\/wp\/v2\/posts\/99"}],"collection":[{"href":"https:\/\/sporek.com\/blog\/index.php?rest_route=\/wp\/v2\/posts"}],"about":[{"href":"https:\/\/sporek.com\/blog\/index.php?rest_route=\/wp\/v2\/types\/post"}],"author":[{"embeddable":true,"href":"https:\/\/sporek.com\/blog\/index.php?rest_route=\/wp\/v2\/users\/2"}],"replies":[{"embeddable":true,"href":"https:\/\/sporek.com\/blog\/index.php?rest_route=%2Fwp%2Fv2%2Fcomments&post=99"}],"version-history":[{"count":0,"href":"https:\/\/sporek.com\/blog\/index.php?rest_route=\/wp\/v2\/posts\/99\/revisions"}],"wp:attachment":[{"href":"https:\/\/sporek.com\/blog\/index.php?rest_route=%2Fwp%2Fv2%2Fmedia&parent=99"}],"wp:term":[{"taxonomy":"category","embeddable":true,"href":"https:\/\/sporek.com\/blog\/index.php?rest_route=%2Fwp%2Fv2%2Fcategories&post=99"},{"taxonomy":"post_tag","embeddable":true,"href":"https:\/\/sporek.com\/blog\/index.php?rest_route=%2Fwp%2Fv2%2Ftags&post=99"}],"curies":[{"name":"wp","href":"https:\/\/api.w.org\/{rel}","templated":true}]}}